{"id":53441,"date":"2023-09-27T15:14:43","date_gmt":"2023-09-27T15:14:43","guid":{"rendered":"https:\/\/blog.corretoraideal.com.br\/?p=53441"},"modified":"2023-09-27T15:14:43","modified_gmt":"2023-09-27T15:14:43","slug":"antes-de-reuniao-com-lula-campos-neto-diz-que-governo-deve-insistir-em-metas-fiscais-mesmo-que-nao-as-cumpra-economia-g1","status":"publish","type":"post","link":"https:\/\/blog.corretoraideal.com.br\/index.php\/2023\/09\/27\/antes-de-reuniao-com-lula-campos-neto-diz-que-governo-deve-insistir-em-metas-fiscais-mesmo-que-nao-as-cumpra-economia-g1\/","title":{"rendered":"Antes de reuni\u00e3o com Lula, Campos Neto diz que governo deve insistir em metas fiscais mesmo que n\u00e3o as cumpra | Economia | G1"},"content":{"rendered":"\n<ul>\n<li>\n<p> Campos Neto participou de uma audi\u00eancia p\u00fablica na Comiss\u00e3o de Finan\u00e7as da C\u00e2mara <\/p>\n<\/li>\n<li>\n<p> Nesta quarta, presidente do BC se reunir\u00e1 com Lula e com o ministro da Fazenda, Fernando Haddad <\/p>\n<\/li>\n<li>\n<p> Encontro ocorre ap\u00f3s uma s\u00e9rie de cr\u00edticas feitas pelo presidente da Rep\u00fablica a Campos Neto <\/p>\n<\/li>\n<li>\n<p> Governo tem encontrado dificuldade para aumentar receitas e equilibrar contas p\u00fablicas <\/p>\n<\/li>\n<li>\n<p> Para Campos Neto, dificuldade \u00e9 compreens\u00edvel, mas \u00e9 importante o governo persistir no atingimento de metas, ainda que n\u00e3o consiga cumpri-las <\/p>\n<\/li>\n<\/ul>\n<p> Campos Neto participou de uma audi\u00eancia p\u00fablica na Comiss\u00e3o de Finan\u00e7as da C\u00e2mara <\/p>\n<p> Nesta quarta, presidente do BC se reunir\u00e1 com Lula e com o ministro da Fazenda, Fernando Haddad <\/p>\n<p> Encontro ocorre ap\u00f3s uma s\u00e9rie de cr\u00edticas feitas pelo presidente da Rep\u00fablica a Campos Neto <\/p>\n<p> Governo tem encontrado dificuldade para aumentar receitas e equilibrar contas p\u00fablicas <\/p>\n<p> Para Campos Neto, dificuldade \u00e9 compreens\u00edvel, mas \u00e9 importante o governo persistir no atingimento de metas, ainda que n\u00e3o consiga cumpri-las <\/p>\n<p>         1 de 1&#013;Roberto Campos Neto, presidente do Banco Central, em audi\u00eancia na C\u00e2mara dos Deputados \u2014 Foto: Zeca Ribeiro\/C\u00e2mara dos Deputados    <\/p>\n<p> Roberto Campos Neto, presidente do Banco Central, em audi\u00eancia na C\u00e2mara dos Deputados \u2014 Foto: Zeca Ribeiro\/C\u00e2mara dos Deputados <\/p>\n<p> O presidente do Banco Central, Roberto Campos Neto, afirmou nesta quarta-feira (27) que \u00e9 importante o governo federal persistir no esfor\u00e7o para <a class href=\"https:\/\/g1.globo.com\/economia\/noticia\/2023\/08\/31\/orcamento-governo-propoe-deficit-zero-em-suas-contas-em-2024.ghtml\">zerar o d\u00e9ficit das contas p\u00fablicas em 2024 \u2013 meta que consta da proposta de or\u00e7amento federal<\/a> \u2013 <strong>mesmo que o objetivo n\u00e3o seja cumprido.<\/strong> <\/p>\n<p> Campos Neto deu a declara\u00e7\u00e3o durante audi\u00eancia p\u00fablica na Comiss\u00e3o de Finan\u00e7as da C\u00e2mara dos Deputados, horas antes de uma reuni\u00e3o que ter\u00e1 com o presidente Luiz In\u00e1cio <a class href=\"https:\/\/g1.globo.com\/politica\/politico\/lula\/\">Lula<\/a> da Silva (PT) e o ministro da Fazenda, <a class href=\"https:\/\/g1.globo.com\/politica\/politico\/fernando-haddad\/\">Fernando Haddad<\/a>. <\/p>\n<p> <a class href=\"https:\/\/g1.globo.com\/politica\/noticia\/2023\/09\/01\/lula-diz-que-juro-ainda-esta-alto-e-volta-a-criticar-campos-neto-se-ele-conversa-com-alguem-nao-e-comigo.ghtml\">Lula tem feito duras cr\u00edticas a Campos Neto<\/a>, sobretudo, \u00e0 condu\u00e7\u00e3o pelo Banco Central da pol\u00edtica monet\u00e1ria e da taxa b\u00e1sica de juros, a Selic. <\/p>\n<p>&quot;Eu acho que o que os agentes econ\u00f4micos v\u00e3o ver \u00e9 qual foi o esfor\u00e7o que o governo teve na dire\u00e7\u00e3o de cumprir a meta&quot;, afirmou o presidente do BC na audi\u00eancia da C\u00e2mara.<\/p>\n<p> Campos Neto lembrou que o <a class href=\"https:\/\/g1.globo.com\/tudo-sobre\/ministerio-da-fazenda\/\">Minist\u00e9rio da Fazenda<\/a> indicou que precisa de &quot;receitas adicionais bastante grandes&quot; para cumprir a meta de d\u00e9ficit zero em suas contas em 2024. <a class href=\"https:\/\/g1.globo.com\/economia\/noticia\/2023\/09\/03\/governo-precisara-de-r-168-bilhoes-a-mais-em-2024-para-fechar-as-contas-especialistas-veem-otimismo-e-meta-distante.ghtml\">Pelas contas da \u00e1rea econ\u00f4mica, seriam necess\u00e1rios R$ 168 bilh\u00f5es em aumento de arrecada\u00e7\u00e3o. <\/a> <\/p>\n<p> Especialistas <a class href=\"https:\/\/g1.globo.com\/economia\/noticia\/2023\/09\/17\/economistas-pedem-ao-governo-maior-enfase-na-reducao-de-gastos-e-indicam-possiveis-cortes.ghtml\">veem a necessidade de corte de gastos para ajudar no equil\u00edbrio das contas<\/a>, mas, segundo o presidente do BC, \u00e9 compreens\u00edvel a dificuldade que os governos t\u00eam de enxugar gastos. <\/p>\n<p> &quot;Apesar de todo mundo entender a dificuldade de atingir a meta e de ser muito dif\u00edcil cortar gastos \u2013 n\u00e3o s\u00f3 agora neste governo, mas estruturalmente tem sido dif\u00edcil cortar gastos \u2013 \u00e9 importante persistir [na meta]. A nossa mensagem \u00e9 de persist\u00eancia, est\u00e1 bem alinhada com o que o ministro Haddad tem dito. A gente acha que esse \u00e9 um caminho bem promissor&quot;, acrescentou Campos Neto. <\/p>\n<p> De acordo com pesquisa realizada pela Secretaria de Pol\u00edtica Econ\u00f4mica (SPE) do Minist\u00e9rio da Fazenda, divulgada em meados deste m\u00eas, <strong>o mercado financeiro acredita que as contas do governo ter\u00e3o um d\u00e9ficit de R$ 83 bilh\u00f5es no ano que vem. <\/strong> <\/p>\n<p>                   <img loading=\"lazy\" decoding=\"async\" class=\"aligncenter size-full wp-image-53443\" src=\"https:\/\/blog.corretoraideal.com.br\/wp-content\/uploads\/2023\/09\/tebet-diz-acreditar-em-meta-de-deficit-zero-1.jpeg\" alt=\"Tebet diz acreditar em meta de d\u00e9ficit zero\" width=\"800\" height=\"400\" \/>      <\/p>\n<p> Tebet diz acreditar em meta de d\u00e9ficit zero <\/p>\n<p><h2>Ata do Copom<\/h2>\n<\/p>\n<p> Na ata da \u00faltima reuni\u00e3o do Comit\u00ea de Pol\u00edtica Monet\u00e1ria (Copom), encontro realizado na semana passada, o BC <a class href=\"https:\/\/g1.globo.com\/economia\/noticia\/2023\/09\/26\/copom-cita-preocupacoes-com-as-contas-publicas-e-ve-como-pouco-provavel-acelerar-ritmo-de-corte-nos-juros.ghtml\">avaliou que as contas p\u00fablicas ainda est\u00e3o entre os fatores que pressionam a infla\u00e7\u00e3o<\/a>. E que \u00e9 &quot;pouco prov\u00e1vel&quot;, no momento atual, promover um ritmo de corte maior na taxa b\u00e1sica de juros da economia. <\/p>\n<p> &quot;O comit\u00ea seguiu avaliando que, entre as possibilidades que justificariam observarmos expectativas de infla\u00e7\u00e3o acima da meta estariam as preocupa\u00e7\u00f5es no \u00e2mbito fiscal [contas p\u00fablicas], receios com a desinfla\u00e7\u00e3o global [demora na queda da infla\u00e7\u00e3o em outros pa\u00edses] e a poss\u00edvel percep\u00e7\u00e3o, por parte de analistas, de que o Copom, ao longo do tempo, poderia se tornar mais leniente no combate \u00e0 infla\u00e7\u00e3o&quot;, informou o Banco Central. <\/p>\n<p> O Copom avaliou, tamb\u00e9m, que h\u00e1 incerteza no mercado, com reflexo na expectativa de infla\u00e7\u00e3o, sobre a &quot;execu\u00e7\u00e3o das medidas de receita e despesas compat\u00edveis com o arcabou\u00e7o e o atingimento das metas fiscais [de zerar o rombo das contas do governo em 2024]&quot;. <\/p>\n<p> &quot;Tendo em conta a import\u00e2ncia da execu\u00e7\u00e3o das metas fiscais j\u00e1 estabelecidas para a ancoragem das expectativas de infla\u00e7\u00e3o e, consequentemente, para a condu\u00e7\u00e3o da pol\u00edtica monet\u00e1ria, o Comit\u00ea refor\u00e7a a import\u00e2ncia da firme persecu\u00e7\u00e3o dessas metas&quot;, acrescentou o BC. <\/p>\n<p><h2>Fundos exclusivos e \u2018offshores\u2019<\/h2>\n<\/p>\n<p> Questionado se possu\u00eda empresas no exterior e fundos exclusivos, o presidente do Banco Central confirmou ter \u201coffshore\u201d, mas n\u00e3o falou sobre fundos exclusivos. <\/p>\n<p> O governo Lula j\u00e1 encaminhou propostas ao Congresso com o objetivo de taxar tanto as empresas no exterior quanto os fundos exclusivos. <\/p>\n<p> \u201cMinhas offshores estavam declaradas no site do Senado no primeiro dia que eu vim para o governo. Eu tenho offshore a 15, 20 anos, tenho tr\u00eas irm\u00e3os que s\u00e3o americanos que moram l\u00e1. Eu n\u00e3o sabia se ia morar aqui ou l\u00e1. O que a regra diz \u00e9 que voc\u00ea nunca mexe na offshore, ou voc\u00ea faz um trust. Quando voc\u00ea faz um trust, voc\u00ea terceiriza a gest\u00e3o. Eu j\u00e1 mostrei todos certificados mostrando que eu nunca movimentei, que tudo estava certinho, e isso tudo j\u00e1 foi resolvido no STF\u201d, declarou. <\/p>\n<p> Sobre os fundos exclusivos, ele afirmou apenas ser a favor de uma taxa\u00e7\u00e3o maior do que a proposta. \u201cEu fui a favor de taxar mais do que inclusive o que voltou dos parlamentares\u201d, disse. Campos Neto tamb\u00e9m afirmou ser favor\u00e1vel \u00e0 taxa\u00e7\u00e3o de recursos mantidos por brasileiros em \u201coffshores\u201d no exterior. <\/p>\n<ul> <\/ul>\n","protected":false},"excerpt":{"rendered":"<p>Campos Neto participou de uma audi\u00eancia p\u00fablica na Comiss\u00e3o de Finan\u00e7as da C\u00e2mara Nesta quarta, presidente do BC se reunir\u00e1 com Lula e com o ministro da Fazenda, Fernando Haddad Encontro ocorre ap\u00f3s uma s\u00e9rie de cr\u00edticas feitas pelo presidente da Rep\u00fablica a Campos Neto Governo tem encontrado dificuldade para aumentar receitas e equilibrar contas [&hellip;]<\/p>\n","protected":false},"author":1,"featured_media":0,"comment_status":"closed","ping_status":"closed","sticky":false,"template":"","format":"standard","meta":{"footnotes":""},"categories":[],"tags":[],"class_list":["post-53441","post","type-post","status-publish","format-standard","hentry"],"_links":{"self":[{"href":"https:\/\/blog.corretoraideal.com.br\/index.php\/wp-json\/wp\/v2\/posts\/53441","targetHints":{"allow":["GET"]}}],"collection":[{"href":"https:\/\/blog.corretoraideal.com.br\/index.php\/wp-json\/wp\/v2\/posts"}],"about":[{"href":"https:\/\/blog.corretoraideal.com.br\/index.php\/wp-json\/wp\/v2\/types\/post"}],"author":[{"embeddable":true,"href":"https:\/\/blog.corretoraideal.com.br\/index.php\/wp-json\/wp\/v2\/users\/1"}],"replies":[{"embeddable":true,"href":"https:\/\/blog.corretoraideal.com.br\/index.php\/wp-json\/wp\/v2\/comments?post=53441"}],"version-history":[{"count":1,"href":"https:\/\/blog.corretoraideal.com.br\/index.php\/wp-json\/wp\/v2\/posts\/53441\/revisions"}],"predecessor-version":[{"id":53444,"href":"https:\/\/blog.corretoraideal.com.br\/index.php\/wp-json\/wp\/v2\/posts\/53441\/revisions\/53444"}],"wp:attachment":[{"href":"https:\/\/blog.corretoraideal.com.br\/index.php\/wp-json\/wp\/v2\/media?parent=53441"}],"wp:term":[{"taxonomy":"category","embeddable":true,"href":"https:\/\/blog.corretoraideal.com.br\/index.php\/wp-json\/wp\/v2\/categories?post=53441"},{"taxonomy":"post_tag","embeddable":true,"href":"https:\/\/blog.corretoraideal.com.br\/index.php\/wp-json\/wp\/v2\/tags?post=53441"}],"curies":[{"name":"wp","href":"https:\/\/api.w.org\/{rel}","templated":true}]}}