{"id":53445,"date":"2023-09-27T17:00:46","date_gmt":"2023-09-27T17:00:46","guid":{"rendered":"https:\/\/blog.corretoraideal.com.br\/?p=53445"},"modified":"2023-09-27T17:00:46","modified_gmt":"2023-09-27T17:00:46","slug":"denuncias-de-stalking-passaram-de-56-mil-casos-no-brasil-em-2022-bom-dia-brasil-g1","status":"publish","type":"post","link":"https:\/\/blog.corretoraideal.com.br\/index.php\/2023\/09\/27\/denuncias-de-stalking-passaram-de-56-mil-casos-no-brasil-em-2022-bom-dia-brasil-g1\/","title":{"rendered":"Den\u00fancias de stalking passaram de 56 mil casos no Brasil em 2022 | Bom Dia Brasil | G1"},"content":{"rendered":"\n<ul>\n<li>\n<p> Mais de 150 casos por dia foram registrados no pa\u00eds em 2022 \u2013 um aumento de 40 casos di\u00e1rios em compara\u00e7\u00e3o com 2021. <\/p>\n<\/li>\n<li>\n<p> Stalking \u00e9 quando uma pessoa n\u00e3o quer ter contato com algu\u00e9m e essa pessoa insiste em abord\u00e1-la. <\/p>\n<\/li>\n<li>\n<p> Pena \u00e9 de 6 meses a 2 anos de pris\u00e3o. Se a pessoa perseguida for mulher, a pena pode chegar a 3 anos. <\/p>\n<\/li>\n<\/ul>\n<p> Mais de 150 casos por dia foram registrados no pa\u00eds em 2022 \u2013 um aumento de 40 casos di\u00e1rios em compara\u00e7\u00e3o com 2021. <\/p>\n<p> Stalking \u00e9 quando uma pessoa n\u00e3o quer ter contato com algu\u00e9m e essa pessoa insiste em abord\u00e1-la. <\/p>\n<p> Pena \u00e9 de 6 meses a 2 anos de pris\u00e3o. Se a pessoa perseguida for mulher, a pena pode chegar a 3 anos. <\/p>\n<p>                   <img loading=\"lazy\" decoding=\"async\" class=\"aligncenter size-full wp-image-53447\" src=\"https:\/\/blog.corretoraideal.com.br\/wp-content\/uploads\/2023\/09\/denuncias-de-stalking-passaram-de-56-mil-casos-no-brasil-em-2022-1.jpeg\" alt=\"Den\u00fancias de stalking passaram de 56 mil casos no Brasil em 2022\" width=\"800\" height=\"400\" \/>      <\/p>\n<p> Den\u00fancias de stalking passaram de 56 mil casos no Brasil em 2022 <\/p>\n<p> As den\u00fancias do crime de stalking aumentaram no pa\u00eds. No ano passado, foram registrados, em m\u00e9dia, mais de 150 casos por dia. S\u00f3 no ano passado, mais de 50 mil mulheres foram v\u00edtimas desse crime em todo o pa\u00eds &#8211; a maioria em S\u00e3o Paulo. <\/p>\n<ul>\n<li><a class href=\"https:\/\/www.whatsapp.com\/channel\/0029Va2ll12AInPbyd8p933r\" target=\"_blank\" rel=\"noopener noreferrer\">\u2705Clique aqui para seguir o novo canal do g1 no WhatsApp<\/a><\/li>\n<\/ul>\n<p> Stalking \u00e9 o crime onde uma pessoa persegue e amea\u00e7a outra, seja pela internet ou pessoalmente. Se a pessoa n\u00e3o quer ter contato com algu\u00e9m e mesmo assim \u00e9 abordada, trata-se de persegui\u00e7\u00e3o. <\/p>\n<p> Em 2021, foram registrados em m\u00e9dia 115 casos di\u00e1rios de persegui\u00e7\u00e3o a mulheres. No ano passado, os registros desse tipo de crime subiram para 155. No total, de janeiro a dezembro, foram mais de 56 mil casos. S\u00e3o Paulo apareceu no topo da lista, com mais de 17 mil casos. Depois aparecem na lista Rio Grande do Sul (5.424), Paran\u00e1 (4.801), Santa Catarina (3.313) e Minas Gerais (3.114). <\/p>\n<p> <strong>Veja tamb\u00e9m <\/strong> <\/p>\n<ul>\n<li><strong>Stalking:<\/strong> <a class href=\"https:\/\/g1.globo.com\/tecnologia\/noticia\/2023\/08\/12\/stalking-como-identificar-e-o-que-fazer-quando-se-e-vitima-de-perseguicao.ghtml\">como identificar e o que fazer quando se \u00e9 v\u00edtima de persegui\u00e7\u00e3o<\/a><\/li>\n<li><strong>V\u00cdDEO: <\/strong><a class href=\"https:\/\/g1.globo.com\/rj\/rio-de-janeiro\/noticia\/2023\/09\/26\/mulher-finge-dormir-e-grava-importunacao-sexual-dentro-de-onibus-suspeito-tenta-fugir-mas-e-preso.ghtml\">mulher finge dormir e grava importuna\u00e7\u00e3o sexual dentro de \u00f4nibus<\/a><\/li>\n<\/ul>\n<p>         1 de 2&#013;Mulheres que recebem contatos indesejados por vezes preferem n\u00e3o se identificar por se sentirem amea\u00e7adas \u2014 Foto: Reprodu\u00e7\u00e3o\/Bom Dia Brasil    <\/p>\n<p> Mulheres que recebem contatos indesejados por vezes preferem n\u00e3o se identificar por se sentirem amea\u00e7adas \u2014 Foto: Reprodu\u00e7\u00e3o\/Bom Dia Brasil <\/p>\n<p> A persegui\u00e7\u00e3o, seja ela virtual ou presencial, passou a ser considerada crime em abril de 2021. Antes, <strong>as den\u00fancias eram registradas como contraven\u00e7\u00e3o ou perturba\u00e7\u00e3o<\/strong>. A pena para quem for condenado por persegui\u00e7\u00e3o \u00e9 de seis meses a dois anos de pris\u00e3o. <strong>E pode chegar a tr\u00eas anos<\/strong>, se a v\u00edtima for mulher. <\/p>\n<p> A delegada Jamila Jorge Ferrari, coordenadora das Delegacias de Defesa da Mulher, explica como a medida protetiva funciona e quando ela passa a ter efeito. <\/p>\n<p> \u201cMedida protetiva \u00e9 essencial para as mulheres v\u00edtimas de viol\u00eancia. Ela traz ferramentas de prote\u00e7\u00e3o. Quando a gente fala da medida protetiva, proibi\u00e7\u00e3o de contato por qualquer meio, se esse indiv\u00edduo a partir do momento que liga no telefone dessa v\u00edtima, manda mensagem por app de mensagem, ele j\u00e1 descumpriu a medida protetiva, ele <strong>j\u00e1 est\u00e1 em flagrante<\/strong>. Se n\u00e3o for preso em flagrante imediatamente, \u00e9 poss\u00edvel fazer o boletim de ocorr\u00eancia de cumprimento e a pol\u00edcia pede a pris\u00e3o em flagrante dele\u201d, explicou. <\/p>\n<p>         2 de 2&#013;Stalkers tentam entrar em contato com as v\u00edtimas de forma indesejada por meio de liga\u00e7\u00f5es ou aplicativo de mensagens \u2014 Foto: Reprodu\u00e7\u00e3o\/Bom Dia Brasil    <\/p>\n<p> Stalkers tentam entrar em contato com as v\u00edtimas de forma indesejada por meio de liga\u00e7\u00f5es ou aplicativo de mensagens \u2014 Foto: Reprodu\u00e7\u00e3o\/Bom Dia Brasil <\/p>\n<ul>\n<li><strong>RELATO: <\/strong><a class href=\"https:\/\/g1.globo.com\/tecnologia\/noticia\/2023\/08\/12\/eu-vivia-com-medo-de-alguem-me-fazer-mal-e-nem-sabia-de-quem-tinha-que-correr-na-rua-um-relato-de-quem-sofreu-com-stalking.ghtml\">&#x27;Nem sabia de quem tinha que correr na rua&#x27;<\/a><\/li>\n<\/ul>\n<p> <strong>Assista \u00e0s reportagens do Bom Dia Brasil:<\/strong> <\/p>\n<p>   <a href=\"https:\/\/g1.globo.com\/bom-dia-brasil\/playlist\/bom-dia-brasil-ultimos-videos.ghtml\">    50 v\u00eddeos      <\/a>       <\/p>\n<ul> <\/ul>\n","protected":false},"excerpt":{"rendered":"<p>Mais de 150 casos por dia foram registrados no pa\u00eds em 2022 \u2013 um aumento de 40 casos di\u00e1rios em compara\u00e7\u00e3o com 2021. Stalking \u00e9 quando uma pessoa n\u00e3o quer ter contato com algu\u00e9m e essa pessoa insiste em abord\u00e1-la. Pena \u00e9 de 6 meses a 2 anos de pris\u00e3o. Se a pessoa perseguida for [&hellip;]<\/p>\n","protected":false},"author":1,"featured_media":0,"comment_status":"closed","ping_status":"closed","sticky":false,"template":"","format":"standard","meta":{"footnotes":""},"categories":[],"tags":[],"class_list":["post-53445","post","type-post","status-publish","format-standard","hentry"],"_links":{"self":[{"href":"https:\/\/blog.corretoraideal.com.br\/index.php\/wp-json\/wp\/v2\/posts\/53445","targetHints":{"allow":["GET"]}}],"collection":[{"href":"https:\/\/blog.corretoraideal.com.br\/index.php\/wp-json\/wp\/v2\/posts"}],"about":[{"href":"https:\/\/blog.corretoraideal.com.br\/index.php\/wp-json\/wp\/v2\/types\/post"}],"author":[{"embeddable":true,"href":"https:\/\/blog.corretoraideal.com.br\/index.php\/wp-json\/wp\/v2\/users\/1"}],"replies":[{"embeddable":true,"href":"https:\/\/blog.corretoraideal.com.br\/index.php\/wp-json\/wp\/v2\/comments?post=53445"}],"version-history":[{"count":1,"href":"https:\/\/blog.corretoraideal.com.br\/index.php\/wp-json\/wp\/v2\/posts\/53445\/revisions"}],"predecessor-version":[{"id":53448,"href":"https:\/\/blog.corretoraideal.com.br\/index.php\/wp-json\/wp\/v2\/posts\/53445\/revisions\/53448"}],"wp:attachment":[{"href":"https:\/\/blog.corretoraideal.com.br\/index.php\/wp-json\/wp\/v2\/media?parent=53445"}],"wp:term":[{"taxonomy":"category","embeddable":true,"href":"https:\/\/blog.corretoraideal.com.br\/index.php\/wp-json\/wp\/v2\/categories?post=53445"},{"taxonomy":"post_tag","embeddable":true,"href":"https:\/\/blog.corretoraideal.com.br\/index.php\/wp-json\/wp\/v2\/tags?post=53445"}],"curies":[{"name":"wp","href":"https:\/\/api.w.org\/{rel}","templated":true}]}}