{"id":53449,"date":"2023-09-28T00:58:45","date_gmt":"2023-09-28T00:58:45","guid":{"rendered":"https:\/\/blog.corretoraideal.com.br\/?p=53449"},"modified":"2023-09-28T00:58:45","modified_gmt":"2023-09-28T00:58:45","slug":"busto-de-carukango-escravizado-e-lideranca-quilombola-sera-inaugurado-em-macae-norte-fluminense-g1","status":"publish","type":"post","link":"https:\/\/blog.corretoraideal.com.br\/index.php\/2023\/09\/28\/busto-de-carukango-escravizado-e-lideranca-quilombola-sera-inaugurado-em-macae-norte-fluminense-g1\/","title":{"rendered":"Busto de Carukango, escravizado e lideran\u00e7a quilombola, ser\u00e1 inaugurado em Maca\u00e9 | Norte Fluminense | G1"},"content":{"rendered":"<p>      1 de 2&#013;Carukango foi um negro escravizado e lideran\u00e7a quilombola no Norte e Noroeste do Rio; busto ser\u00e1 inaugurado na sexta em Maca\u00e9 \u2014 Foto: Reprodu\u00e7\u00e3o    <\/p>\n<p> Carukango foi um negro escravizado e lideran\u00e7a quilombola no Norte e Noroeste do Rio; busto ser\u00e1 inaugurado na sexta em Maca\u00e9 \u2014 Foto: Reprodu\u00e7\u00e3o <\/p>\n<p> Um busto de Carukango, negro escravizado e lideran\u00e7a quilombola no Norte e Noroeste do Rio, ser\u00e1 instalado no Centro Cultural do Legislativo, antiga C\u00e2mara de Vereadores, no Centro de <a class href=\"https:\/\/g1.globo.com\/rj\/regiao-dos-lagos\/cidade\/macae\/\">Maca\u00e9<\/a>. <\/p>\n<p> A cerim\u00f4nia de inaugura\u00e7\u00e3o ser\u00e1 nesta sexta-feira (29), \u00e0s 10h. Para comemorar, haver\u00e1 ainda, na Pra\u00e7a Washington Luiz, \u00e0s 12h, um show da banda Terreiro de Crioulo. <\/p>\n<p>         2 de 2&#013;Ap\u00f3s a cerim\u00f4nia, o grupo Terreiro de Crioulo animar\u00e1 a festa \u2014 Foto: Prefeitura de Maca\u00e9\/divulga\u00e7\u00e3o    <\/p>\n<p> Ap\u00f3s a cerim\u00f4nia, o grupo Terreiro de Crioulo animar\u00e1 a festa \u2014 Foto: Prefeitura de Maca\u00e9\/divulga\u00e7\u00e3o <\/p>\n<p> De acordo com a Secretaria de Pol\u00edticas de Promo\u00e7\u00e3o da Igualdade Racial (Seppir), o Centro Cultural do Legislativo foi escolhido para a instala\u00e7\u00e3o do busto porque a edifica\u00e7\u00e3o foi resid\u00eancia de um mercador de escravos no per\u00edodo da coloniza\u00e7\u00e3o do pa\u00eds. <\/p>\n<p> A secret\u00e1ria de Pol\u00edticas de Promo\u00e7\u00e3o da Igualdade Racial, Zoraia Braz, tamb\u00e9m destaca que o legado deixado por Carukango \u00e9 de resist\u00eancia \u00e0 coloniza\u00e7\u00e3o, que tentou apagar a cultura de povos escravizados. <\/p>\n<p> &quot;O busto de Carukango vai dar visibilidade a uma hist\u00f3ria n\u00e3o contada, ou seja, descolonizar a hist\u00f3ria, dando luz ao protagonismo de lideran\u00e7as negras no processo abolicionista, visto que a liberdade dos escravizados n\u00e3o aconteceu com a assinatura da Lei \u00c1urea e sim, a partir de muitos movimentos de resist\u00eancia liderados por mulheres e homens escravizados&quot;, enfatiza. <\/p>\n<p> Esta a\u00e7\u00e3o se junta a outras recentemente implementadas no munic\u00edpio. O &quot;Caderno de Diretrizes para uma Educa\u00e7\u00e3o Antirracista&quot; e o projeto nutricional e pedag\u00f3gico Nutriafro, na rede municipal de ensino s\u00e3o alguns dos exemplos. <\/p>\n<p> A Seppir tamb\u00e9m orienta e acompanha v\u00edtimas de racismo e inj\u00faria racial. De acordo com a gestora, o n\u00famero de queixas vem aumentando. <\/p>\n<p> \u201cAumentou porque as pessoas est\u00e3o se encorajando, pelo fato de encontrarem acolhimento do poder p\u00fablico, e tamb\u00e9m por estarem identificando as atitudes racistas. A Seppir se disp\u00f5e a acompanhar as v\u00edtimas \u00e0 delegacia para o registro da ocorr\u00eancia. \u201d refor\u00e7a. <\/p>\n<p><h2><strong>Show do Terreiro de Crioulo<\/strong><\/h2>\n<\/p>\n<p> Logo ap\u00f3s a cerim\u00f4nia, o p\u00fablico ser\u00e1 convidado para participar do show de samba raiz, de terreiro e de quintal, do grupo Terreiro de Crioulo, que canta a ess\u00eancia da negritude. <\/p>\n<p> Em novembro do ano passado, o Terreiro de Crioulo recebeu, na categoria Destaque 2022, a comenda da Secretaria de Estado de Cultura e Economia Criativa do Estado do Rio de Janeiro, Medalha de M\u00e9rito Cultural Alcione. <\/p>\n<p> O grupo \u00e9 sucesso em casas de show e rodas de samba do Rio de Janeiro e do pa\u00eds. <\/p>\n<ul>\n<li> <a href=\"https:\/\/g1.globo.com\/rj\/regiao-dos-lagos\/cidade\/macae\/\" class=\"entities__list-itemLink\" data-track-click=\"Maca\u00e9\"> Maca\u00e9 <\/a> <\/li>\n<\/ul>\n","protected":false},"excerpt":{"rendered":"<p>1 de 2&#013;Carukango foi um negro escravizado e lideran\u00e7a quilombola no Norte e Noroeste do Rio; busto ser\u00e1 inaugurado na sexta em Maca\u00e9 \u2014 Foto: Reprodu\u00e7\u00e3o Carukango foi um negro escravizado e lideran\u00e7a quilombola no Norte e Noroeste do Rio; busto ser\u00e1 inaugurado na sexta em Maca\u00e9 \u2014 Foto: Reprodu\u00e7\u00e3o Um busto de Carukango, negro [&hellip;]<\/p>\n","protected":false},"author":1,"featured_media":0,"comment_status":"closed","ping_status":"closed","sticky":false,"template":"","format":"standard","meta":{"footnotes":""},"categories":[],"tags":[],"class_list":["post-53449","post","type-post","status-publish","format-standard","hentry"],"_links":{"self":[{"href":"https:\/\/blog.corretoraideal.com.br\/index.php\/wp-json\/wp\/v2\/posts\/53449","targetHints":{"allow":["GET"]}}],"collection":[{"href":"https:\/\/blog.corretoraideal.com.br\/index.php\/wp-json\/wp\/v2\/posts"}],"about":[{"href":"https:\/\/blog.corretoraideal.com.br\/index.php\/wp-json\/wp\/v2\/types\/post"}],"author":[{"embeddable":true,"href":"https:\/\/blog.corretoraideal.com.br\/index.php\/wp-json\/wp\/v2\/users\/1"}],"replies":[{"embeddable":true,"href":"https:\/\/blog.corretoraideal.com.br\/index.php\/wp-json\/wp\/v2\/comments?post=53449"}],"version-history":[{"count":1,"href":"https:\/\/blog.corretoraideal.com.br\/index.php\/wp-json\/wp\/v2\/posts\/53449\/revisions"}],"predecessor-version":[{"id":53451,"href":"https:\/\/blog.corretoraideal.com.br\/index.php\/wp-json\/wp\/v2\/posts\/53449\/revisions\/53451"}],"wp:attachment":[{"href":"https:\/\/blog.corretoraideal.com.br\/index.php\/wp-json\/wp\/v2\/media?parent=53449"}],"wp:term":[{"taxonomy":"category","embeddable":true,"href":"https:\/\/blog.corretoraideal.com.br\/index.php\/wp-json\/wp\/v2\/categories?post=53449"},{"taxonomy":"post_tag","embeddable":true,"href":"https:\/\/blog.corretoraideal.com.br\/index.php\/wp-json\/wp\/v2\/tags?post=53449"}],"curies":[{"name":"wp","href":"https:\/\/api.w.org\/{rel}","templated":true}]}}