{"id":53459,"date":"2023-09-28T05:15:18","date_gmt":"2023-09-28T05:15:18","guid":{"rendered":"https:\/\/blog.corretoraideal.com.br\/?p=53459"},"modified":"2023-09-28T05:15:18","modified_gmt":"2023-09-28T05:15:18","slug":"emmy-internacional-de-jornalismo-anuncia-os-vencedores-de-2023-midia-e-marketing-g1","status":"publish","type":"post","link":"https:\/\/blog.corretoraideal.com.br\/index.php\/2023\/09\/28\/emmy-internacional-de-jornalismo-anuncia-os-vencedores-de-2023-midia-e-marketing-g1\/","title":{"rendered":"Emmy Internacional de Jornalismo anuncia os vencedores de 2023 | Midia e Marketing | G1"},"content":{"rendered":"<p>      1 de 1&#013;Indicados ao Emmy 2023 s\u00e3o anunciados nesta quarta-feira (12) \u2014 Foto: Robyn BECK \/ AFP    <\/p>\n<p> Indicados ao Emmy 2023 s\u00e3o anunciados nesta quarta-feira (12) \u2014 Foto: Robyn BECK \/ AFP <\/p>\n<p> A Academia Internacional de Artes e Ci\u00eancias da Televis\u00e3o anunciou os vencedores do Emmy Internacional de Jornalismo nesta quarta-feira (27). A premia\u00e7\u00e3o, que est\u00e1 em sua 44\u00aa edi\u00e7\u00e3o, aconteceu em Nova York. <\/p>\n<ul>\n<li><a class href=\"https:\/\/g1.globo.com\/economia\/midia-e-marketing\/noticia\/2023\/08\/15\/globo-recebe-indicacoes-para-o-emmy-internacional-de-jornalismo-2023.ghtml\"><strong>Globo recebe indica\u00e7\u00f5es para Emmy Internacional de Jornalismo 2023<\/strong><\/a><\/li>\n<\/ul>\n<p> A Globo estava na lista de finalistas pelo 17\u00ba ano seguido. <\/p>\n<p> Na categoria Not\u00edcia, o Jornal Nacional e o Fant\u00e1stico concorriam com a cobertura da morte de Bruno e Dom <\/p>\n<p> O pesquisador brasileiro da cultura ind\u00edgena Bruno Pereira e o jornalista brit\u00e2nico Dom Phillips foram mortos em territ\u00f3rio ind\u00edgena no Vale do Javari, na Amaz\u00f4nia. A Globo mostrou a investiga\u00e7\u00e3o e a busca pelos corpos deles. O crime exp\u00f4s as pol\u00edticas ambientais do governo de Jair Bolsonaro. <\/p>\n<p> O vencedor foi a SkyNews, do <a class href=\"https:\/\/g1.globo.com\/tudo-sobre\/gra-bretanha\/\">Reino Unido<\/a>, com a reportagem sobre a guerra na Ucr\u00e2nia. <\/p>\n<p> J\u00e1 na categoria Atualidades, a GloboNews havia sido indicada pelo document\u00e1rio &quot;Abrigo &#8211; Inocentes sob ataque&quot;. <\/p>\n<p> Gravado durante os primeiros tr\u00eas meses da guerra na Ucr\u00e2nia, &quot;Abrigo&quot; mostra os protagonistas quase sempre esquecidos de um conflito: aqueles que s\u00e3o gravemente feridos apesar de estarem longe dos campos de batalha. \u00c9 o caso, por exemplo, de mulheres que d\u00e3o \u00e0 luz em hospitais subterr\u00e2neos improvisados. <\/p>\n<p> Nessa categoria, o vencedor foi o TRT World, da <a class href=\"https:\/\/g1.globo.com\/tudo-sobre\/turquia\/\">Turquia<\/a>, tamb\u00e9m com um document\u00e1rio sobre a guerra na Ucr\u00e2nia. <\/p>\n<p><h2>Globo nos Emmys<\/h2>\n<\/p>\n<p> O jornalismo da Globo acumula agora 28 indica\u00e7\u00f5es nos \u00faltimos 21 anos. <\/p>\n<p> Em 2011, o Jornal Nacional ganhou a estatueta pela cobertura da retomada do conjunto de favelas do Alem\u00e3o pelas for\u00e7as de seguran\u00e7a do Rio de Janeiro. <\/p>\n<p> Ao todo, a Globo j\u00e1 recebeu outros 18 pr\u00eamios Emmy Internacional. O mais recente foi em 2020, para novela &quot;\u00d3rf\u00e3os da Terra&quot;. <\/p>\n<p> O primeiro foi o de \u201cPersonalidade Mundial da Televis\u00e3o\u201d, recebido por Roberto Marinho, em 1976, pr\u00eamio que receberia novamente em 1983. Seu filho, Roberto Irineu Marinho, recebeu a estatueta em 2014, na mesma categoria. <\/p>\n<p> Em 1981, ganhou com o musical &quot;A Arca de No\u00e9&quot; e em, 1982, com &quot;Morte e Vida Severina&quot;. A Globo foi premiada oito vezes por \u201cMelhor Novela\u201d, com &quot;Caminho das \u00cdndias&quot; (2009), &quot;La\u00e7os de Sangue&quot;, coprodu\u00e7\u00e3o com a SIC, exibida em Portugal (2011), &quot;O Astro&quot; (2012), &quot;Lado a Lado&quot; (2013), &quot;Joia Rara&#x27;&quot;(2014), &quot;Imp\u00e9rio&quot; (2015), &quot;Verdades Secretas&quot; (2016) e &quot;\u00d3rf\u00e3os da Terra&quot; (2020). <\/p>\n<ul>\n<li> <a href=\"https:\/\/g1.globo.com\/tudo-sobre\/gra-bretanha\/\" class=\"entities__list-itemLink\" data-track-click=\"Reino Unido\"> Reino Unido <\/a> <\/li>\n<li> <a href=\"https:\/\/g1.globo.com\/tudo-sobre\/turquia\/\" class=\"entities__list-itemLink\" data-track-click=\"Turquia\"> Turquia <\/a> <\/li>\n<\/ul>\n","protected":false},"excerpt":{"rendered":"<p>1 de 1&#013;Indicados ao Emmy 2023 s\u00e3o anunciados nesta quarta-feira (12) \u2014 Foto: Robyn BECK \/ AFP Indicados ao Emmy 2023 s\u00e3o anunciados nesta quarta-feira (12) \u2014 Foto: Robyn BECK \/ AFP A Academia Internacional de Artes e Ci\u00eancias da Televis\u00e3o anunciou os vencedores do Emmy Internacional de Jornalismo nesta quarta-feira (27). A premia\u00e7\u00e3o, que [&hellip;]<\/p>\n","protected":false},"author":1,"featured_media":0,"comment_status":"closed","ping_status":"closed","sticky":false,"template":"","format":"standard","meta":{"footnotes":""},"categories":[],"tags":[],"class_list":["post-53459","post","type-post","status-publish","format-standard","hentry"],"_links":{"self":[{"href":"https:\/\/blog.corretoraideal.com.br\/index.php\/wp-json\/wp\/v2\/posts\/53459","targetHints":{"allow":["GET"]}}],"collection":[{"href":"https:\/\/blog.corretoraideal.com.br\/index.php\/wp-json\/wp\/v2\/posts"}],"about":[{"href":"https:\/\/blog.corretoraideal.com.br\/index.php\/wp-json\/wp\/v2\/types\/post"}],"author":[{"embeddable":true,"href":"https:\/\/blog.corretoraideal.com.br\/index.php\/wp-json\/wp\/v2\/users\/1"}],"replies":[{"embeddable":true,"href":"https:\/\/blog.corretoraideal.com.br\/index.php\/wp-json\/wp\/v2\/comments?post=53459"}],"version-history":[{"count":1,"href":"https:\/\/blog.corretoraideal.com.br\/index.php\/wp-json\/wp\/v2\/posts\/53459\/revisions"}],"predecessor-version":[{"id":53461,"href":"https:\/\/blog.corretoraideal.com.br\/index.php\/wp-json\/wp\/v2\/posts\/53459\/revisions\/53461"}],"wp:attachment":[{"href":"https:\/\/blog.corretoraideal.com.br\/index.php\/wp-json\/wp\/v2\/media?parent=53459"}],"wp:term":[{"taxonomy":"category","embeddable":true,"href":"https:\/\/blog.corretoraideal.com.br\/index.php\/wp-json\/wp\/v2\/categories?post=53459"},{"taxonomy":"post_tag","embeddable":true,"href":"https:\/\/blog.corretoraideal.com.br\/index.php\/wp-json\/wp\/v2\/tags?post=53459"}],"curies":[{"name":"wp","href":"https:\/\/api.w.org\/{rel}","templated":true}]}}