{"id":53468,"date":"2023-09-28T07:57:47","date_gmt":"2023-09-28T07:57:47","guid":{"rendered":"https:\/\/blog.corretoraideal.com.br\/?p=53468"},"modified":"2023-09-28T07:57:47","modified_gmt":"2023-09-28T07:57:47","slug":"prazo-para-cadastro-no-programa-de-transporte-universitario-gratuito-em-campos-termina-nesta-quinta-norte-fluminense-g1","status":"publish","type":"post","link":"https:\/\/blog.corretoraideal.com.br\/index.php\/2023\/09\/28\/prazo-para-cadastro-no-programa-de-transporte-universitario-gratuito-em-campos-termina-nesta-quinta-norte-fluminense-g1\/","title":{"rendered":"Prazo para cadastro no Programa de Transporte Universit\u00e1rio gratuito em Campos termina nesta quinta | Norte Fluminense | G1"},"content":{"rendered":"<p>      1 de 2&#013;\u00d4nibus foram adesivados para atender grupos de estudantes que moram em \u00e1reas mais afastadas do Centro de Campos \u2014 Foto: C\u00e9sar Ferreira\/Prefeitura de Campos    <\/p>\n<p> \u00d4nibus foram adesivados para atender grupos de estudantes que moram em \u00e1reas mais afastadas do Centro de Campos \u2014 Foto: C\u00e9sar Ferreira\/Prefeitura de Campos <\/p>\n<p> O prazo para estudantes se cadastrarem no Programa de Transporte Universit\u00e1rio gratuito em <a class href=\"https:\/\/g1.globo.com\/rj\/norte-fluminense\/cidade\/campos-dos-goytacazes\/\">Campos dos Goytacazes<\/a>, no Norte Fluminense, termina nesta quinta-feira (28). <\/p>\n<p> O cadastramento para o programa, que \u00e9 municipal,<a class href=\"https:\/\/g1.globo.com\/rj\/norte-fluminense\/noticia\/2023\/09\/18\/campos-cadastra-estudantes-para-programa-de-transporte-universitario-gratuito.ghtml\"> ocorre desde o dia 18 de setembro <\/a>para estudantes que precisam do transporte para se deslocar at\u00e9 a institui\u00e7\u00e3o de ensino. As inscri\u00e7\u00f5es podem ser feitas pela internet,<a class href=\"http:\/\/seduct.campos.rj.gov.br\/transporte\/\" target=\"_blank\" rel=\"noopener noreferrer\"> em link disponibilizado pela Prefeitura<\/a>. <\/p>\n<p> Podem se inscrever universit\u00e1rios, p\u00f3s-graduandos, alunos de cursos t\u00e9cnicos e profissionalizantes, al\u00e9m de estudantes da Educa\u00e7\u00e3o de Jovens e Adultos (EJA) da rede municipal de ensino que moram no interior da cidade de Campos e t\u00eam dificuldades de arcar com os custos do transporte para estudar. <\/p>\n<p> Somente os alunos da EJA est\u00e3o se cadastrando diretamente nas unidades onde estudam, com o apoio dos gestores. No site tamb\u00e9m \u00e9 poss\u00edvel acessar o regulamento do programa. <\/p>\n<p>         2 de 2&#013;\u00d4nibus foram adesivados para atender grupos de estudantes que moram em \u00e1reas mais afastadas do Centro de Campos &#8211; Foto C\u00e9sar Ferreira \u2014 Foto: C\u00e9sar Ferreira\/Prefeitura de Campos    <\/p>\n<p> \u00d4nibus foram adesivados para atender grupos de estudantes que moram em \u00e1reas mais afastadas do Centro de Campos &#8211; Foto C\u00e9sar Ferreira \u2014 Foto: C\u00e9sar Ferreira\/Prefeitura de Campos <\/p>\n<p> A frota de \u00f4nibus que prestar\u00e1 o servi\u00e7o j\u00e1 foi adesivada. Segundo a Prefeitura, o atendimento vai come\u00e7ar assim que a fase do cadastramento dos alunos estiver conclu\u00edda. <\/p>\n<p> O Programa Municipal de Transporte Universit\u00e1rio foi lan\u00e7ado no come\u00e7o do m\u00eas por meio da Secretaria Municipal de Educa\u00e7\u00e3o, Ci\u00eancia e Tecnologia. <\/p>\n<p> O subsecret\u00e1rio de Gest\u00e3o Operacional, Nilo Manh\u00e3es, explicou que, ap\u00f3s o cadastro on-line, haver\u00e1 valida\u00e7\u00e3o dos dados informados junto \u00e0s universidades. <\/p>\n<p> \u201cA partir desses dados e da demanda que ser\u00e1 apresentada no cadastramento, faremos as rotas dos \u00f4nibus. Esse \u00e9 mais um passo importante da Prefeitura, visando melhorar a qualidade do ensino em Campos\u201d, disse o subsecret\u00e1rio. <\/p>\n<ul>\n<li> <a href=\"https:\/\/g1.globo.com\/rj\/norte-fluminense\/cidade\/campos-dos-goytacazes\/\" class=\"entities__list-itemLink\" data-track-click=\"Campos dos Goytacazes\"> Campos dos Goytacazes <\/a> <\/li>\n<\/ul>\n","protected":false},"excerpt":{"rendered":"<p>1 de 2&#013;\u00d4nibus foram adesivados para atender grupos de estudantes que moram em \u00e1reas mais afastadas do Centro de Campos \u2014 Foto: C\u00e9sar Ferreira\/Prefeitura de Campos \u00d4nibus foram adesivados para atender grupos de estudantes que moram em \u00e1reas mais afastadas do Centro de Campos \u2014 Foto: C\u00e9sar Ferreira\/Prefeitura de Campos O prazo para estudantes se [&hellip;]<\/p>\n","protected":false},"author":1,"featured_media":0,"comment_status":"closed","ping_status":"closed","sticky":false,"template":"","format":"standard","meta":{"footnotes":""},"categories":[],"tags":[],"class_list":["post-53468","post","type-post","status-publish","format-standard","hentry"],"_links":{"self":[{"href":"https:\/\/blog.corretoraideal.com.br\/index.php\/wp-json\/wp\/v2\/posts\/53468","targetHints":{"allow":["GET"]}}],"collection":[{"href":"https:\/\/blog.corretoraideal.com.br\/index.php\/wp-json\/wp\/v2\/posts"}],"about":[{"href":"https:\/\/blog.corretoraideal.com.br\/index.php\/wp-json\/wp\/v2\/types\/post"}],"author":[{"embeddable":true,"href":"https:\/\/blog.corretoraideal.com.br\/index.php\/wp-json\/wp\/v2\/users\/1"}],"replies":[{"embeddable":true,"href":"https:\/\/blog.corretoraideal.com.br\/index.php\/wp-json\/wp\/v2\/comments?post=53468"}],"version-history":[{"count":1,"href":"https:\/\/blog.corretoraideal.com.br\/index.php\/wp-json\/wp\/v2\/posts\/53468\/revisions"}],"predecessor-version":[{"id":53470,"href":"https:\/\/blog.corretoraideal.com.br\/index.php\/wp-json\/wp\/v2\/posts\/53468\/revisions\/53470"}],"wp:attachment":[{"href":"https:\/\/blog.corretoraideal.com.br\/index.php\/wp-json\/wp\/v2\/media?parent=53468"}],"wp:term":[{"taxonomy":"category","embeddable":true,"href":"https:\/\/blog.corretoraideal.com.br\/index.php\/wp-json\/wp\/v2\/categories?post=53468"},{"taxonomy":"post_tag","embeddable":true,"href":"https:\/\/blog.corretoraideal.com.br\/index.php\/wp-json\/wp\/v2\/tags?post=53468"}],"curies":[{"name":"wp","href":"https:\/\/api.w.org\/{rel}","templated":true}]}}