{"id":53471,"date":"2023-09-28T08:35:15","date_gmt":"2023-09-28T08:35:15","guid":{"rendered":"https:\/\/blog.corretoraideal.com.br\/?p=53471"},"modified":"2023-09-28T08:35:15","modified_gmt":"2023-09-28T08:35:15","slug":"sc-tem-1a-praia-de-rio-das-americas-certificada-com-a-bandeira-azul-conheca-santa-catarina-g1","status":"publish","type":"post","link":"https:\/\/blog.corretoraideal.com.br\/index.php\/2023\/09\/28\/sc-tem-1a-praia-de-rio-das-americas-certificada-com-a-bandeira-azul-conheca-santa-catarina-g1\/","title":{"rendered":"SC tem 1\u00aa praia de rio das Am\u00e9ricas certificada com a Bandeira Azul; conhe\u00e7a | Santa Catarina | G1"},"content":{"rendered":"\n<ul>\n<li>\n<p> Local certificado fica em It\u00e1, no Oeste de Santa Catarina e atende aos crit\u00e9rios de sele\u00e7\u00e3o: qualidade de \u00e1gua, oferta de espa\u00e7os, programas de educa\u00e7\u00e3o ambiental e valor cultural <\/p>\n<\/li>\n<li>\n<p> &#x27;Praia de rio&#x27; foi constru\u00edda ap\u00f3s obra de hidrel\u00e9trica da regi\u00e3o; <\/p>\n<\/li>\n<li>\n<p> Dos 42 destinos com a certifica\u00e7\u00e3o internacional, 19 est\u00e3o em Santa Catarina. <\/p>\n<\/li>\n<\/ul>\n<p> Local certificado fica em It\u00e1, no Oeste de Santa Catarina e atende aos crit\u00e9rios de sele\u00e7\u00e3o: qualidade de \u00e1gua, oferta de espa\u00e7os, programas de educa\u00e7\u00e3o ambiental e valor cultural <\/p>\n<p> &#x27;Praia de rio&#x27; foi constru\u00edda ap\u00f3s obra de hidrel\u00e9trica da regi\u00e3o; <\/p>\n<p> Dos 42 destinos com a certifica\u00e7\u00e3o internacional, 19 est\u00e3o em Santa Catarina. <\/p>\n<p>         1 de 2&#013;Praia de It\u00e1, no Oeste de Santa Catarina, ganha certifica\u00e7\u00e3o da Bandeira Azul \u2014 Foto: Prefeitura de It\u00e1\/Arquivo    <\/p>\n<p> Praia de It\u00e1, no Oeste de Santa Catarina, ganha certifica\u00e7\u00e3o da Bandeira Azul \u2014 Foto: Prefeitura de It\u00e1\/Arquivo <\/p>\n<p> A Praia de <a class href=\"https:\/\/g1.globo.com\/sc\/santa-catarina\/cidade\/ita\/\">It\u00e1<\/a>, \u00e0s margens do Rio Uruguai, no Oeste de Santa Catarina, \u00e9 a primeira fluvial do Brasil a ter a <strong>certifica\u00e7\u00e3o da Bandeira Azul<\/strong>. Chamado popularmente tamb\u00e9m de &#x27;praia de rio&#x27;, o espa\u00e7o fica \u00e0s margens de um reservat\u00f3rio e foi constru\u00eddo depois da obra de uma hidrel\u00e9trica da regi\u00e3o. <\/p>\n<p> A confirma\u00e7\u00e3o do t\u00edtulo foi divulgada pela organiza\u00e7\u00e3o na ter\u00e7a-feira (26). Al\u00e9m do espa\u00e7o em It\u00e1, cidade com cerca de 7 mil habitantes, o j\u00fari internacional reconheceu mais 30 praias e 11 marinas na temporada 2023\/2024. No estado, <a class href=\"https:\/\/g1.globo.com\/sc\/santa-catarina\/noticia\/2023\/09\/27\/sc-tem-15-das-31-praias-premiadas-com-bandeira-azul-veja-lista.ghtml\">15 praias e quatro marinas receberam o selo.<\/a> <\/p>\n<ul>\n<li><a class href=\"https:\/\/api.whatsapp.com\/send?text=https:\/\/g1.globo.com\/sc\/santa-catarina\/noticia\/2023\/09\/27\/sc-tem-1a-praia-de-rio-das-americas-certificada-com-a-bandeira-azul-conheca.ghtml\" target=\"_blank\" rel=\"noopener noreferrer\">Compartilhe esta not\u00edcia no WhatsApp<\/a> <\/li>\n<li><a class href=\"https:\/\/telegram.me\/share\/url?url=https:\/\/g1.globo.com\/sc\/santa-catarina\/noticia\/2023\/09\/27\/sc-tem-1a-praia-de-rio-das-americas-certificada-com-a-bandeira-azul-conheca.ghtml\" target=\"_blank\" rel=\"noopener noreferrer\">Compartilhe esta not\u00edcia no Telegram<\/a> <\/li>\n<\/ul>\n<p> Dos 42 destinos, 19 est\u00e3o em Santa Catarina, sendo duas pela primeira vez na lista, al\u00e9m de quatro marinas e 13 praias com certifica\u00e7\u00e3o renovada (veja a lista mais abaixo). <\/p>\n<p>         2 de 2&#013;Praia de It\u00e1, no Oeste de SC \u2014 Foto: NSC TV    <\/p>\n<p> Praia de It\u00e1, no Oeste de SC \u2014 Foto: NSC TV <\/p>\n<p><h2>&#x27;Praia de rio&#x27;<\/h2>\n<\/p>\n<p> A prainha, como \u00e9 conhecida, fica entre a divisa de Santa Catarina e o Rio Grande do Sul. Atualmente, no meio do rio h\u00e1 duas torres da igreja que ficou submersa com a inunda\u00e7\u00e3o. <\/p>\n<p> Al\u00e9m de areia \u00e0s margens do rio, a praia conta com bar, rampa, trapiche, \u00e1rea de estacionamento. Segundo a prefeitura, no per\u00edodo de alta temporada h\u00e1 tamb\u00e9m um posto de guarda-vidas, barcos para passeio entre outros equipamentos. <\/p>\n<p>                   <img loading=\"lazy\" decoding=\"async\" class=\"aligncenter size-full wp-image-53473\" src=\"https:\/\/blog.corretoraideal.com.br\/wp-content\/uploads\/2023\/09\/quadro.jpeg\" alt=\"Quadro \" width=\"800\" height=\"400\" \/>      <\/p>\n<p> Quadro &#8216;Partiu Praia&#8217; mostra Prainha de It\u00e1, no Oeste de SC <\/p>\n<p> <strong>Praias certificadas (Temporadas 2023\/2024) &#8211; Renova\u00e7\u00f5es:<\/strong> <\/p>\n<li>Praia do Patacho, Porto de Pedras \u2013 AL<\/li>\n<li>Praia de Para\u00edso, Guarajuba, Cama\u00e7ari \u2013 BA<\/li>\n<li>Praia da Espera, Itacimirim, Cama\u00e7ari \u2013 BA<\/li>\n<li>Praia da Ponta de Nossa Senhora de Guadalupe, Salvador \u2013 BA<\/li>\n<li>Praia do Cumbuco, Caucaia \u2013 CE<\/li>\n<li>Praia do Forno, Arma\u00e7\u00e3o de B\u00fazios \u2013 RJ<\/li>\n<li>Praia do Per\u00f3, Cabo Frio \u2013 RJ<\/li>\n<li>Praia do Sossego, Niter\u00f3i \u2013 RJ<\/li>\n<li>Praia das Pedras de Ita\u00fana, Saquarema \u2013 RJ<\/li>\n<li><strong>Praia do Estaleiro,<\/strong> <a class href=\"https:\/\/g1.globo.com\/sc\/santa-catarina\/cidade\/balneario-camboriu\/\">Balne\u00e1rio Cambori\u00fa<\/a> \u2013 SC<\/li>\n<li><strong>Praia do Estaleirinho,<\/strong> Balne\u00e1rio Cambori\u00fa \u2013 SC<\/li>\n<li><strong>Praia de Taquaras,<\/strong> Balne\u00e1rio Cambori\u00fa \u2013 SC<\/li>\n<li><strong>Praia de Pi\u00e7arras,<\/strong> <a class href=\"https:\/\/g1.globo.com\/sc\/santa-catarina\/cidade\/balneario-picarras\/\">Balne\u00e1rio Pi\u00e7arras<\/a> \u2013 SC<\/li>\n<li><strong>Praia de Quatro Ilhas,<\/strong> <a class href=\"https:\/\/g1.globo.com\/sc\/santa-catarina\/cidade\/bombinhas\/\">Bombinhas<\/a> \u2013 SC<\/li>\n<li><strong>Praia de Mariscal,<\/strong> Bombinhas \u2013 SC<\/li>\n<li><strong>Praia da Concei\u00e7\u00e3o,<\/strong> Bombinhas \u2013 SC<\/li>\n<li><strong>Lagoa do Peri,<\/strong> <a class href=\"https:\/\/g1.globo.com\/sc\/santa-catarina\/cidade\/florianopolis\/\">Florian\u00f3polis<\/a> \u2013 SC<\/li>\n<li><strong>Praia Grande,<\/strong> <a class href=\"https:\/\/g1.globo.com\/sc\/santa-catarina\/cidade\/governador-celso-ramos\/\">Governador Celso Ramos<\/a> \u2013 SC<\/li>\n<li><strong>Praia do Ervino,<\/strong> <a class href=\"https:\/\/g1.globo.com\/sc\/santa-catarina\/cidade\/sao-francisco-do-sul\/\">S\u00e3o Francisco do Sul<\/a> \u2013 SC<\/li>\n<li><strong>Praia do Forte,<\/strong> S\u00e3o Francisco do Sul \u2013 SC<\/li>\n<li><strong>Praia Grande,<\/strong> S\u00e3o Francisco do Sul \u2013 SC<\/li>\n<li><strong>Praia da Saudade,<\/strong> S\u00e3o Francisco do Sul \u2013 SC<\/li>\n<li>Praia do Tombo, Guaruj\u00e1 \u2013 SP <\/li>\n<p> <strong>Primeira temporada:<\/strong> <\/p>\n<li>Praia da Vira\u00e7\u00e3o, Salvador \u2013 BA <\/li>\n<li>Praia da Azeda Azedinha, Arma\u00e7\u00e3o de B\u00fazios \u2013 RJ <\/li>\n<li>Praia de Ub\u00e1s, Iguaba Grande \u2013 RJ <\/li>\n<li>Prainha, Rio de Janeiro \u2013 RJ <\/li>\n<li>Praia da Reserva, Rio de Janeiro \u2013 RJ <\/li>\n<li>Praia das Pedras de Sapatiba, S\u00e3o Pedro da Aldeia \u2013 RJ <\/li>\n<li><strong>Praia da Ponta do Jacques,<\/strong> Balne\u00e1rio Pi\u00e7arras \u2013 SC<\/li>\n<li><strong>Prainha de<\/strong> It\u00e1, It\u00e1 \u2013 SC<\/li>\n<p> <strong>Marinas certificadas (Temporadas 2023\/2024)<\/strong> <\/p>\n<li> Yacht Clube da Bahia, Salvador \u2013 BA<\/li>\n<li>Marina Costabella, Angra dos Reis \u2013 RJ<\/li>\n<li>Iate Clube de Santos, Angra dos Reis \u2013 RJ<\/li>\n<li>Tedesco Marina, Balne\u00e1rio Cambori\u00fa \u2013 SC<\/li>\n<li><strong>Iate Clube de Santa Catarina,<\/strong> Florian\u00f3polis \u2013 SC<\/li>\n<li><strong>Marina da Concei\u00e7\u00e3o,<\/strong> Florian\u00f3polis \u2013 SC<\/li>\n<li><strong>Marina<\/strong> <a class href=\"https:\/\/g1.globo.com\/sc\/santa-catarina\/cidade\/itajai\/\">Itaja\u00ed<\/a>, Itaja\u00ed \u2013 SC<\/li>\n<li>Iate Clube de Santos, Guaruj\u00e1 \u2013 SP<\/li>\n<li>Marinas Nacionais, Guaruj\u00e1 \u2013 SP<\/li>\n<li>Voga Marine, Ubatuba \u2013 SP<\/li>\n<li>Marina Kauai, Ubatuba \u2013 SP<\/li>\n<p><h2>Quais s\u00e3o os crit\u00e9rios para se receber a Bandeira Azul?<\/h2>\n<\/p>\n<p> <strong>Para que um local receba a certifica\u00e7\u00e3o da Bandeira Azul, s\u00e3o avaliados crit\u00e9rios como:<\/strong> <\/p>\n<ul>\n<li>cada praia deve fornecer, pelo menos, cinco atividades de educa\u00e7\u00e3o ambiental ao p\u00fablico durante a temporada de Bandeira Azul;<\/li>\n<li>qualidade da \u00e1gua;<\/li>\n<li>valor cultural do lugar;<\/li>\n<li>limpeza da praia;<\/li>\n<li>praia deve ter recipientes para lixo, incluindo recicl\u00e1veis;<\/li>\n<li>praia deve ter banheiros;<\/li>\n<li>acesso de animais na praia deve ser controlado;<\/li>\n<li>equipamentos de primeiros-socorros devem estar dispon\u00edveis na praia;<\/li>\n<li>pelo menos uma praia do munic\u00edpio deve estar equipada para receber pessoas com necessidades especiais.<\/li>\n<\/ul>\n<p> ? Quer mais not\u00edcias? Participe da <a class href=\"https:\/\/chat.whatsapp.com\/K3a4U7Km5aoIyBucrZWuCd\" target=\"_blank\" rel=\"noopener noreferrer\">comunidade do g1 SC no Whatsapp<\/a> <\/p>\n<p><h2>V\u00cdDEOS: mais assistidos do g1 SC nos \u00faltimos 7 dias<\/h2>\n<\/p>\n<p>   <a href=\"https:\/\/g1.globo.com\/sc\/santa-catarina\/edicao\/2021\/02\/01\/videos-mais-assistidos-do-g1-sc-nos-ultimos-7-dias.ghtml\">    50 v\u00eddeos      <\/a>   <\/p>\n<ul>\n<li> <a href=\"https:\/\/g1.globo.com\/sc\/santa-catarina\/cidade\/balneario-camboriu\/\" class=\"entities__list-itemLink\" data-track-click=\"Balne\u00e1rio Cambori\u00fa\"> Balne\u00e1rio Cambori\u00fa <\/a> <\/li>\n<li> <a href=\"https:\/\/g1.globo.com\/sc\/santa-catarina\/cidade\/balneario-picarras\/\" class=\"entities__list-itemLink\" data-track-click=\"Balne\u00e1rio Pi\u00e7arras\"> Balne\u00e1rio Pi\u00e7arras <\/a> <\/li>\n<li> <a href=\"https:\/\/g1.globo.com\/sc\/santa-catarina\/cidade\/bombinhas\/\" class=\"entities__list-itemLink\" data-track-click=\"Bombinhas\"> Bombinhas <\/a> <\/li>\n<li> <a href=\"https:\/\/g1.globo.com\/sc\/santa-catarina\/cidade\/florianopolis\/\" class=\"entities__list-itemLink\" data-track-click=\"Florian\u00f3polis\"> Florian\u00f3polis <\/a> <\/li>\n<li> <a href=\"https:\/\/g1.globo.com\/sc\/santa-catarina\/cidade\/governador-celso-ramos\/\" class=\"entities__list-itemLink\" data-track-click=\"Governador Celso Ramos\"> Governador Celso Ramos <\/a> <\/li>\n<li> <a href=\"https:\/\/g1.globo.com\/sc\/santa-catarina\/cidade\/itajai\/\" class=\"entities__list-itemLink\" data-track-click=\"Itaja\u00ed\"> Itaja\u00ed <\/a> <\/li>\n<li> <a href=\"https:\/\/g1.globo.com\/sc\/santa-catarina\/cidade\/ita\/\" class=\"entities__list-itemLink\" data-track-click=\"It\u00e1\"> It\u00e1 <\/a> <\/li>\n<li> <a href=\"https:\/\/g1.globo.com\/sc\/santa-catarina\/cidade\/sao-francisco-do-sul\/\" class=\"entities__list-itemLink\" data-track-click=\"S\u00e3o Francisco do Sul\"> S\u00e3o Francisco do Sul <\/a> <\/li>\n<\/ul>\n","protected":false},"excerpt":{"rendered":"<p>Local certificado fica em It\u00e1, no Oeste de Santa Catarina e atende aos crit\u00e9rios de sele\u00e7\u00e3o: qualidade de \u00e1gua, oferta de espa\u00e7os, programas de educa\u00e7\u00e3o ambiental e valor cultural &#x27;Praia de rio&#x27; foi constru\u00edda ap\u00f3s obra de hidrel\u00e9trica da regi\u00e3o; Dos 42 destinos com a certifica\u00e7\u00e3o internacional, 19 est\u00e3o em Santa Catarina. Local certificado fica [&hellip;]<\/p>\n","protected":false},"author":1,"featured_media":0,"comment_status":"closed","ping_status":"closed","sticky":false,"template":"","format":"standard","meta":{"footnotes":""},"categories":[],"tags":[],"class_list":["post-53471","post","type-post","status-publish","format-standard","hentry"],"_links":{"self":[{"href":"https:\/\/blog.corretoraideal.com.br\/index.php\/wp-json\/wp\/v2\/posts\/53471","targetHints":{"allow":["GET"]}}],"collection":[{"href":"https:\/\/blog.corretoraideal.com.br\/index.php\/wp-json\/wp\/v2\/posts"}],"about":[{"href":"https:\/\/blog.corretoraideal.com.br\/index.php\/wp-json\/wp\/v2\/types\/post"}],"author":[{"embeddable":true,"href":"https:\/\/blog.corretoraideal.com.br\/index.php\/wp-json\/wp\/v2\/users\/1"}],"replies":[{"embeddable":true,"href":"https:\/\/blog.corretoraideal.com.br\/index.php\/wp-json\/wp\/v2\/comments?post=53471"}],"version-history":[{"count":1,"href":"https:\/\/blog.corretoraideal.com.br\/index.php\/wp-json\/wp\/v2\/posts\/53471\/revisions"}],"predecessor-version":[{"id":53474,"href":"https:\/\/blog.corretoraideal.com.br\/index.php\/wp-json\/wp\/v2\/posts\/53471\/revisions\/53474"}],"wp:attachment":[{"href":"https:\/\/blog.corretoraideal.com.br\/index.php\/wp-json\/wp\/v2\/media?parent=53471"}],"wp:term":[{"taxonomy":"category","embeddable":true,"href":"https:\/\/blog.corretoraideal.com.br\/index.php\/wp-json\/wp\/v2\/categories?post=53471"},{"taxonomy":"post_tag","embeddable":true,"href":"https:\/\/blog.corretoraideal.com.br\/index.php\/wp-json\/wp\/v2\/tags?post=53471"}],"curies":[{"name":"wp","href":"https:\/\/api.w.org\/{rel}","templated":true}]}}