{"id":53501,"date":"2023-09-28T17:39:13","date_gmt":"2023-09-28T17:39:13","guid":{"rendered":"https:\/\/blog.corretoraideal.com.br\/?p=53501"},"modified":"2023-09-28T17:39:13","modified_gmt":"2023-09-28T17:39:13","slug":"expo-cafe-em-varre-sai-comeca-nesta-quinta-com-negocios-e-mostra-tecnologica-do-setor-cafeeiro-norte-fluminense-g1","status":"publish","type":"post","link":"https:\/\/blog.corretoraideal.com.br\/index.php\/2023\/09\/28\/expo-cafe-em-varre-sai-comeca-nesta-quinta-com-negocios-e-mostra-tecnologica-do-setor-cafeeiro-norte-fluminense-g1\/","title":{"rendered":"Expo Caf\u00e9 em Varre-Sai come\u00e7a nesta quinta com neg\u00f3cios e mostra tecnol\u00f3gica do setor cafeeiro | Norte Fluminense | G1"},"content":{"rendered":"\n<p> A Expo Caf\u00e9 vai come\u00e7ar \u00e0s 17h desta quinta-feira (28) em <a class href=\"https:\/\/g1.globo.com\/rj\/norte-fluminense\/cidade\/varre-sai\/\">Varre-Sai<\/a>, no Noroeste Fluminense, reunindo neg\u00f3cios e mostra tecnol\u00f3gica do setor cafeeiro, entre outras atra\u00e7\u00f5es. O evento, que \u00e9 gratuito e aberto ao p\u00fablico, segue at\u00e9 s\u00e1bado (30) na Pra\u00e7a de Lazer Pedro de Assis Moraes, no bairro Parque Confian\u00e7a. <\/p>\n<p> O espa\u00e7o conta com exposi\u00e7\u00e3o de m\u00e1quinas, implementos, equipamentos e insumos, palestras, cl\u00ednicas tecnol\u00f3gicas, din\u00e2micas de m\u00e1quinas, visitas guiadas, artesanato local, presen\u00e7a dos melhores caf\u00e9s especiais da regi\u00e3o, e o espa\u00e7o Caf\u00e9 com M\u00fasica, com apresenta\u00e7\u00f5es musicais nos tr\u00eas dias de evento. <\/p>\n<p>         2 de 4&#013;Varre-Sai \u00e9 respons\u00e1vel por 30% da produ\u00e7\u00e3o de caf\u00e9 do estado do Rio de Janeiro \u2014 Foto: Divulga\u00e7\u00e3o    <\/p>\n<p> Varre-Sai \u00e9 respons\u00e1vel por 30% da produ\u00e7\u00e3o de caf\u00e9 do estado do Rio de Janeiro \u2014 Foto: Divulga\u00e7\u00e3o <\/p>\n<p> A Expo Caf\u00e9 \u00e9 uma feira de neg\u00f3cios e mostra tecnol\u00f3gica da cadeia produtiva do caf\u00e9 no estado do Rio de Janeiro que busca estimular o desenvolvimento econ\u00f4mico do setor, al\u00e9m de levar conhecimento aos produtores rurais. <\/p>\n<p> Ela \u00e9 realizada pela Cooperativa de Caf\u00e9 do Norte Fluminense Ltda (Coopercanol), com planejamento e gest\u00e3o da Attivit\u00e0 Consultoria e Eventos e RLZ Eventos, e tem entre os parceiros, a Prefeitura Municipal de Varre-Sai, por meio das secretarias municipais de Agricultura e de Turismo. <\/p>\n<p><h2>Concursos no local<\/h2>\n<\/p>\n<p> O p\u00fablico tamb\u00e9m poder\u00e1 conferir dois concursos. Um deles \u00e9 o de Caf\u00e9s Especiais, com R$ 25 mil em premia\u00e7\u00e3o, concedidos pela Prefeitura de Varre-Sai, para incentivar a melhoria da qualidade do caf\u00e9 produzido no munic\u00edpio. <\/p>\n<p> O outro concurso \u00e9 o de Rainha e Princesas Expo Caf\u00e9, que tem como objetivo valorizar a beleza feminina varre-saiense e preservar as tradi\u00e7\u00f5es e costumes rurais. <\/p>\n<p><h2>Capital Estadual do Caf\u00e9<\/h2>\n<\/p>\n<p>         3 de 4&#013;Colheita do caf\u00e9 em Varre-Sai, maior produtor do RJ, movimenta a economia da cidade \u2014 Foto: Divulga\u00e7\u00e3o\/Prefeitura de Varre-Sai    <\/p>\n<p> Colheita do caf\u00e9 em Varre-Sai, maior produtor do RJ, movimenta a economia da cidade \u2014 Foto: Divulga\u00e7\u00e3o\/Prefeitura de Varre-Sai <\/p>\n<p> Varre-Sai \u00e9 considerada a Capital Estadual do Caf\u00e9 e \u00e9 respons\u00e1vel por 30% da produ\u00e7\u00e3o de caf\u00e9 do estado do Rio de Janeiro. O presidente da Coopercanol, Jos\u00e9 Ferreira Pinto, explicou que a ideia inicial era voltar a realizar a Festa do Caf\u00e9 que acontecia no in\u00edcio dos anos 2000. <\/p>\n<p> \u201cA Festa do Caf\u00e9 dava grande visibilidade ao munic\u00edpio. Em conversa com o F\u00e1bio Pimentel, da Attivitt\u00e0 Consultoria, ele sugeriu transformar em um evento voltado para o neg\u00f3cio. A Expo Caf\u00e9 vai trazer para a regi\u00e3o o que h\u00e1 de mais novo em tecnologia, com a vinda de grandes empresas para expor seus produtos, bem como conhecimento para os produtores, atrav\u00e9s de palestras, como grandes nomes da cafeicultura nacional. E vai abrigar ainda a Final do Concurso de Caf\u00e9s Especiais, com premia\u00e7\u00e3o da Prefeitura de Varre-Sai, incentivando a melhoria da qualidade do caf\u00e9 no munic\u00edpio\u201d, afirmou Jos\u00e9 Ferreira Pinto. <\/p>\n<p><h2>Um pouco de hist\u00f3ria<\/h2>\n<\/p>\n<p> Os primeiros registros de cultivo de caf\u00e9 nas terras do munic\u00edpio datam de 1894 na Fazenda Bela Vista. Na \u00e9poca, a fazenda pertencia ao munic\u00edpio de Itaperuna, atualmente nas terras de Natividade e Varre-Sai. <\/p>\n<p> Com o Plano de Renova\u00e7\u00e3o e Revigoramento do Governo Federal, de 1970, atrav\u00e9s do extinto Instituto Brasileiro do Caf\u00e9 (IBC), a cafeicultura se modernizou, com novas variedades e sistemas de plantio e insumos modernos, resultando no aumento da produtividade das lavouras. <\/p>\n<p> Varre-Sai tornou-se o maior produtor de caf\u00e9 do Estado do Rio de Janeiro, com previs\u00e3o de colheita de 108 mil sacas para 2023, o que deve movimentar R$ 90 milh\u00f5es na economia local. <\/p>\n<p> O cultivo do caf\u00e9 ocupa uma \u00e1rea de 5 mil hectares da cidade, o que representa 25% da \u00e1rea total do munic\u00edpio ocupada por caf\u00e9 ar\u00e1bica. <\/p>\n<p>Na cidade, tr\u00eas mil moradores trabalham com a produ\u00e7\u00e3o cafeeira, quase 30% da popula\u00e7\u00e3o. <\/p>\n<p>         4 de 4&#013;Fid\u00e9lis Jos\u00e9 de Oliveira Rodolphi e a esposa, Alyne Chryslla Rodolphi, s\u00e3o produtores do Caf\u00e9 S\u00edtio Vai e Volta \u2014 Foto: Arquivo pessoal\/Fid\u00e9lis Rodolphi    <\/p>\n<p> Fid\u00e9lis Jos\u00e9 de Oliveira Rodolphi e a esposa, Alyne Chryslla Rodolphi, s\u00e3o produtores do Caf\u00e9 S\u00edtio Vai e Volta \u2014 Foto: Arquivo pessoal\/Fid\u00e9lis Rodolphi <\/p>\n<p> \u201cA Prefeitura de Varre-Sai \u00e9 parceira na realiza\u00e7\u00e3o da Expo Caf\u00e9 porque entende a import\u00e2ncia da cafeicultura para nosso munic\u00edpio. Tudo o que for para mostrar o nosso potencial, como maior produtor de caf\u00e9 do Estado do Rio, incentivar e ajudar a alavancar o setor ainda mais, pode contar com a parceria da Prefeitura\u201d, afirmou o prefeito Silvestre Gorini. <\/p>\n<p> A Prefeitura explica que tamb\u00e9m s\u00e3o parceiros do evento o Cidennf, Sebrae, Governo do Estado, atrav\u00e9s das Secretarias Estaduais de Agricultura, Pecu\u00e1ria e Abastecimento e de Ambiente e Sustentabilidade, bem como Emater-Rio, Conex\u00e3o Mata Atl\u00e2ntica, Senar-RJ, Faerj, Ascarj e Sistema OCB\/RJ entre outras empresas apoiadoras. <\/p>\n<ul>\n<li> <a href=\"https:\/\/g1.globo.com\/rj\/norte-fluminense\/cidade\/varre-sai\/\" class=\"entities__list-itemLink\" data-track-click=\"Varre-Sai\"> Varre-Sai <\/a> <\/li>\n<\/ul>\n","protected":false},"excerpt":{"rendered":"<p>A Expo Caf\u00e9 vai come\u00e7ar \u00e0s 17h desta quinta-feira (28) em Varre-Sai, no Noroeste Fluminense, reunindo neg\u00f3cios e mostra tecnol\u00f3gica do setor cafeeiro, entre outras atra\u00e7\u00f5es. O evento, que \u00e9 gratuito e aberto ao p\u00fablico, segue at\u00e9 s\u00e1bado (30) na Pra\u00e7a de Lazer Pedro de Assis Moraes, no bairro Parque Confian\u00e7a. O espa\u00e7o conta com [&hellip;]<\/p>\n","protected":false},"author":1,"featured_media":0,"comment_status":"closed","ping_status":"closed","sticky":false,"template":"","format":"standard","meta":{"footnotes":""},"categories":[],"tags":[],"class_list":["post-53501","post","type-post","status-publish","format-standard","hentry"],"_links":{"self":[{"href":"https:\/\/blog.corretoraideal.com.br\/index.php\/wp-json\/wp\/v2\/posts\/53501","targetHints":{"allow":["GET"]}}],"collection":[{"href":"https:\/\/blog.corretoraideal.com.br\/index.php\/wp-json\/wp\/v2\/posts"}],"about":[{"href":"https:\/\/blog.corretoraideal.com.br\/index.php\/wp-json\/wp\/v2\/types\/post"}],"author":[{"embeddable":true,"href":"https:\/\/blog.corretoraideal.com.br\/index.php\/wp-json\/wp\/v2\/users\/1"}],"replies":[{"embeddable":true,"href":"https:\/\/blog.corretoraideal.com.br\/index.php\/wp-json\/wp\/v2\/comments?post=53501"}],"version-history":[{"count":1,"href":"https:\/\/blog.corretoraideal.com.br\/index.php\/wp-json\/wp\/v2\/posts\/53501\/revisions"}],"predecessor-version":[{"id":53503,"href":"https:\/\/blog.corretoraideal.com.br\/index.php\/wp-json\/wp\/v2\/posts\/53501\/revisions\/53503"}],"wp:attachment":[{"href":"https:\/\/blog.corretoraideal.com.br\/index.php\/wp-json\/wp\/v2\/media?parent=53501"}],"wp:term":[{"taxonomy":"category","embeddable":true,"href":"https:\/\/blog.corretoraideal.com.br\/index.php\/wp-json\/wp\/v2\/categories?post=53501"},{"taxonomy":"post_tag","embeddable":true,"href":"https:\/\/blog.corretoraideal.com.br\/index.php\/wp-json\/wp\/v2\/tags?post=53501"}],"curies":[{"name":"wp","href":"https:\/\/api.w.org\/{rel}","templated":true}]}}