{"id":53513,"date":"2023-09-28T22:31:32","date_gmt":"2023-09-28T22:31:32","guid":{"rendered":"https:\/\/blog.corretoraideal.com.br\/?p=53513"},"modified":"2023-09-28T22:31:32","modified_gmt":"2023-09-28T22:31:32","slug":"oficinas-culturais-tem-inscricoes-abertas-em-sao-joao-da-barra-norte-fluminense-g1","status":"publish","type":"post","link":"https:\/\/blog.corretoraideal.com.br\/index.php\/2023\/09\/28\/oficinas-culturais-tem-inscricoes-abertas-em-sao-joao-da-barra-norte-fluminense-g1\/","title":{"rendered":"Oficinas culturais t\u00eam inscri\u00e7\u00f5es abertas em S\u00e3o Jo\u00e3o da Barra | Norte Fluminense | G1"},"content":{"rendered":"\n<p> A Secretaria Municipal de Cultura (Secult) de <a class href=\"https:\/\/g1.globo.com\/rj\/norte-fluminense\/cidade\/sao-joao-da-barra\/\">S\u00e3o Jo\u00e3o da Barra<\/a> abriu nesta quinta-feira, 28, inscri\u00e7\u00f5es para novas oficinas culturais na sede, sendo bal\u00e9 baby, samba iniciante e teatro infantil, al\u00e9m de novas vagas para oficina de voz e oficina de jogos musicais. <\/p>\n<p> Pessoas de todo o munic\u00edpio podem comparecer ao Pal\u00e1cio Cultural Carlos Martins, de segunda a sexta-feira, das 9h \u00e0s 17h. <\/p>\n<p> Para a modalidade de bal\u00e9 baby, a professora ser\u00e1 Camila Amaral e acontecer\u00e1 todas as sextas, das 17h \u00e0s 18h, para crian\u00e7as entre 4 e 5 anos. Das 18h \u00e0s 19h a idade ser\u00e1 de 6 e 7 anos, com dez vagas para cada turma. <\/p>\n<p> A nova turma de samba iniciante ser\u00e1 ministrada pela professora Israely Nogueira, \u00e0s sextas, 15h, com 20 vagas para crian\u00e7a de 8 a 10 anos. <\/p>\n<p> O Teatro Infantil tamb\u00e9m ter\u00e1 a professora Camila Amaral que ministrar\u00e1 todos os s\u00e1bados, das 8h \u00e0s 10h, para crian\u00e7as de 6 a 9 anos, e das 10h \u00e0s 12h, para idade de 10 a 14 anos. <\/p>\n<p> S\u00e3o dez vagas para cada turma. <\/p>\n<p> H\u00e1 novas vagas para oficina de voz, todas as ter\u00e7as, das 18h40 \u00e0s 20h, a partir de 17 anos, com Milena Amaral, que ministra tamb\u00e9m a oficina de jogos musicais, ter\u00e7as e quintas, das 17h30 \u00e0s 18h30, para crian\u00e7as de 7 a 10 anos. <\/p>\n<p> As vagas s\u00e3o limitadas e ser\u00e3o preenchidas com prioridade a cadastrados no Cad\u00danico que dever\u00e3o apresentar o N\u00famero de Identifica\u00e7\u00e3o Social (NIS), al\u00e9m da ordem de inscri\u00e7\u00e3o. <\/p>\n<p> Posteriormente ser\u00e1 feito contato direto com os candidatos contemplados para a matr\u00edcula e an\u00fancio de in\u00edcio das aulas. <\/p>\n<ul>\n<li> <a href=\"https:\/\/g1.globo.com\/rj\/norte-fluminense\/cidade\/sao-joao-da-barra\/\" class=\"entities__list-itemLink\" data-track-click=\"S\u00e3o Jo\u00e3o da Barra\"> S\u00e3o Jo\u00e3o da Barra <\/a> <\/li>\n<\/ul>\n","protected":false},"excerpt":{"rendered":"<p>A Secretaria Municipal de Cultura (Secult) de S\u00e3o Jo\u00e3o da Barra abriu nesta quinta-feira, 28, inscri\u00e7\u00f5es para novas oficinas culturais na sede, sendo bal\u00e9 baby, samba iniciante e teatro infantil, al\u00e9m de novas vagas para oficina de voz e oficina de jogos musicais. Pessoas de todo o munic\u00edpio podem comparecer ao Pal\u00e1cio Cultural Carlos Martins, [&hellip;]<\/p>\n","protected":false},"author":1,"featured_media":0,"comment_status":"closed","ping_status":"closed","sticky":false,"template":"","format":"standard","meta":{"footnotes":""},"categories":[],"tags":[],"class_list":["post-53513","post","type-post","status-publish","format-standard","hentry"],"_links":{"self":[{"href":"https:\/\/blog.corretoraideal.com.br\/index.php\/wp-json\/wp\/v2\/posts\/53513","targetHints":{"allow":["GET"]}}],"collection":[{"href":"https:\/\/blog.corretoraideal.com.br\/index.php\/wp-json\/wp\/v2\/posts"}],"about":[{"href":"https:\/\/blog.corretoraideal.com.br\/index.php\/wp-json\/wp\/v2\/types\/post"}],"author":[{"embeddable":true,"href":"https:\/\/blog.corretoraideal.com.br\/index.php\/wp-json\/wp\/v2\/users\/1"}],"replies":[{"embeddable":true,"href":"https:\/\/blog.corretoraideal.com.br\/index.php\/wp-json\/wp\/v2\/comments?post=53513"}],"version-history":[{"count":1,"href":"https:\/\/blog.corretoraideal.com.br\/index.php\/wp-json\/wp\/v2\/posts\/53513\/revisions"}],"predecessor-version":[{"id":53515,"href":"https:\/\/blog.corretoraideal.com.br\/index.php\/wp-json\/wp\/v2\/posts\/53513\/revisions\/53515"}],"wp:attachment":[{"href":"https:\/\/blog.corretoraideal.com.br\/index.php\/wp-json\/wp\/v2\/media?parent=53513"}],"wp:term":[{"taxonomy":"category","embeddable":true,"href":"https:\/\/blog.corretoraideal.com.br\/index.php\/wp-json\/wp\/v2\/categories?post=53513"},{"taxonomy":"post_tag","embeddable":true,"href":"https:\/\/blog.corretoraideal.com.br\/index.php\/wp-json\/wp\/v2\/tags?post=53513"}],"curies":[{"name":"wp","href":"https:\/\/api.w.org\/{rel}","templated":true}]}}