{"id":53516,"date":"2023-09-29T00:38:23","date_gmt":"2023-09-29T00:38:23","guid":{"rendered":"https:\/\/blog.corretoraideal.com.br\/?p=53516"},"modified":"2023-09-29T00:38:23","modified_gmt":"2023-09-29T00:38:23","slug":"rombo-nas-contas-do-governo-ultrapassam-os-r-100-bilhoes-em-agosto-pior-resultado-desde-2020-economia-g1","status":"publish","type":"post","link":"https:\/\/blog.corretoraideal.com.br\/index.php\/2023\/09\/29\/rombo-nas-contas-do-governo-ultrapassam-os-r-100-bilhoes-em-agosto-pior-resultado-desde-2020-economia-g1\/","title":{"rendered":"Rombo nas contas do governo ultrapassam os R$ 100 bilh\u00f5es em agosto, pior resultado desde 2020 | Economia | G1"},"content":{"rendered":"\n<ul>\n<li>\n<p> O governo federal registrou um d\u00e9ficit prim\u00e1rio de R$ 104,59 bilh\u00f5es de janeiro a agosto de 2023, conforme informado pelo Tesouro Nacional. <\/p>\n<\/li>\n<li>\n<p> D\u00e9ficit prim\u00e1rio ocorre quando a arrecada\u00e7\u00e3o de tributos fica abaixo dos gastos governamentais, excluindo o pagamento de juros da d\u00edvida p\u00fablica. <\/p>\n<\/li>\n<li>\n<p> Esse \u00e9 o pior resultado para o per\u00edodo desde 2020, quando houve aumento de despesas devido \u00e0 pandemia da Covid-19, com um saldo negativo de R$ 753,6 bilh\u00f5es (valores corrigidos pela infla\u00e7\u00e3o). <\/p>\n<\/li>\n<\/ul>\n<p> O governo federal registrou um d\u00e9ficit prim\u00e1rio de R$ 104,59 bilh\u00f5es de janeiro a agosto de 2023, conforme informado pelo Tesouro Nacional. <\/p>\n<p> D\u00e9ficit prim\u00e1rio ocorre quando a arrecada\u00e7\u00e3o de tributos fica abaixo dos gastos governamentais, excluindo o pagamento de juros da d\u00edvida p\u00fablica. <\/p>\n<p> Esse \u00e9 o pior resultado para o per\u00edodo desde 2020, quando houve aumento de despesas devido \u00e0 pandemia da Covid-19, com um saldo negativo de R$ 753,6 bilh\u00f5es (valores corrigidos pela infla\u00e7\u00e3o). <\/p>\n<p> As contas do governo federal registraram d\u00e9ficit prim\u00e1rio de R$ 104,59 bilh\u00f5es de janeiro a agosto deste ano, informou nesta quinta-feira (28) a Secretaria do Tesouro Nacional. <\/p>\n<p> O d\u00e9ficit prim\u00e1rio acontece quando a arrecada\u00e7\u00e3o com tributos fica abaixo dos gastos do governo (sem considerar o pagamento de juros da d\u00edvida p\u00fablica). Quando as receitas superam as despesas, o resultado \u00e9 de super\u00e1vit prim\u00e1rio. <\/p>\n<p> De acordo com o governo, <strong>esse \u00e9 o pior resultado, para o per\u00edodo, desde 2020,<\/strong> quando houve aumento de despesas para o combate \u00e0 pandemia da Covid-19. O saldo, nos oito primeiros meses daquele ano, ficou negativo em R$ 753,6 bilh\u00f5es (valores corrigidos pela infla\u00e7\u00e3o). <\/p>\n<p> Segundo n\u00fameros oficiais,<strong> este tamb\u00e9m foi o quarto maior d\u00e9ficit fiscal para janeiro a agosto<\/strong>, sendo superado por 2020, 2016 (-R$ 108,11 bilh\u00f5es) e por 2017 (-R$ 119,74 bilh\u00f5es), em n\u00fameros atualizados pelo IPCA. <\/p>\n<p> No mesmo m\u00eas do ano passado, as contas do governo tiveram super\u00e1vit de R$ 22,88 bilh\u00f5es. Com isso, <strong>houve uma piora de R$ 127,47 bilh\u00f5es dos oito primeiros anos de 2022 para igual per\u00edodo de 2023.<\/strong> <\/p>\n<p> O governo foi <strong>autorizado pelo Congresso a ter um rombo de at\u00e9 R$ 238 bilh\u00f5es em suas contas neste ano<\/strong>. Na semana passada, a \u00e1rea econ\u00f4mica informou que sua <a class href=\"https:\/\/g1.globo.com\/economia\/noticia\/2023\/09\/22\/governo-anuncia-novo-bloqueio-no-orcamento-e-reduz-previsao-de-rombo-nas-contas-para-r-1414-bilhoes-em-2023.ghtml\">expectativa, at\u00e9 o momento, \u00e9 de que o fique em R$ 141,4 bilh\u00f5es em todo ano de 2023.<\/a> <\/p>\n<p> <strong>Somente em agosto,<\/strong> ainda de acordo com informa\u00e7\u00f5es do Tesouro Nacional,<strong> as contas do governo apresentaram um resultado negativo de R$ 26,35 bilh\u00f5es<\/strong>. Com isso, houve melhora em rela\u00e7\u00e3o ao mesmo m\u00eas de 2022 &#8211; quando o d\u00e9ficit somou R$ 50,35 bilh\u00f5es. <\/p>\n<p>                   <img loading=\"lazy\" decoding=\"async\" class=\"aligncenter size-full wp-image-53518\" src=\"https:\/\/blog.corretoraideal.com.br\/wp-content\/uploads\/2023\/09\/governo-e-congresso-discutem-o-equilibrio-das-contas-publicas-depois-da-aprovacao-das-novas-regras-fiscais.jpeg\" alt=\"Governo e Congresso discutem o equil\u00edbrio das contas p\u00fablicas depois da aprova\u00e7\u00e3o das novas regras fiscais\" width=\"800\" height=\"400\" \/>      <\/p>\n<p> Governo e Congresso discutem o equil\u00edbrio das contas p\u00fablicas depois da aprova\u00e7\u00e3o das novas regras fiscais <\/p>\n<p><h2>PEC da transi\u00e7\u00e3o e arcabou\u00e7o fiscal<\/h2>\n<\/p>\n<p> O aumento do rombo nas contas p\u00fablicas na parcial deste ano est\u00e1 relacionado, principalmente, com a alta das despesas autorizada por meio da PEC da transi\u00e7\u00e3o, aprovada no fim do ano passado pelo governo eleito do presidente Luiz In\u00e1cio Lula da Silva. <\/p>\n<p> Com a mudan\u00e7a, o <a class href=\"https:\/\/g1.globo.com\/politica\/noticia\/2022\/12\/06\/pec-da-transicao-veja-principais-pontos-da-versao-proposta-pelo-relator.ghtml\">governo obteve autoriza\u00e7\u00e3o para gastar R$ 168,9 bilh\u00f5es a mais neste ano<\/a>. Esses gastos se tornaram permanentes com a <a class href=\"https:\/\/g1.globo.com\/politica\/noticia\/2023\/08\/22\/camara-aprova-texto-base-do-arcabouco-fiscal-e-deixa-de-fora-regra-defendida-pelo-governo.ghtml\">aprova\u00e7\u00e3o do arcabou\u00e7o fiscal, a nova regra para as contas p\u00fablicas aprovada pelo Congresso Nacional. <\/a> <\/p>\n<p> Parte do valor foi usado para tornar permanente o benef\u00edcio de R$ 600 do Bolsa Fam\u00edlia. Tamb\u00e9m foram recompostos gastos em sa\u00fade, educa\u00e7\u00e3o e bolsas de estudo, entre outras pol\u00edticas p\u00fablicas. <\/p>\n<p> Para tentar evitar uma piora maior das contas p\u00fablicas, a equipe econ\u00f4mica tem atuado, principalmente, no aumento de arrecada\u00e7\u00e3o. Com esse objetivo, foram adotadas essas medidas: <\/p>\n<ul>\n<li>Foi elevada a <a class href=\"https:\/\/g1.globo.com\/economia\/noticia\/2023\/06\/28\/tributos-sobre-gasolina-e-etanol-sobem-a-partir-desta-quinta-feira-dizem-entidades.ghtml\">tributa\u00e7\u00e3o sobre combust\u00edveis;<\/a><\/li>\n<li>Obteve vit\u00f3ria no <a class href=\"https:\/\/g1.globo.com\/politica\/noticia\/2023\/04\/26\/mendonca-suspende-julgamento-mas-stj-da-vitoria-ao-governo.ghtml\">STJ em processo sobre incentivos dados pelos estados a empresas;<\/a><\/li>\n<li>Contou com a <a class href=\"https:\/\/g1.globo.com\/politica\/noticia\/2023\/05\/10\/senado-aprova-mp-que-muda-regras-de-tributacao-para-negocios-fora-do-pais.ghtml\">aprova\u00e7\u00e3o do Congresso em regras sobre tributa\u00e7\u00e3o do com\u00e9rcio exterior;<\/a><\/li>\n<\/ul>\n<p> O governo tamb\u00e9m prop\u00f4s, por meio do or\u00e7amento de 2024, que as suas contas tenham um <a class href=\"https:\/\/g1.globo.com\/economia\/noticia\/2023\/08\/31\/orcamento-governo-propoe-deficit-zero-em-suas-contas-em-2024.ghtml\">d\u00e9ficit zero<\/a> &#8211;<strong> resultado considerado ousado por economistas do mercado financeiro. <\/strong> <\/p>\n<p> Para atingir esse resultado, por\u00e9m, a equipe econ\u00f4mica prop\u00f5e <a class href=\"https:\/\/g1.globo.com\/economia\/noticia\/2023\/09\/03\/governo-precisara-de-r-168-bilhoes-a-mais-em-2024-para-fechar-as-contas-especialistas-veem-otimismo-e-meta-distante.ghtml\">medidas de aumento de arrecada\u00e7\u00e3o em R$ 168 bilh\u00f5es no pr\u00f3ximo ano. <\/a> <\/p>\n<ul> <\/ul>\n","protected":false},"excerpt":{"rendered":"<p>O governo federal registrou um d\u00e9ficit prim\u00e1rio de R$ 104,59 bilh\u00f5es de janeiro a agosto de 2023, conforme informado pelo Tesouro Nacional. D\u00e9ficit prim\u00e1rio ocorre quando a arrecada\u00e7\u00e3o de tributos fica abaixo dos gastos governamentais, excluindo o pagamento de juros da d\u00edvida p\u00fablica. Esse \u00e9 o pior resultado para o per\u00edodo desde 2020, quando houve [&hellip;]<\/p>\n","protected":false},"author":1,"featured_media":0,"comment_status":"closed","ping_status":"closed","sticky":false,"template":"","format":"standard","meta":{"footnotes":""},"categories":[],"tags":[],"class_list":["post-53516","post","type-post","status-publish","format-standard","hentry"],"_links":{"self":[{"href":"https:\/\/blog.corretoraideal.com.br\/index.php\/wp-json\/wp\/v2\/posts\/53516","targetHints":{"allow":["GET"]}}],"collection":[{"href":"https:\/\/blog.corretoraideal.com.br\/index.php\/wp-json\/wp\/v2\/posts"}],"about":[{"href":"https:\/\/blog.corretoraideal.com.br\/index.php\/wp-json\/wp\/v2\/types\/post"}],"author":[{"embeddable":true,"href":"https:\/\/blog.corretoraideal.com.br\/index.php\/wp-json\/wp\/v2\/users\/1"}],"replies":[{"embeddable":true,"href":"https:\/\/blog.corretoraideal.com.br\/index.php\/wp-json\/wp\/v2\/comments?post=53516"}],"version-history":[{"count":1,"href":"https:\/\/blog.corretoraideal.com.br\/index.php\/wp-json\/wp\/v2\/posts\/53516\/revisions"}],"predecessor-version":[{"id":53519,"href":"https:\/\/blog.corretoraideal.com.br\/index.php\/wp-json\/wp\/v2\/posts\/53516\/revisions\/53519"}],"wp:attachment":[{"href":"https:\/\/blog.corretoraideal.com.br\/index.php\/wp-json\/wp\/v2\/media?parent=53516"}],"wp:term":[{"taxonomy":"category","embeddable":true,"href":"https:\/\/blog.corretoraideal.com.br\/index.php\/wp-json\/wp\/v2\/categories?post=53516"},{"taxonomy":"post_tag","embeddable":true,"href":"https:\/\/blog.corretoraideal.com.br\/index.php\/wp-json\/wp\/v2\/tags?post=53516"}],"curies":[{"name":"wp","href":"https:\/\/api.w.org\/{rel}","templated":true}]}}