{"id":53526,"date":"2023-09-29T03:29:52","date_gmt":"2023-09-29T03:29:52","guid":{"rendered":"https:\/\/blog.corretoraideal.com.br\/?p=53526"},"modified":"2023-09-29T03:29:52","modified_gmt":"2023-09-29T03:29:52","slug":"homem-suspeito-de-ameacar-a-irma-em-campos-e-preso-por-porte-ilegal-de-arma-norte-fluminense-g1","status":"publish","type":"post","link":"https:\/\/blog.corretoraideal.com.br\/index.php\/2023\/09\/29\/homem-suspeito-de-ameacar-a-irma-em-campos-e-preso-por-porte-ilegal-de-arma-norte-fluminense-g1\/","title":{"rendered":"Homem suspeito de amea\u00e7ar a irm\u00e3 em Campos \u00e9 preso por porte ilegal de arma | Norte Fluminense | G1"},"content":{"rendered":"<p>                <img loading=\"lazy\" decoding=\"async\" class=\"aligncenter size-full wp-image-53528\" src=\"https:\/\/blog.corretoraideal.com.br\/wp-content\/uploads\/2023\/09\/em-campos-homem-e-preso-por-porte-ilegal-de-arma-depois-de-ameacar-a-irma.jpeg\" alt=\"Em Campos, homem \u00e9 preso por porte ilegal de arma depois de amea\u00e7ar a irm\u00e3\" width=\"800\" height=\"400\" \/>      <\/p>\n<p> Em Campos, homem \u00e9 preso por porte ilegal de arma depois de amea\u00e7ar a irm\u00e3 <\/p>\n<p> Um homem de 54 anos foi preso por porte ilegal de armas em <a class href=\"https:\/\/g1.globo.com\/rj\/norte-fluminense\/cidade\/campos-dos-goytacazes\/\">Campos dos Goytacazes<\/a>, no Norte Fluminense, depois que a irm\u00e3 dele, de 50 anos, disse \u00e0 pol\u00edcia ter sido amea\u00e7ada. <\/p>\n<p> De acordo com a pol\u00edcia, a v\u00edtima relatou que passou a sofrer amea\u00e7as porque o irm\u00e3o queria ficar com uma casa que a m\u00e3e deixou de heran\u00e7a. Em depoimento \u00e0 Delegacia Especializada em Atendimento \u00e0 Mulher (Deam), ela disse ainda que o acusado tinha uma arma de fogo. <\/p>\n<p>         1 de 1&#013;Homem foi preso por porte ilegal de arma e liberado ap\u00f3s pagar fian\u00e7a em Campos \u2014 Foto: Reprodu\u00e7\u00e3o Inter TV RJ    <\/p>\n<p> Homem foi preso por porte ilegal de arma e liberado ap\u00f3s pagar fian\u00e7a em Campos \u2014 Foto: Reprodu\u00e7\u00e3o Inter TV RJ <\/p>\n<p> Os policiais civis da Deam prenderam o homem em flagrante portando um rev\u00f3lver calibre 32 e muni\u00e7\u00f5es. Ele pagou a fian\u00e7a de R$ 2 mil e foi liberado. <\/p>\n<p> A Deam tamb\u00e9m informou que o homem ainda deve responder pelo crime de amea\u00e7a. <\/p>\n<p> Segundo o Art. 147 do CP brasileiro, amea\u00e7a \u00e9 crime previsto em Lei, com pena de pris\u00e3o de 1 a 6 meses ou pagamento de multa. <\/p>\n<p> De acordo com dados do Instituto de Seguran\u00e7a P\u00fablica do Rio de Janeiro, entre janeiro e agosto de 2023 foram registrados 2.216 crimes de amea\u00e7a, na Regi\u00e3o Norte Fluminense. <\/p>\n<ul>\n<li> <a href=\"https:\/\/g1.globo.com\/rj\/norte-fluminense\/cidade\/campos-dos-goytacazes\/\" class=\"entities__list-itemLink\" data-track-click=\"Campos dos Goytacazes\"> Campos dos Goytacazes <\/a> <\/li>\n<\/ul>\n","protected":false},"excerpt":{"rendered":"<p>Em Campos, homem \u00e9 preso por porte ilegal de arma depois de amea\u00e7ar a irm\u00e3 Um homem de 54 anos foi preso por porte ilegal de armas em Campos dos Goytacazes, no Norte Fluminense, depois que a irm\u00e3 dele, de 50 anos, disse \u00e0 pol\u00edcia ter sido amea\u00e7ada. De acordo com a pol\u00edcia, a v\u00edtima [&hellip;]<\/p>\n","protected":false},"author":1,"featured_media":0,"comment_status":"closed","ping_status":"closed","sticky":false,"template":"","format":"standard","meta":{"footnotes":""},"categories":[],"tags":[],"class_list":["post-53526","post","type-post","status-publish","format-standard","hentry"],"_links":{"self":[{"href":"https:\/\/blog.corretoraideal.com.br\/index.php\/wp-json\/wp\/v2\/posts\/53526","targetHints":{"allow":["GET"]}}],"collection":[{"href":"https:\/\/blog.corretoraideal.com.br\/index.php\/wp-json\/wp\/v2\/posts"}],"about":[{"href":"https:\/\/blog.corretoraideal.com.br\/index.php\/wp-json\/wp\/v2\/types\/post"}],"author":[{"embeddable":true,"href":"https:\/\/blog.corretoraideal.com.br\/index.php\/wp-json\/wp\/v2\/users\/1"}],"replies":[{"embeddable":true,"href":"https:\/\/blog.corretoraideal.com.br\/index.php\/wp-json\/wp\/v2\/comments?post=53526"}],"version-history":[{"count":1,"href":"https:\/\/blog.corretoraideal.com.br\/index.php\/wp-json\/wp\/v2\/posts\/53526\/revisions"}],"predecessor-version":[{"id":53529,"href":"https:\/\/blog.corretoraideal.com.br\/index.php\/wp-json\/wp\/v2\/posts\/53526\/revisions\/53529"}],"wp:attachment":[{"href":"https:\/\/blog.corretoraideal.com.br\/index.php\/wp-json\/wp\/v2\/media?parent=53526"}],"wp:term":[{"taxonomy":"category","embeddable":true,"href":"https:\/\/blog.corretoraideal.com.br\/index.php\/wp-json\/wp\/v2\/categories?post=53526"},{"taxonomy":"post_tag","embeddable":true,"href":"https:\/\/blog.corretoraideal.com.br\/index.php\/wp-json\/wp\/v2\/tags?post=53526"}],"curies":[{"name":"wp","href":"https:\/\/api.w.org\/{rel}","templated":true}]}}