{"id":53540,"date":"2023-09-29T09:46:24","date_gmt":"2023-09-29T09:46:24","guid":{"rendered":"https:\/\/blog.corretoraideal.com.br\/?p=53540"},"modified":"2023-09-29T09:46:24","modified_gmt":"2023-09-29T09:46:24","slug":"clientes-descobrem-no-hotel-que-reserva-fora-da-linha-promo-da-123-milhas-foi-cancelada-sem-chao-turismo-e-viagem-g1","status":"publish","type":"post","link":"https:\/\/blog.corretoraideal.com.br\/index.php\/2023\/09\/29\/clientes-descobrem-no-hotel-que-reserva-fora-da-linha-promo-da-123-milhas-foi-cancelada-sem-chao-turismo-e-viagem-g1\/","title":{"rendered":"Clientes descobrem no hotel que reserva fora da linha Promo da 123 Milhas foi cancelada: &#039;Sem ch\u00e3o&#039; | Turismo e Viagem | G1"},"content":{"rendered":"\n<ul>\n<li>\n<p> Clientes da 123 Milhas reclamam que tiveram canceladas reservas para viagens fora da linha Promo, suspensa pela empresa no come\u00e7o do m\u00eas passado. <\/p>\n<\/li>\n<li>\n<p> Eles se queixam da falta de comunica\u00e7\u00e3o da empresa sobre o ocorrido. <\/p>\n<\/li>\n<li>\n<p> \u00d3rg\u00e3os defesa do consumidor entendem que a 123 Milhas tem violado os direitos dos consumidores ao falhar na presta\u00e7\u00e3o de servi\u00e7o e no acesso \u00e0 informa\u00e7\u00e3o. E cobram melhoria. <\/p>\n<\/li>\n<li>\n<p> Advogados especialistas em direito empresarial explicam que, por uma determina\u00e7\u00e3o da Justi\u00e7a, a empresa est\u00e1 isenta, por 6 meses, de honrar servi\u00e7os comprados no site at\u00e9 o dia 29 de agosto. <\/p>\n<\/li>\n<li>\n<p> O que protege a empresa \u00e9 uma &quot;blindagem&quot; prevista na Lei de Recupera\u00e7\u00e3o Judicial. A recupera\u00e7\u00e3o da 123 Milhas foi suspensa, mas esse dispositivo foi mantido pelo juiz. <\/p>\n<\/li>\n<\/ul>\n<p> Clientes da 123 Milhas reclamam que tiveram canceladas reservas para viagens fora da linha Promo, suspensa pela empresa no come\u00e7o do m\u00eas passado. <\/p>\n<p> Eles se queixam da falta de comunica\u00e7\u00e3o da empresa sobre o ocorrido. <\/p>\n<p> \u00d3rg\u00e3os defesa do consumidor entendem que a 123 Milhas tem violado os direitos dos consumidores ao falhar na presta\u00e7\u00e3o de servi\u00e7o e no acesso \u00e0 informa\u00e7\u00e3o. E cobram melhoria. <\/p>\n<p> Advogados especialistas em direito empresarial explicam que, por uma determina\u00e7\u00e3o da Justi\u00e7a, a empresa est\u00e1 isenta, por 6 meses, de honrar servi\u00e7os comprados no site at\u00e9 o dia 29 de agosto. <\/p>\n<p> O que protege a empresa \u00e9 uma &quot;blindagem&quot; prevista na Lei de Recupera\u00e7\u00e3o Judicial. A recupera\u00e7\u00e3o da 123 Milhas foi suspensa, mas esse dispositivo foi mantido pelo juiz. <\/p>\n<p>         1 de 2&#013;J\u00falia de Souza recebeu uma pesquisa da 123 Milhas ap\u00f3s ser barrada na porta de hotel em Curitiba (SP) \u2014 Foto: Arquivo Pessoal    <\/p>\n<p> J\u00falia de Souza recebeu uma pesquisa da 123 Milhas ap\u00f3s ser barrada na porta de hotel em Curitiba (SP) \u2014 Foto: Arquivo Pessoal <\/p>\n<p> Imagine ir para uma cidade desconhecida, pagar antecipadamente pela hospedagem e ser barrado na porta do hotel. <\/p>\n<p> Foi o que aconteceu com J\u00falia de Souza e a m\u00e3e dela durante uma viagem neste m\u00eas para <a class href=\"https:\/\/g1.globo.com\/pr\/parana\/cidade\/curitiba\/\">Curitiba<\/a> , reservada em maio pelo site da 123 Milhas \u2014 e fora da linha Promo, que foi <a class href=\"https:\/\/g1.globo.com\/economia\/noticia\/2023\/08\/18\/agencia-de-viagens-123-milhas-suspende-pacotes-e-emissao-de-passagens-promocionais.ghtml\">suspensa<\/a> pela empresa. <\/p>\n<p>&quot;Fiquei sem ch\u00e3o quando falaram que a 123 tinha cancelado. Tentei ligar para empresa, mas s\u00f3 dava mensagem autom\u00e1tica (&#8230;) Percebi que eu n\u00e3o teria suporte e pesquisei outros hot\u00e9is&quot;, descreveu a cliente.<\/p>\n<p> Julia teve que desembolsar mais R$ 1,5 mil para encontrar outro lugar para ficar, al\u00e9m dos quase R$ 400 que j\u00e1 tinha pago para a ag\u00eancia. E n\u00e3o foi a \u00fanica. Outras pessoas que compraram produtos na 123 Milhas t\u00eam reclamado nas \u00faltimas semanas que ficaram na m\u00e3o. <\/p>\n<p> Os consumidores tamb\u00e9m se queixam de n\u00e3o terem sido comunicados com anteced\u00eancia pela empresa sobre a derrubada das reservas n\u00e3o promocionais. <\/p>\n<p> Pouco mais de um m\u00eas depois de a crise vir \u00e0 tona, a 123 Milhas segue operando, ap\u00f3s pedir recupera\u00e7\u00e3o judicial no fim de agosto \u2014 um processo que est\u00e1 <a class href=\"https:\/\/g1.globo.com\/mg\/minas-gerais\/noticia\/2023\/09\/20\/justica-suspende-recuperacao-judicial-da-123-milhas.ghtml\">suspenso<\/a> atualmente. <\/p>\n<p> At\u00e9 a noite da \u00faltima quinta-feira (28), na capa do site, existia apenas um aviso (&quot;banner&quot;) para quem precisasse de ajuda com pacotes Promo; n\u00e3o havia nenhuma men\u00e7\u00e3o sobre cancelamentos de servi\u00e7os fora desta linha. <\/p>\n<p> O<strong> <\/strong><a class href=\"https:\/\/g1.globo.com\/\"><strong>g1<\/strong><\/a> <strong>ouviu advogados e \u00f3rg\u00e3os de defesa do consumidor<\/strong>, al\u00e9m da 123 Milhas, para entender por que os cancelamentos est\u00e3o acontecendo e se a empresa pode agir assim. <strong>Veja os principais pontos<\/strong> do que eles disseram: <\/p>\n<li>Advogados especialistas em direito empresarial entendem que, por lei, a 123 Milhas est\u00e1 isenta de honrar, por 6 meses, servi\u00e7os comprados por seus clientes at\u00e9 o dia 29 de agosto. \u00c9 a data em que a empresa pediu recupera\u00e7\u00e3o judicial;<\/li>\n<li>O que protege a empresa, neste momento, \u00e9 uma &quot;blindagem&quot; que inclui at\u00e9 mesmo produtos que n\u00e3o faziam parte da linha Promo e os vouchers emitidos como compensa\u00e7\u00e3o;<\/li>\n<li>Por outro lado, o Idec e o Procon-SP, \u00f3rg\u00e3os de defesa do consumidor, entendem que a empresa tem violado os direitos dos consumidores ao falhar na presta\u00e7\u00e3o de servi\u00e7o e no acesso \u00e0 informa\u00e7\u00e3o;<\/li>\n<li>Ao <a class href=\"https:\/\/g1.globo.com\/\">g1<\/a>, o site de viagens afirmou que suas demandas (no atendimento ao cliente) aumentaram desde o pedido de recupera\u00e7\u00e3o judicial, em agosto, e que tem respondido em ordem cronol\u00f3gica.<\/li>\n<p> <strong>Leia abaixo mais detalhes.<\/strong> <\/p>\n<p><h2>Preju\u00edzo dentro e fora da linha Promo<\/h2>\n<\/p>\n<p> J\u00falia de Souza e a m\u00e3e, moradoras de <a class href=\"https:\/\/g1.globo.com\/sc\/santa-catarina\/cidade\/garopaba\/\">Garopaba (SC)<\/a>, tinham feito as reservas do hotel em Curitiba com a 123 Milhas em maio. Uma semana antes da viagem, J\u00falia ainda ligou para o estabelecimento, que confirmou a hospedagem. <\/p>\n<p> Segundo a jornalista, em nenhum momento a empresa comunicou o cancelamento<strong> <\/strong>e nem explicou por que elas s\u00f3 ficaram sabendo na hora do check-in. <\/p>\n<p>\u201cA \u00fanica mensagem que recebi da ag\u00eancia foi para avaliar a hospedagem, servi\u00e7o que nem cheguei a usar\u201d, completou.<\/p>\n<p> Em 9 de agosto, dias antes da crise da 123 Milhas se tornar p\u00fablica, a professora Milena Ramos, de <a class href=\"https:\/\/g1.globo.com\/pe\/pernambuco\/cidade\/recife\/\">Recife<\/a>, tinha comprado um pacote da linha Promo da 123 Milhas para novembro. <\/p>\n<p> O destino era o <a class href=\"https:\/\/g1.globo.com\/rj\/rio-de-janeiro\/cidade\/rio-de-janeiro\/\">Rio de Janeiro<\/a>: ela queria encontrar amigos e curtir o show da cantora Taylor Swift. <\/p>\n<p>         2 de 2&#013;Milena Ramos comprou uma pacote promocional com sete di\u00e1rias na 123 Milhas \u2014 Foto: Arquivo Pessoal    <\/p>\n<p> Milena Ramos comprou uma pacote promocional com sete di\u00e1rias na 123 Milhas \u2014 Foto: Arquivo Pessoal <\/p>\n<p> No dia 22 de agosto, pouco depois da suspens\u00e3o da linha Promo, <a class href=\"https:\/\/g1.globo.com\/turismo-e-viagem\/noticia\/2023\/08\/22\/fas-de-taylor-swift-reclamam-apos-123-milhas-suspender-passagens-promocionais-e-muito-sofrimento.ghtml\">Milena contou ao <strong>g1 <\/strong>que tinha desembolsado R$ 2.200 com a viagem<\/a>. E que, depois da decis\u00e3o da 123 Milhas, recebeu tr\u00eas vouchers como compensa\u00e7\u00e3o. <\/p>\n<p> Mas, al\u00e9m das passagens, ela tamb\u00e9m tinha reservado com a 123 uma pousada em Porto de Galinhas (PE), que n\u00e3o fazia parte da linha Promo, para dezembro. &quot;At\u00e9 o dia 28 de agosto estava tudo certo&quot;, disse. <\/p>\n<p> Na semana passada, ao ligar novamente para o destino, foi informada de que a reserva havia sido cancelada pela ag\u00eancia. <\/p>\n<p> Juntando o que pagou pelas viagens para Porto de Galinhas e para o Rio \u2014 j\u00e1 que n\u00e3o pode usar os vouchers por enquanto \u2014 ela afirma que o preju\u00edzo \u00e9 de R$ 4 mil. <\/p>\n<p><h2>O que dizem advogados<\/h2>\n<\/p>\n<p>Neste momento, a 123 Milhas est\u00e1 isenta, por lei, de honrar os servi\u00e7os comprados com a empresa at\u00e9 o dia 29 de agosto. Esta &quot;blindagem&quot; dura 6 meses, contados a partir dessa data, e inclui todos os produtos, mesmo os que n\u00e3o fazem parte da linha Promo. <\/p>\n<p> \u00c9 o que explica Fernando Brandariz, advogado especializado em recupera\u00e7\u00e3o judicial e presidente da Comiss\u00e3o de Direito Empresarial da OAB-Pinheiros. <\/p>\n<p> Os <strong>vouchers distribu\u00eddos como compensa\u00e7\u00e3o para os clientes da Promo tamb\u00e9m est\u00e3o inclusos na &quot;blindagem&quot;<\/strong>, assim como as <strong>d\u00edvidas que est\u00e3o na Justi\u00e7a<\/strong>, refor\u00e7a Carlos Nei Fernandes Barreto J\u00fanior, chefe de Contencioso C\u00edvel, Consumerista e Estrat\u00e9gico do PG Advogados. <\/p>\n<p> Da\u00ed os cancelamentos enfrentados por J\u00falia e Milena, que compraram os servi\u00e7os antes de 29 de agosto. <\/p>\n<p> Por outro lado, a companhia precisa honrar todos os compromissos assumidos com os clientes que contrataram servi\u00e7os ap\u00f3s essa data, j\u00e1 que ela continua operando. <\/p>\n<p> <strong>POR QUE 29 DE AGOSTO?<\/strong> \u00c9 a data em que a 123 Milhas <a class href=\"https:\/\/g1.globo.com\/mg\/minas-gerais\/noticia\/2023\/08\/29\/123-milhas-entra-com-pedido-de-recuperacao-judicial.ghtml\">pediu recupera\u00e7\u00e3o judicial<\/a>, cerca de 10 dias depois da suspens\u00e3o da linha Promo, quando a crise da empresa veio \u00e0 tona. <\/p>\n<p> O pedido foi aceito pelo Tribunal de Justi\u00e7a de Minas Gerais apenas dois dias depois. <\/p>\n<p> <strong>A 123 MILHAS PODE CONTINUAR VENDENDO?<\/strong> Sim. A<strong> <\/strong><a class href=\"https:\/\/www.planalto.gov.br\/ccivil_03\/_ato2004-2006\/2005\/lei\/l11101.htm\" target=\"_blank\" rel=\"noopener noreferrer\"><strong>Lei de Recupera\u00e7\u00e3o Judicial<\/strong><\/a><strong> <\/strong>permite que empresas endividadas continuem funcionando, enquanto negociam com os seus credores, sob media\u00e7\u00e3o da Justi\u00e7a. <\/p>\n<p> E a &quot;blindagem&quot; que isenta a empresa de honrar com os servi\u00e7os vendidos at\u00e9 a data do pedido de recupera\u00e7\u00e3o, por 6 meses, faz parte dessa lei. \u00c9 o chamado <strong>&quot;stay period&quot;<\/strong>. <\/p>\n<p> A ideia \u00e9 que a companhia ganhe tempo para fazer caixa, pagar d\u00edvidas e se reerguer, afirma Marcelo Godke, advogado especializado em Direito Empresarial, Compliance e professor do Insper e Faap. <\/p>\n<p> <strong>MAS A RECUPERA\u00c7\u00c3O N\u00c3O FOI SUSPENSA? <\/strong>A Justi\u00e7a <a class href=\"https:\/\/g1.globo.com\/mg\/minas-gerais\/noticia\/2023\/09\/20\/justica-suspende-recuperacao-judicial-da-123-milhas.ghtml\">acabou suspendendo o processo de recupera\u00e7\u00e3o judicial no \u00faltimo dia 20<\/a>, para reavalia\u00e7\u00e3o, mas manteve o per\u00edodo de &quot;blindagem&quot;. <\/p>\n<p> <strong>Leia tamb\u00e9m:<\/strong> <\/p>\n<ul>\n<li><a class href=\"https:\/\/g1.globo.com\/turismo-e-viagem\/noticia\/2023\/09\/20\/hotel-brasileiro-e-eleito-um-dos-melhores-do-mundo-fotos.ghtml\">Hotel brasileiro \u00e9 eleito o melhor da Am\u00e9rica do Sul; veja FOTOS<\/a><\/li>\n<li><a class href=\"https:\/\/g1.globo.com\/turismo-e-viagem\/noticia\/2023\/09\/27\/restaurantes-do-brasil-entram-em-listas-de-melhores-do-mundo-para-ir-em-familia-e-para-frequentar-a-noite.ghtml\">Restaurantes do Brasil entram em listas de melhores do mundo <\/a><\/li>\n<\/ul>\n<p><h2>O que dizem \u00f3rg\u00e3os de defesa do consumidor<\/h2>\n<\/p>\n<p>Apesar de atuar dentro da legalidade empresarial, o Instituto Brasileiro de Defesa do Consumidor (Idec) e o Procon-SP apontam que a 123 Milhas tem violado os direitos dos consumidores ao falhar na presta\u00e7\u00e3o de servi\u00e7o e no acesso \u00e0 informa\u00e7\u00e3o. <\/p>\n<p> Neste contexto, os \u00f3rg\u00e3os apontam que, desde \u00e0 suspens\u00e3o da linha Promo, t\u00eam recebido in\u00fameras den\u00fancias por parte dos clientes da ag\u00eancia. <\/p>\n<p> \u201cTodas as reclama\u00e7\u00f5es registradas no Procon-SP foram encaminhadas \u00e0 empresa e acompanhadas pelos especialistas do \u00f3rg\u00e3o. Tamb\u00e9m foi lavrada uma multa contra a 123 Milhas e os dados foram compartilhados com o Minist\u00e9rio P\u00fablico, para eventuais provid\u00eancias judiciais\u201d, ressaltou o \u00f3rg\u00e3o. <\/p>\n<p> Diante do relato de clientes sobre cancelamentos de reservas descobertos na hora da hospedagem, o <a class href=\"https:\/\/g1.globo.com\/turismo-e-viagem\/noticia\/2023\/09\/26\/procon-sp-pede-que-123-milhas-melhore-comunicacao-com-clientes-apos-crise-na-agencia.ghtml\">Procon notificou a 123 Milhas<\/a> na \u00faltima ter\u00e7a-feira (26) para que a empresa adote formas mais claras de comunica\u00e7\u00e3o. <\/p>\n<p> O \u00f3rg\u00e3o exige que a empresa torne mais acess\u00edvel a visualiza\u00e7\u00e3o de informa\u00e7\u00f5es sobre a suspens\u00e3o dos pacotes e o andamento do pedido de recupera\u00e7\u00e3o judicial. <\/p>\n<p> E que a p\u00e1gina da 123 Milhas contenha explica\u00e7\u00f5es sobre os contratos firmados e ofere\u00e7a mais canais de atendimento aos consumidores. <\/p>\n<p> <strong>INFORMA\u00c7\u00c3O ESCONDIDA:<\/strong> no site, apenas quem chega \u00e0 p\u00e1gina de &quot;Ajuda&quot; e clica no item &quot;Promo 123&quot; \u00e9 levado a uma outra p\u00e1gina onde \u00e9 poss\u00edvel acessar uma &quot;atualiza\u00e7\u00e3o importante&quot; sobre a linha. <\/p>\n<p> S\u00f3 depois de mais um clique aparece uma nota onde a empresa explica que, por causa do pedido de recupera\u00e7\u00e3o judicial, &quot;est\u00e1 impedida temporariamente, sob as penalidades da lei, de realizar pagamentos de qualquer natureza, referente a transa\u00e7\u00f5es realizada at\u00e9 a data de 29\/08\/2023&quot;. <\/p>\n<p> &quot;Dessa maneira, enquanto estiver em tramita\u00e7\u00e3o o processo de Recupera\u00e7\u00e3o Judicial, seu voucher n\u00e3o poder\u00e1 ser solicitado.&quot; <\/p>\n<p><h2>O que diz a 123 Milhas<\/h2>\n<\/p>\n<p> Ao <a class href=\"https:\/\/g1.globo.com\/\"><strong>g1<\/strong><\/a>, a 123 Milhas afirmou que j\u00e1 enviou proposta de altera\u00e7\u00e3o para o Procon-SP e aguarda um posicionamento. <\/p>\n<p> Al\u00e9m disso, informou que suas &quot;demandas (de atendimento ao cliente) se multiplicaram&quot; nas \u00faltimas semanas, mas que &quot;todas est\u00e3o sendo respondidas, em ordem cronol\u00f3gica&quot;, dando prioridade \u00e0s formuladas no site consumidor.gov. <\/p>\n<p> A empresa n\u00e3o comentou os casos relatados nesta reportagem. <\/p>\n<p> <strong>Leia tamb\u00e9m: <\/strong> <\/p>\n<ul>\n<li><a class href=\"https:\/\/g1.globo.com\/mg\/minas-gerais\/noticia\/2023\/09\/22\/maxmilhas-do-grupo-123-milhas-pede-recuperacao-judicial-divida-e-de-r-226-milhoes-diz-empresa.ghtml\">Maxmilhas tamb\u00e9m pediu recupera\u00e7\u00e3o judicial; d\u00edvida \u00e9 de R$ 226 milh\u00f5es<\/a><\/li>\n<\/ul>\n<p>                   <img loading=\"lazy\" decoding=\"async\" class=\"aligncenter size-full wp-image-53542\" src=\"https:\/\/blog.corretoraideal.com.br\/wp-content\/uploads\/2023\/09\/123-milhas-veja-direitos-do-consumidor-2.jpeg\" alt=\"123 Milhas: Veja direitos do consumidor\" width=\"800\" height=\"400\" \/>      <\/p>\n<p> 123 Milhas: Veja direitos do consumidor <\/p>\n<p><h2>Mais v\u00eddeos de turismo:<\/h2>\n<\/p>\n<p>                   <img loading=\"lazy\" decoding=\"async\" class=\"aligncenter size-full wp-image-53543\" src=\"https:\/\/blog.corretoraideal.com.br\/wp-content\/uploads\/2023\/09\/conheca-o-maior-navio-de-cruzeiro-do-mundo-que-pesa-5-vezes-mais-que-o-titanic-5.jpeg\" alt=\"Conhe\u00e7a o maior navio de cruzeiro do mundo, que pesa 5 vezes mais que o Titanic\" width=\"800\" height=\"400\" \/>      <\/p>\n<p> Conhe\u00e7a o maior navio de cruzeiro do mundo, que pesa 5 vezes mais que o Titanic <\/p>\n<p>                    <img loading=\"lazy\" decoding=\"async\" class=\"aligncenter size-full wp-image-53544\" src=\"https:\/\/blog.corretoraideal.com.br\/wp-content\/uploads\/2023\/09\/brasil-tem-duas-das-melhores-sorveterias-do-mundo-segundo-atlas-gastronomico-4.jpeg\" alt=\"Brasil tem duas das melhores sorveterias do mundo, segundo atlas gastron\u00f4mico\" width=\"800\" height=\"400\" \/>      <\/p>\n<p> Brasil tem duas das melhores sorveterias do mundo, segundo atlas gastron\u00f4mico <\/p>\n<p>                    <img loading=\"lazy\" decoding=\"async\" class=\"aligncenter size-full wp-image-53545\" src=\"https:\/\/blog.corretoraideal.com.br\/wp-content\/uploads\/2023\/09\/casa-do-shrek-na-escocia-esta-disponivel-para-aluguel-de-ferias-1.jpeg\" alt=\"Casa do Shrek na Esc\u00f3cia est\u00e1 dispon\u00edvel para aluguel de f\u00e9rias\" width=\"800\" height=\"400\" \/>      <\/p>\n<p> Casa do Shrek na Esc\u00f3cia est\u00e1 dispon\u00edvel para aluguel de f\u00e9rias <\/p>\n<ul>\n<li> <a href=\"https:\/\/g1.globo.com\/pr\/parana\/cidade\/curitiba\/\" class=\"entities__list-itemLink\" data-track-click=\"Curitiba\"> Curitiba <\/a> <\/li>\n<li> <a href=\"https:\/\/g1.globo.com\/sc\/santa-catarina\/cidade\/garopaba\/\" class=\"entities__list-itemLink\" data-track-click=\"Garopaba\"> Garopaba <\/a> <\/li>\n<li> <a href=\"https:\/\/g1.globo.com\/pe\/pernambuco\/cidade\/recife\/\" class=\"entities__list-itemLink\" data-track-click=\"Recife\"> Recife <\/a> <\/li>\n<li> <a href=\"https:\/\/g1.globo.com\/rj\/rio-de-janeiro\/cidade\/rio-de-janeiro\/\" class=\"entities__list-itemLink\" data-track-click=\"Rio de Janeiro\"> Rio de Janeiro <\/a> <\/li>\n<\/ul>\n","protected":false},"excerpt":{"rendered":"<p>Clientes da 123 Milhas reclamam que tiveram canceladas reservas para viagens fora da linha Promo, suspensa pela empresa no come\u00e7o do m\u00eas passado. Eles se queixam da falta de comunica\u00e7\u00e3o da empresa sobre o ocorrido. \u00d3rg\u00e3os defesa do consumidor entendem que a 123 Milhas tem violado os direitos dos consumidores ao falhar na presta\u00e7\u00e3o de [&hellip;]<\/p>\n","protected":false},"author":1,"featured_media":0,"comment_status":"closed","ping_status":"closed","sticky":false,"template":"","format":"standard","meta":{"footnotes":""},"categories":[],"tags":[],"class_list":["post-53540","post","type-post","status-publish","format-standard","hentry"],"_links":{"self":[{"href":"https:\/\/blog.corretoraideal.com.br\/index.php\/wp-json\/wp\/v2\/posts\/53540","targetHints":{"allow":["GET"]}}],"collection":[{"href":"https:\/\/blog.corretoraideal.com.br\/index.php\/wp-json\/wp\/v2\/posts"}],"about":[{"href":"https:\/\/blog.corretoraideal.com.br\/index.php\/wp-json\/wp\/v2\/types\/post"}],"author":[{"embeddable":true,"href":"https:\/\/blog.corretoraideal.com.br\/index.php\/wp-json\/wp\/v2\/users\/1"}],"replies":[{"embeddable":true,"href":"https:\/\/blog.corretoraideal.com.br\/index.php\/wp-json\/wp\/v2\/comments?post=53540"}],"version-history":[{"count":1,"href":"https:\/\/blog.corretoraideal.com.br\/index.php\/wp-json\/wp\/v2\/posts\/53540\/revisions"}],"predecessor-version":[{"id":53546,"href":"https:\/\/blog.corretoraideal.com.br\/index.php\/wp-json\/wp\/v2\/posts\/53540\/revisions\/53546"}],"wp:attachment":[{"href":"https:\/\/blog.corretoraideal.com.br\/index.php\/wp-json\/wp\/v2\/media?parent=53540"}],"wp:term":[{"taxonomy":"category","embeddable":true,"href":"https:\/\/blog.corretoraideal.com.br\/index.php\/wp-json\/wp\/v2\/categories?post=53540"},{"taxonomy":"post_tag","embeddable":true,"href":"https:\/\/blog.corretoraideal.com.br\/index.php\/wp-json\/wp\/v2\/tags?post=53540"}],"curies":[{"name":"wp","href":"https:\/\/api.w.org\/{rel}","templated":true}]}}