{"id":53547,"date":"2023-09-29T10:57:46","date_gmt":"2023-09-29T10:57:46","guid":{"rendered":"https:\/\/blog.corretoraideal.com.br\/?p=53547"},"modified":"2023-09-29T10:57:46","modified_gmt":"2023-09-29T10:57:46","slug":"de-qual-parte-do-boi-vem-a-picanha-teste-seus-conhecimentos-sobre-churrasco-agronegocios-g1","status":"publish","type":"post","link":"https:\/\/blog.corretoraideal.com.br\/index.php\/2023\/09\/29\/de-qual-parte-do-boi-vem-a-picanha-teste-seus-conhecimentos-sobre-churrasco-agronegocios-g1\/","title":{"rendered":"De qual parte do boi vem a picanha? Teste seus conhecimentos sobre churrasco | Agroneg\u00f3cios | G1"},"content":{"rendered":"<p>      1 de 1&#013;Churrasco: teste seus conhecimentos no quiz. \u2014 Foto: Marek Mucha\/ Unsplash    <\/p>\n<p> Churrasco: teste seus conhecimentos no quiz. \u2014 Foto: Marek Mucha\/ Unsplash <\/p>\n<p> <strong>(CLIQUE ACIMA PARA OUVIR)<\/strong> <\/p>\n<p> O Brasil \u00e9<strong> destaque mundial<\/strong> na produ\u00e7\u00e3o das carnes <a class href=\"https:\/\/g1.globo.com\/podcast\/de-onde-vem-o-que-eu-como\/noticia\/2023\/05\/15\/de-onde-vem-o-que-eu-como-41-carne-bovina.ghtml\">bovina<\/a>, <a class href=\"https:\/\/g1.globo.com\/podcast\/de-onde-vem-o-que-eu-como\/noticia\/2022\/11\/28\/de-onde-vem-o-que-eu-como-17-frango.ghtml\">de frango<\/a> e <a class href=\"https:\/\/g1.globo.com\/podcast\/de-onde-vem-o-que-eu-como\/noticia\/2023\/01\/16\/de-onde-vem-o-que-eu-como-24-carne-de-porco.ghtml\">su\u00edna<\/a>. <\/p>\n<p> Nesta semana, o podcast <a class href=\"https:\/\/g1.globo.com\/podcast\/de-onde-vem-o-que-eu-como\/\">De onde vem o que eu como<\/a> explica <strong>como as tr\u00eas cadeias produtivas se desenvolveram no pa\u00eds e quais cortes de carnes s\u00e3o considerados mais saud\u00e1veis. ?<\/strong>OU\u00c7A (acima) e, na sequ\u00eancia, teste seus conhecimentos sobre o churrasco:<strong> <\/strong> <\/p>\n<p> ? <strong>OU\u00c7A TAMB\u00c9M:<\/strong> <\/p>\n<p> <strong>?DE ONDE VEM?<\/strong> <\/p>\n<p>                   <img loading=\"lazy\" decoding=\"async\" class=\"aligncenter size-full wp-image-53549\" src=\"https:\/\/blog.corretoraideal.com.br\/wp-content\/uploads\/2023\/09\/de-onde-vem-o-que-eu-como-ovos.jpeg\" alt=\"De onde vem o que eu como: Ovos\" width=\"800\" height=\"400\" \/>      <\/p>\n<p> De onde vem o que eu como: Ovos <\/p>\n<p>                    <img loading=\"lazy\" decoding=\"async\" class=\"aligncenter size-full wp-image-53550\" src=\"https:\/\/blog.corretoraideal.com.br\/wp-content\/uploads\/2023\/09\/de-onde-vem-o-que-eu-como-tilapia-1.jpeg\" alt=\"De onde vem o que eu como: til\u00e1pia\" width=\"800\" height=\"400\" \/>      <\/p>\n<p> De onde vem o que eu como: til\u00e1pia <\/p>\n<p>                    <img loading=\"lazy\" decoding=\"async\" class=\"aligncenter size-full wp-image-53551\" src=\"https:\/\/blog.corretoraideal.com.br\/wp-content\/uploads\/2023\/09\/de-onde-vem-o-que-eu-como-flores-comestiveis-1.jpeg\" alt=\"De onde vem o que eu como: flores comest\u00edveis\" width=\"800\" height=\"400\" \/>      <\/p>\n<p> De onde vem o que eu como: flores comest\u00edveis <\/p>\n<ul> <\/ul>\n","protected":false},"excerpt":{"rendered":"<p>1 de 1&#013;Churrasco: teste seus conhecimentos no quiz. \u2014 Foto: Marek Mucha\/ Unsplash Churrasco: teste seus conhecimentos no quiz. \u2014 Foto: Marek Mucha\/ Unsplash (CLIQUE ACIMA PARA OUVIR) O Brasil \u00e9 destaque mundial na produ\u00e7\u00e3o das carnes bovina, de frango e su\u00edna. Nesta semana, o podcast De onde vem o que eu como explica como [&hellip;]<\/p>\n","protected":false},"author":1,"featured_media":0,"comment_status":"closed","ping_status":"closed","sticky":false,"template":"","format":"standard","meta":{"footnotes":""},"categories":[],"tags":[],"class_list":["post-53547","post","type-post","status-publish","format-standard","hentry"],"_links":{"self":[{"href":"https:\/\/blog.corretoraideal.com.br\/index.php\/wp-json\/wp\/v2\/posts\/53547","targetHints":{"allow":["GET"]}}],"collection":[{"href":"https:\/\/blog.corretoraideal.com.br\/index.php\/wp-json\/wp\/v2\/posts"}],"about":[{"href":"https:\/\/blog.corretoraideal.com.br\/index.php\/wp-json\/wp\/v2\/types\/post"}],"author":[{"embeddable":true,"href":"https:\/\/blog.corretoraideal.com.br\/index.php\/wp-json\/wp\/v2\/users\/1"}],"replies":[{"embeddable":true,"href":"https:\/\/blog.corretoraideal.com.br\/index.php\/wp-json\/wp\/v2\/comments?post=53547"}],"version-history":[{"count":1,"href":"https:\/\/blog.corretoraideal.com.br\/index.php\/wp-json\/wp\/v2\/posts\/53547\/revisions"}],"predecessor-version":[{"id":53552,"href":"https:\/\/blog.corretoraideal.com.br\/index.php\/wp-json\/wp\/v2\/posts\/53547\/revisions\/53552"}],"wp:attachment":[{"href":"https:\/\/blog.corretoraideal.com.br\/index.php\/wp-json\/wp\/v2\/media?parent=53547"}],"wp:term":[{"taxonomy":"category","embeddable":true,"href":"https:\/\/blog.corretoraideal.com.br\/index.php\/wp-json\/wp\/v2\/categories?post=53547"},{"taxonomy":"post_tag","embeddable":true,"href":"https:\/\/blog.corretoraideal.com.br\/index.php\/wp-json\/wp\/v2\/tags?post=53547"}],"curies":[{"name":"wp","href":"https:\/\/api.w.org\/{rel}","templated":true}]}}