{"id":53562,"date":"2023-09-29T15:30:36","date_gmt":"2023-09-29T15:30:36","guid":{"rendered":"https:\/\/blog.corretoraideal.com.br\/?p=53562"},"modified":"2023-09-29T15:30:36","modified_gmt":"2023-09-29T15:30:36","slug":"minha-casa-minha-vida-quem-recebe-bolsa-familia-ou-bpc-nao-precisara-mais-pagar-parcelas-politica-g1","status":"publish","type":"post","link":"https:\/\/blog.corretoraideal.com.br\/index.php\/2023\/09\/29\/minha-casa-minha-vida-quem-recebe-bolsa-familia-ou-bpc-nao-precisara-mais-pagar-parcelas-politica-g1\/","title":{"rendered":"Minha Casa, Minha Vida: quem recebe Bolsa Fam\u00edlia ou BPC n\u00e3o precisar\u00e1 mais pagar parcelas | Pol\u00edtica | G1"},"content":{"rendered":"\n<p> O <a class href=\"https:\/\/g1.globo.com\/tudo-sobre\/ministerio-das-cidades\/\">Minist\u00e9rio das Cidades<\/a> publicou nesta quinta-feira (28) uma portaria que isenta benefici\u00e1rios do Bolsa Fam\u00edlia e do Benef\u00edcio de Presta\u00e7\u00e3o Continuada (BPC) de pagarem presta\u00e7\u00f5es de im\u00f3veis comprados no <a class href=\"https:\/\/g1.globo.com\/tudo-sobre\/minha-casa-minha-vida\/\">programa Minha Casa, Minha Vida<\/a> (MCMV). <\/p>\n<p> A medida vale para contratos nas modalidades subsidiadas com recursos do Fundo de Arrendamento Residencial (FAR), do Fundo de Desenvolvimento Social (FDS) e do Programa Nacional de Habita\u00e7\u00e3o Rural (PNHR). <\/p>\n<p> A isen\u00e7\u00e3o est\u00e1 prevista na portaria publicada pelo governo que define os limites de renda e participa\u00e7\u00e3o financeira de benefici\u00e1rios nas quita\u00e7\u00f5es dos contratos do programa (<strong>veja mais mudan\u00e7as abaixo<\/strong>). <\/p>\n<p> A <a class href=\"https:\/\/g1.globo.com\/tudo-sobre\/caixa-economica-federal\/\">Caixa Econ\u00f4mica Federal<\/a>, institui\u00e7\u00e3o financeira respons\u00e1vel pelos contratos, tem um prazo de 30 dias regulamentar as regras e coloc\u00e1-las em vigor. <\/p>\n<p> &quot;Ap\u00f3s esse prazo, os contratos j\u00e1 firmados e que se enquadrem nas regras da isen\u00e7\u00e3o ter\u00e3o as cobran\u00e7as suspensas&quot;, informou o Minist\u00e9rio das Cidades. <\/p>\n<p> Em entrevista \u00e0 <strong>GloboNews<\/strong>, em fevereiro, o ministro Jader Filho j\u00e1 havia afirmado que estava em estudo pelo governo federal conceder <a class href=\"https:\/\/g1.globo.com\/politica\/blog\/valdo-cruz\/post\/2023\/02\/16\/minha-casa-minha-vida-governo-estuda-pagamento-zero-para-populacao-de-rua-e-quem-recebe-bolsa-familia.ghtml\">isen\u00e7\u00e3o total no Minha Casa, Minha Vida a quem recebe benef\u00edcios como o Bolsa Fam\u00edlia<\/a>. <\/p>\n<p> A proposta, segundo disse o ministro \u00e0 ocasi\u00e3o, tem o objetivo de diminuir o d\u00e9ficit habitacional e criar melhores condi\u00e7\u00f5es de contratos para esse p\u00fablico. <\/p>\n<p>                   <img loading=\"lazy\" decoding=\"async\" class=\"aligncenter size-full wp-image-53564\" src=\"https:\/\/blog.corretoraideal.com.br\/wp-content\/uploads\/2023\/09\/lula-sanciona-novas-regras-do-minha-casa-minha-vida.jpeg\" alt=\"Lula sanciona novas regras do Minha Casa Minha Vida\" width=\"800\" height=\"400\" \/>      <\/p>\n<p> Lula sanciona novas regras do Minha Casa Minha Vida <\/p>\n<p><h2>Mudan\u00e7as no programa<\/h2>\n<\/p>\n<p> A portaria do governo tamb\u00e9m reduz a quantidade de presta\u00e7\u00f5es para quita\u00e7\u00e3o do contrato, de 120 para 60 meses, nas unidades contratadas pelo Programa Nacional de Habita\u00e7\u00e3o Urbana (PNHU). <\/p>\n<p> O documento ainda estipula a redu\u00e7\u00e3o, de 4% para 1%, da parcela paga pelos benefici\u00e1rios nos contratos do Programa Nacional de Habita\u00e7\u00e3o Rural (PNHR). <\/p>\n<p> Al\u00e9m disso, fixa os valores m\u00e1ximos que cada fam\u00edlia pode pagar nas presta\u00e7\u00f5es dos im\u00f3veis adquiridos no MCMV nas modalidades subsidiadas com recursos do FAR, do FDS e do PNHR. <strong>Veja abaixo:<\/strong> <\/p>\n<ul>\n<li>Para fam\u00edlias com renda bruta familiar de at\u00e9 <strong>R$ 1.320<\/strong>, a presta\u00e7\u00e3o mensal dever ser de 10% da renda familiar e a parcela m\u00ednima \u00e9 de <strong>R$ 80,00<\/strong>; <\/li>\n<li>Para fam\u00edlias com renda bruta familiar de <strong>R$ 1.320,01<\/strong> a <strong>R$ 4.400<\/strong>, a presta\u00e7\u00e3o mensal deve ser de 15% da renda familiar, subtraindo <strong>R$ 66,00<\/strong> do valor. <\/li>\n<\/ul>\n<p> Em casos de atraso no pagamento das presta\u00e7\u00f5es, ser\u00e1 cobrado juro de 1% ao m\u00eas. <\/p>\n<ul>\n<li> <a href=\"https:\/\/g1.globo.com\/tudo-sobre\/caixa-economica-federal\/\" class=\"entities__list-itemLink\" data-track-click=\"Caixa Econ\u00f4mica Federal\"> Caixa Econ\u00f4mica Federal <\/a> <\/li>\n<li> <a href=\"https:\/\/g1.globo.com\/tudo-sobre\/minha-casa-minha-vida\/\" class=\"entities__list-itemLink\" data-track-click=\"Minha Casa, Minha Vida\"> Minha Casa, Minha Vida <\/a> <\/li>\n<li> <a href=\"https:\/\/g1.globo.com\/tudo-sobre\/ministerio-das-cidades\/\" class=\"entities__list-itemLink\" data-track-click=\"Minist\u00e9rio das Cidades\"> Minist\u00e9rio das Cidades <\/a> <\/li>\n<\/ul>\n","protected":false},"excerpt":{"rendered":"<p>O Minist\u00e9rio das Cidades publicou nesta quinta-feira (28) uma portaria que isenta benefici\u00e1rios do Bolsa Fam\u00edlia e do Benef\u00edcio de Presta\u00e7\u00e3o Continuada (BPC) de pagarem presta\u00e7\u00f5es de im\u00f3veis comprados no programa Minha Casa, Minha Vida (MCMV). A medida vale para contratos nas modalidades subsidiadas com recursos do Fundo de Arrendamento Residencial (FAR), do Fundo de [&hellip;]<\/p>\n","protected":false},"author":1,"featured_media":0,"comment_status":"closed","ping_status":"closed","sticky":false,"template":"","format":"standard","meta":{"footnotes":""},"categories":[],"tags":[],"class_list":["post-53562","post","type-post","status-publish","format-standard","hentry"],"_links":{"self":[{"href":"https:\/\/blog.corretoraideal.com.br\/index.php\/wp-json\/wp\/v2\/posts\/53562","targetHints":{"allow":["GET"]}}],"collection":[{"href":"https:\/\/blog.corretoraideal.com.br\/index.php\/wp-json\/wp\/v2\/posts"}],"about":[{"href":"https:\/\/blog.corretoraideal.com.br\/index.php\/wp-json\/wp\/v2\/types\/post"}],"author":[{"embeddable":true,"href":"https:\/\/blog.corretoraideal.com.br\/index.php\/wp-json\/wp\/v2\/users\/1"}],"replies":[{"embeddable":true,"href":"https:\/\/blog.corretoraideal.com.br\/index.php\/wp-json\/wp\/v2\/comments?post=53562"}],"version-history":[{"count":1,"href":"https:\/\/blog.corretoraideal.com.br\/index.php\/wp-json\/wp\/v2\/posts\/53562\/revisions"}],"predecessor-version":[{"id":53565,"href":"https:\/\/blog.corretoraideal.com.br\/index.php\/wp-json\/wp\/v2\/posts\/53562\/revisions\/53565"}],"wp:attachment":[{"href":"https:\/\/blog.corretoraideal.com.br\/index.php\/wp-json\/wp\/v2\/media?parent=53562"}],"wp:term":[{"taxonomy":"category","embeddable":true,"href":"https:\/\/blog.corretoraideal.com.br\/index.php\/wp-json\/wp\/v2\/categories?post=53562"},{"taxonomy":"post_tag","embeddable":true,"href":"https:\/\/blog.corretoraideal.com.br\/index.php\/wp-json\/wp\/v2\/tags?post=53562"}],"curies":[{"name":"wp","href":"https:\/\/api.w.org\/{rel}","templated":true}]}}