{"id":53575,"date":"2023-09-29T21:30:51","date_gmt":"2023-09-29T21:30:51","guid":{"rendered":"https:\/\/blog.corretoraideal.com.br\/?p=53575"},"modified":"2023-09-29T21:30:51","modified_gmt":"2023-09-29T21:30:51","slug":"justica-de-sp-condena-google-a-pagar-indenizacao-de-r-15-mil-a-mulher-por-exposicao-de-imagem-nao-autorizada-sao-paulo-g1","status":"publish","type":"post","link":"https:\/\/blog.corretoraideal.com.br\/index.php\/2023\/09\/29\/justica-de-sp-condena-google-a-pagar-indenizacao-de-r-15-mil-a-mulher-por-exposicao-de-imagem-nao-autorizada-sao-paulo-g1\/","title":{"rendered":"Justi\u00e7a de SP condena Google a pagar indeniza\u00e7\u00e3o de R$ 15 mil a mulher por exposi\u00e7\u00e3o de imagem n\u00e3o autorizada | S\u00e3o Paulo | G1"},"content":{"rendered":"<p>      1 de 1&#013;Mulher que teve imagem veiculada em ferramenta de localiza\u00e7\u00e3o por mapas ser\u00e1 indenizada \u2014 Foto: Divulga\u00e7\u00e3o\/TJ    <\/p>\n<p> Mulher que teve imagem veiculada em ferramenta de localiza\u00e7\u00e3o por mapas ser\u00e1 indenizada \u2014 Foto: Divulga\u00e7\u00e3o\/TJ <\/p>\n<p> A 4\u00aa C\u00e2mara de Direito Privado de S\u00e3o Paulo condenou o <a class href=\"https:\/\/g1.globo.com\/tudo-sobre\/google\/\">Google<\/a> a indenizar por danos morais uma mulher de 61 anos que teve a imagem publicada no Google Maps sem autoriza\u00e7\u00e3o. O valor da indeniza\u00e7\u00e3o foi fixado em R$ 15 mil. <\/p>\n<p> Conforme consta na decis\u00e3o, a moradora de S\u00e3o Paulo teve a imagem parcial do seu rosto divulgada em publica\u00e7\u00e3o no endere\u00e7o da casa para qual trabalhava como diarista. <\/p>\n<p> A mulher diz que tentou contato com a empresa respons\u00e1vel para a retirada da imagem, por\u00e9m n\u00e3o teve retorno. Depois de tutela antecipada, a plataforma desfocou sua imagem. <\/p>\n<p> <strong>Leia tamb\u00e9m:<\/strong> <\/p>\n<ul>\n<li><a class href=\"https:\/\/g1.globo.com\/sp\/sao-paulo\/noticia\/2023\/09\/29\/mulher-critica-influencer-que-aponta-racismo-no-episodio-em-shopping-de-sp-nao-tem-dinheiro-para-comprar-roupa.ghtml\">Mulher critica influencer, que aponta racismo no epis\u00f3dio em shopping de SP: &#x27;N\u00e3o tem dinheiro para comprar roupa?&#x27;<\/a><\/li>\n<li><strong>V\u00cdDEO:<\/strong> <a class href=\"https:\/\/g1.globo.com\/sp\/sao-paulo\/noticia\/2023\/09\/29\/audiencia-publica-termina-em-pancadaria-e-confusao-na-camara-dos-vereadores-de-taboao-da-serra-em-sp.ghtml\">Audi\u00eancia p\u00fablica termina em pancadaria e confus\u00e3o na C\u00e2mara dos vereadores de Tabo\u00e3o da Serra, em SP<\/a><\/li>\n<\/ul>\n<p> Em seu voto, o desembargador Enio Zuliani, relator do recurso, destacou que n\u00e3o era razo\u00e1vel a conduta da empresa de imputar ao usu\u00e1rio a obriga\u00e7\u00e3o de fiscalizar tais ferramentas e apontou que houve viola\u00e7\u00e3o de direitos. <\/p>\n<p> &quot;O certo \u00e9 que a imagem retrato da autora surgiu quando se busca a localiza\u00e7\u00e3o do im\u00f3vel em que ela trabalha e isso representa ofensa a direito de personalidade. Trata-se de um atributo que n\u00e3o admite interven\u00e7\u00f5es externas a pretexto de contribuir para o bem estar da pessoa ou at\u00e9 para que a exibi\u00e7\u00e3o modele sua desenvoltura social e ou profissional, porque eventual altru\u00edsmo que possa motivar o infrator n\u00e3o possui relev\u00e2ncia para o aspecto mais importante ou decisivo de legitimidade do ato: a concord\u00e2ncia (consentimento) de quem \u00e9 alvo de reprodu\u00e7\u00e3o de imagem&quot;, ressaltou. <\/p>\n<p> E complementou: &quot;A autora n\u00e3o consentiu, pelo contr\u00e1rio, exigiu que fossem tomadas medidas para que a imagem desaparecesse ou impedisse a identifica\u00e7\u00e3o&quot; <\/p>\n<p> O magistrado definiu o valor de R$ 15 mil como quantia adequada para amenizar os efeitos da publica\u00e7\u00e3o n\u00e3o autorizada. <\/p>\n<p> \u201cO recorrido, nesse caso, embora atue de forma a contribuir para localizar endere\u00e7os e facilitar a vida de quem busca acesso a locais, n\u00e3o est\u00e1 imunizado a ponto de receber anistia por permitir que as suas reprodu\u00e7\u00f5es sa\u00edssem com imagem que possibilitou reconhecer e identificar a autora\u201d, afirmou. <\/p>\n<p> &quot;Isto posto, d\u00e1-se provimento para o fim de condenar o Google a pagar a autora o valor de R$ 15 mil reais, por danos morais por uso indevido de imagem, com juros de mora a partir do evento danoso e corre\u00e7\u00e3o monet\u00e1ria a partir do presente julgamento. Pagar\u00e1, ainda, as custas do processo e honor\u00e1rios que s\u00e3o arbitrados em 20% do valor atualizado da condena\u00e7\u00e3o&quot;, concluiu. <\/p>\n<p> Completaram a turma julgadora os desembargadores Marcia Dalla D\u00e9a Barone e Carlos Castilho Aguiar Fran\u00e7a. A decis\u00e3o foi un\u00e2nime. <\/p>\n<p> Em nota, o Google afirmou que n\u00e3o ir\u00e1 comentar o caso. <\/p>\n<ul>\n<li> <a href=\"https:\/\/g1.globo.com\/tudo-sobre\/google\/\" class=\"entities__list-itemLink\" data-track-click=\"Google\"> Google <\/a> <\/li>\n<\/ul>\n","protected":false},"excerpt":{"rendered":"<p>1 de 1&#013;Mulher que teve imagem veiculada em ferramenta de localiza\u00e7\u00e3o por mapas ser\u00e1 indenizada \u2014 Foto: Divulga\u00e7\u00e3o\/TJ Mulher que teve imagem veiculada em ferramenta de localiza\u00e7\u00e3o por mapas ser\u00e1 indenizada \u2014 Foto: Divulga\u00e7\u00e3o\/TJ A 4\u00aa C\u00e2mara de Direito Privado de S\u00e3o Paulo condenou o Google a indenizar por danos morais uma mulher de 61 [&hellip;]<\/p>\n","protected":false},"author":1,"featured_media":0,"comment_status":"closed","ping_status":"closed","sticky":false,"template":"","format":"standard","meta":{"footnotes":""},"categories":[],"tags":[],"class_list":["post-53575","post","type-post","status-publish","format-standard","hentry"],"_links":{"self":[{"href":"https:\/\/blog.corretoraideal.com.br\/index.php\/wp-json\/wp\/v2\/posts\/53575","targetHints":{"allow":["GET"]}}],"collection":[{"href":"https:\/\/blog.corretoraideal.com.br\/index.php\/wp-json\/wp\/v2\/posts"}],"about":[{"href":"https:\/\/blog.corretoraideal.com.br\/index.php\/wp-json\/wp\/v2\/types\/post"}],"author":[{"embeddable":true,"href":"https:\/\/blog.corretoraideal.com.br\/index.php\/wp-json\/wp\/v2\/users\/1"}],"replies":[{"embeddable":true,"href":"https:\/\/blog.corretoraideal.com.br\/index.php\/wp-json\/wp\/v2\/comments?post=53575"}],"version-history":[{"count":1,"href":"https:\/\/blog.corretoraideal.com.br\/index.php\/wp-json\/wp\/v2\/posts\/53575\/revisions"}],"predecessor-version":[{"id":53577,"href":"https:\/\/blog.corretoraideal.com.br\/index.php\/wp-json\/wp\/v2\/posts\/53575\/revisions\/53577"}],"wp:attachment":[{"href":"https:\/\/blog.corretoraideal.com.br\/index.php\/wp-json\/wp\/v2\/media?parent=53575"}],"wp:term":[{"taxonomy":"category","embeddable":true,"href":"https:\/\/blog.corretoraideal.com.br\/index.php\/wp-json\/wp\/v2\/categories?post=53575"},{"taxonomy":"post_tag","embeddable":true,"href":"https:\/\/blog.corretoraideal.com.br\/index.php\/wp-json\/wp\/v2\/tags?post=53575"}],"curies":[{"name":"wp","href":"https:\/\/api.w.org\/{rel}","templated":true}]}}