{"id":53578,"date":"2023-09-29T23:31:06","date_gmt":"2023-09-29T23:31:06","guid":{"rendered":"https:\/\/blog.corretoraideal.com.br\/?p=53578"},"modified":"2023-09-29T23:31:06","modified_gmt":"2023-09-29T23:31:06","slug":"pm-apreende-100-kg-de-drogas-em-comunidade-de-campos-norte-fluminense-g1","status":"publish","type":"post","link":"https:\/\/blog.corretoraideal.com.br\/index.php\/2023\/09\/29\/pm-apreende-100-kg-de-drogas-em-comunidade-de-campos-norte-fluminense-g1\/","title":{"rendered":"PM apreende 100 kg de drogas em comunidade de Campos | Norte Fluminense | G1"},"content":{"rendered":"<p>      1 de 3&#013;Material apreendido pela PM. \u2014 Foto: PM\/divulga\u00e7\u00e3o    <\/p>\n<p> Material apreendido pela PM. \u2014 Foto: PM\/divulga\u00e7\u00e3o <\/p>\n<p> A Pol\u00edcia Militar apreendeu mais de 100 kg de drogas durante uma opera\u00e7\u00e3o na manh\u00e3 desta sexta-feira (29) na comunidade da Chatuba do Parque Aurora, em <a class href=\"https:\/\/g1.globo.com\/rj\/norte-fluminense\/cidade\/campos-dos-goytacazes\/\">Campos dos Goytacazes<\/a>, no Norte Fluminense. <\/p>\n<p>         2 de 3&#013;Policiais no local. \u2014 Foto: PM\/divulga\u00e7\u00e3o    <\/p>\n<p> Policiais no local. \u2014 Foto: PM\/divulga\u00e7\u00e3o <\/p>\n<p> A a\u00e7\u00e3o contou com apoio do Batalh\u00e3o de Opera\u00e7\u00f5es com C\u00e3es (BAC); as equipes encontraram uma grande quantidade de drogas enterradas em ton\u00e9is em \u00e1rea de vegeta\u00e7\u00e3o. <\/p>\n<p>         3 de 3&#013;Policiais no local. \u2014 Foto: PM\/divulga\u00e7\u00e3o    <\/p>\n<p> Policiais no local. \u2014 Foto: PM\/divulga\u00e7\u00e3o <\/p>\n<p> De acordo com o balan\u00e7o divulgado pela PM, foram apreendidos 3.880 pinos de coca\u00edna, 84 tabletes de maconha, dez tabletes de pasta base, al\u00e9m de duas balan\u00e7as de precis\u00e3o e 32 buchas de maconha. <\/p>\n<p> Todo material foi levado para a 134\u00ba Delegacia do Centro e ningu\u00e9m foi preso. <\/p>\n<ul>\n<li> <a href=\"https:\/\/g1.globo.com\/rj\/norte-fluminense\/cidade\/campos-dos-goytacazes\/\" class=\"entities__list-itemLink\" data-track-click=\"Campos dos Goytacazes\"> Campos dos Goytacazes <\/a> <\/li>\n<\/ul>\n","protected":false},"excerpt":{"rendered":"<p>1 de 3&#013;Material apreendido pela PM. \u2014 Foto: PM\/divulga\u00e7\u00e3o Material apreendido pela PM. \u2014 Foto: PM\/divulga\u00e7\u00e3o A Pol\u00edcia Militar apreendeu mais de 100 kg de drogas durante uma opera\u00e7\u00e3o na manh\u00e3 desta sexta-feira (29) na comunidade da Chatuba do Parque Aurora, em Campos dos Goytacazes, no Norte Fluminense. 2 de 3&#013;Policiais no local. \u2014 Foto: [&hellip;]<\/p>\n","protected":false},"author":1,"featured_media":0,"comment_status":"closed","ping_status":"closed","sticky":false,"template":"","format":"standard","meta":{"footnotes":""},"categories":[],"tags":[],"class_list":["post-53578","post","type-post","status-publish","format-standard","hentry"],"_links":{"self":[{"href":"https:\/\/blog.corretoraideal.com.br\/index.php\/wp-json\/wp\/v2\/posts\/53578","targetHints":{"allow":["GET"]}}],"collection":[{"href":"https:\/\/blog.corretoraideal.com.br\/index.php\/wp-json\/wp\/v2\/posts"}],"about":[{"href":"https:\/\/blog.corretoraideal.com.br\/index.php\/wp-json\/wp\/v2\/types\/post"}],"author":[{"embeddable":true,"href":"https:\/\/blog.corretoraideal.com.br\/index.php\/wp-json\/wp\/v2\/users\/1"}],"replies":[{"embeddable":true,"href":"https:\/\/blog.corretoraideal.com.br\/index.php\/wp-json\/wp\/v2\/comments?post=53578"}],"version-history":[{"count":1,"href":"https:\/\/blog.corretoraideal.com.br\/index.php\/wp-json\/wp\/v2\/posts\/53578\/revisions"}],"predecessor-version":[{"id":53580,"href":"https:\/\/blog.corretoraideal.com.br\/index.php\/wp-json\/wp\/v2\/posts\/53578\/revisions\/53580"}],"wp:attachment":[{"href":"https:\/\/blog.corretoraideal.com.br\/index.php\/wp-json\/wp\/v2\/media?parent=53578"}],"wp:term":[{"taxonomy":"category","embeddable":true,"href":"https:\/\/blog.corretoraideal.com.br\/index.php\/wp-json\/wp\/v2\/categories?post=53578"},{"taxonomy":"post_tag","embeddable":true,"href":"https:\/\/blog.corretoraideal.com.br\/index.php\/wp-json\/wp\/v2\/tags?post=53578"}],"curies":[{"name":"wp","href":"https:\/\/api.w.org\/{rel}","templated":true}]}}