{"id":53584,"date":"2023-09-30T02:41:57","date_gmt":"2023-09-30T02:41:57","guid":{"rendered":"https:\/\/blog.corretoraideal.com.br\/?p=53584"},"modified":"2023-09-30T02:41:57","modified_gmt":"2023-09-30T02:41:57","slug":"metade-do-conteudo-de-foruns-anonimos-da-internet-os-chans-e-sobre-violentar-mulheres-tecnologia-g1","status":"publish","type":"post","link":"https:\/\/blog.corretoraideal.com.br\/index.php\/2023\/09\/30\/metade-do-conteudo-de-foruns-anonimos-da-internet-os-chans-e-sobre-violentar-mulheres-tecnologia-g1\/","title":{"rendered":"Metade do conte\u00fado de f\u00f3runs an\u00f4nimos da internet, os &#039;chans&#039;, \u00e9 sobre violentar mulheres | Tecnologia | G1"},"content":{"rendered":"<p>      1 de 3&#013;Segundo levantamento, 46% do conte\u00fado de grupos an\u00f4nimos menciona alguma forma de viol\u00eancia contra meninas e mulheres \u2014 Foto: Simon Stratford\/Freeimages    <\/p>\n<p> Segundo levantamento, 46% do conte\u00fado de grupos an\u00f4nimos menciona alguma forma de viol\u00eancia contra meninas e mulheres \u2014 Foto: Simon Stratford\/Freeimages <\/p>\n<p> As postagens em grupos an\u00f4nimos, os chamados &quot;chans&quot;, que se notabilizam pelo \u00f3dio contra as mulheres, explodiram nos \u00faltimos dois anos: passaram de 19 por semana para 228 por hora. <\/p>\n<p> Mais de 9,5 milh\u00f5es de posts dentro de 10 &quot;chans&quot; e 47 grupos em aplicativos de mensagens foram analisados entre junho de 2021 e junho de 2023 na pesquisa &quot;Misoginia e Viol\u00eancia contra mulheres na internet: um levantamento sobre f\u00f3runs an\u00f4nimos&quot;, do Instituto Avon. <\/p>\n<p> Quase metade (46%) do conte\u00fado mencionava alguma forma de viol\u00eancia contra meninas e mulheres. Quando as discuss\u00f5es eram sobre pornografia, esse n\u00famero saltava para 69%. <\/p>\n<p>&quot;Chans&quot; \u00e9 a abrevia\u00e7\u00e3o de &quot;channels&quot;, ou seja, canais. Esses espa\u00e7os s\u00e3o an\u00f4nimos (90% s\u00e3o encontrados na deep web) e t\u00eam como regra de ouro a proibi\u00e7\u00e3o a presen\u00e7a de mulheres.<\/p>\n<ul>\n<li><a class href=\"https:\/\/g1.globo.com\/economia\/tecnologia\/blog\/altieres-rohr\/post\/2019\/03\/14\/deep-web-entenda-o-que-e-e-os-riscos.ghtml\">&#x27;Deep web&#x27;: entenda o que \u00e9 e os riscos<\/a><\/li>\n<\/ul>\n<p> O dom\u00ednio da norma culta da l\u00edngua portuguesa tamb\u00e9m \u00e9 usado como c\u00f3digo de superioridade. Valendo-se do anonimato, os frequentadores organizam ataques online, tendo como alvos influenciadoras e celebridades. <\/p>\n<p> Nos posts de canais e grupos analisados na pesquisa, foram encontrados mais de 18 mil coment\u00e1rios que pedem vazamento de nudes ou s\u00e3o fotos e v\u00eddeos vazados. <\/p>\n<p> As mulheres s\u00e3o retratadas como objetos para satisfa\u00e7\u00e3o sexual e chamadas de &quot;dep\u00f3sito&quot; de esperma. Outros termos comuns s\u00e3o &quot;churrascar&quot;, que significa morrer, e &quot;raid&quot;, que \u00e9 expor intimidades de algu\u00e9m. <\/p>\n<p> Uma das mensagens diz: &quot;Eu queria muito que ela se churrascasse com esse rev\u00f3lver fodido. Daria um ponto final a essa hist\u00f3ria. J\u00e1 n\u00e3o aguento mais ver uma puta se safando s\u00f3 porque \u00e9 mulher&quot;. <\/p>\n<p> Outros comentam: &quot;Se houve trai\u00e7\u00e3o, voc\u00ea deve esfaque\u00e1-la e mat\u00e1-la lentamente&quot;, &quot;Acho que a J\u00falia vai churrascar&quot; e &quot;Se mata, J\u00falia&quot;. <\/p>\n<p> Mais uma regra desses grupos \u00e9 n\u00e3o compartilhar conte\u00fados sobre pornografia infantil \u2013 s\u00f3 que esta n\u00e3o \u00e9 respeitada. A pesquisa encontrou uma grande demanda dos usu\u00e1rios por conte\u00fados de meninas menores de idades, chamadas de &quot;novinhas&quot; e &quot;jail bait&quot;, ou seja, &quot;isca de cadeia&quot;. <\/p>\n<p>Nos grupos de aplicativos de mensagens monitorados, 36% t\u00eam &quot;vazamento&quot; no pr\u00f3prio t\u00edtulo, parte deles seguido pela palavra &quot;novinhas&quot;.<\/p>\n<p> Apesar de serem f\u00f3runs an\u00f4nimos, a pesquisa conseguiu mapear pelas postagens um perfil dos frequentadores. E ele \u00e9 bem claro: homens heterossexuais, a maioria jovens entre 20 e 24 anos, e que se identificam como conservadores. <\/p>\n<p> S\u00e3o pessoas que &quot;expressam grandes dificuldades socioafetivas, sentimentos de fracasso e rejei\u00e7\u00e3o, em especial em rela\u00e7\u00e3o \u00e0s mulheres&quot;. E, por isso, repetem posicionamentos mis\u00f3ginos, racistas, xenof\u00f3bicos e de incita\u00e7\u00e3o \u00e0 viol\u00eancia \u2013 v\u00e1rias delas, at\u00e9 mesmo zoofilia. <\/p>\n<p> E n\u00e3o param por a\u00ed: eles usam esses f\u00f3runs para organizar ataques, com exposi\u00e7\u00f5es de intimidade e persegui\u00e7\u00e3o moral tanto na internet quanto fora dela. Algumas mulheres chegam a receber at\u00e9 amea\u00e7as de morte. <\/p>\n<p>&quot;Os espa\u00e7os com debates sobre mulheres s\u00e3o marcados por ressentimento, raiva e objetifica\u00e7\u00e3o&quot;, diz a pesquisa.<\/p>\n<p> Os &quot;chans&quot; s\u00e3o, para esses homens, um espa\u00e7o de sociabilidade, onde eles buscam outros que pensam da mesma forma. &quot;H\u00e1 muito confronto de opini\u00f5es, discord\u00e2ncias e cr\u00edticas, mas tamb\u00e9m muito acolhimento e compartilhamento de um mesmo ponto de vista&quot;, conclui o estudo. <\/p>\n<p> Foram f\u00f3runs desse tipo que fomentaram ataques em escolas dos \u00faltimos anos, como o massacre de Realengo, em 2011, e <a class href=\"https:\/\/g1.globo.com\/economia\/tecnologia\/blog\/altieres-rohr\/post\/2019\/03\/14\/deep-web-entenda-o-que-e-e-os-riscos.ghtml\">o de Suzano, em 2019<\/a>. Logo ap\u00f3s o ataque, comemora\u00e7\u00f5es e mensagens que atribu\u00edam hero\u00edsmo \u00e0 barb\u00e1rie pipocaram nos posts. <\/p>\n<p> Mas, al\u00e9m de os f\u00f3runs na deep web se popularizarem a cada ano, multiplicando o engajamento, essa &quot;cultura do chans&quot; tamb\u00e9m <a class href=\"https:\/\/g1.globo.com\/tecnologia\/noticia\/2023\/04\/06\/a-idolatria-a-autores-de-ataques-a-escolas-que-circula-livremente-em-redes-sociais.ghtml\">tem sa\u00eddo da obscuridade e se tornado mais acess\u00edvel, em plataformas sem anonimato<\/a>. <\/p>\n<p> A pesquisa constatou o uso de termos antes ditos s\u00f3 dentro dos grupos, como &quot;jail bait&quot; e &quot;dep\u00f3sito&quot;, em redes abertas, como o Twitter e o YouTube. O n\u00famero de men\u00e7\u00f5es de palavras do tipo triplicou entre junho e julho deste ano. <\/p>\n<p> <strong>LEIA TAMB\u00c9M:<\/strong> <\/p>\n<ul>\n<li><a class href=\"https:\/\/g1.globo.com\/tecnologia\/noticia\/2023\/04\/20\/como-denunciar-posts-em-facebook-instagram-tiktok-kwai-e-outras-redes-sociais.ghtml\">Como denunciar posts em Facebook, Instagram, TikTok e outras redes sociais<\/a><\/li>\n<li><a class href=\"https:\/\/g1.globo.com\/tecnologia\/noticia\/2023\/02\/05\/brasil-tem-ao-menos-4-processos-por-dia-por-registro-e-divulgacao-de-imagens-intimas-sem-consentimento.ghtml\">Brasil tem ao menos 4 processos por dia por divulga\u00e7\u00e3o de imagens \u00edntimas<\/a><\/li>\n<li><a class href=\"https:\/\/g1.globo.com\/tecnologia\/noticia\/2023\/02\/05\/teve-um-nude-vazado-pratica-e-crime-saiba-como-juntar-provas-denunciar-e-pedir-remocao-da-internet.ghtml\">Teve um nude vazado? Saiba como juntar provas, denunciar e pedir remo\u00e7\u00e3o<\/a><\/li>\n<\/ul>\n<p>                   <img loading=\"lazy\" decoding=\"async\" class=\"aligncenter size-full wp-image-53586\" src=\"https:\/\/blog.corretoraideal.com.br\/wp-content\/uploads\/2023\/09\/como-denunciar-postagens-no-instagram-tiktok-e-kwai-e-em-outras-redes-sociais-4.jpeg\" alt=\"Como denunciar postagens no Instagram, TikTok e Kwai e em outras redes sociais\" width=\"800\" height=\"400\" \/>      <\/p>\n<p> Como denunciar postagens no Instagram, TikTok e Kwai e em outras redes sociais <\/p>\n<p>                    <img loading=\"lazy\" decoding=\"async\" class=\"aligncenter size-full wp-image-53587\" src=\"https:\/\/blog.corretoraideal.com.br\/wp-content\/uploads\/2023\/09\/imagem30-09-2023-02-09-56.jpeg\" alt=\"imagem30-09-2023-02-09-56\" width=\"800\" height=\"400\" \/>      <\/p>\n<p> &#8216;Ajoelha, se prostra para mim&#8217;: criminoso usava Discord para chantagear adolescentes e obrig\u00e1-las a se mutilar com sua assinatura <\/p>\n<ul> <\/ul>\n","protected":false},"excerpt":{"rendered":"<p>1 de 3&#013;Segundo levantamento, 46% do conte\u00fado de grupos an\u00f4nimos menciona alguma forma de viol\u00eancia contra meninas e mulheres \u2014 Foto: Simon Stratford\/Freeimages Segundo levantamento, 46% do conte\u00fado de grupos an\u00f4nimos menciona alguma forma de viol\u00eancia contra meninas e mulheres \u2014 Foto: Simon Stratford\/Freeimages As postagens em grupos an\u00f4nimos, os chamados &quot;chans&quot;, que se notabilizam [&hellip;]<\/p>\n","protected":false},"author":1,"featured_media":0,"comment_status":"closed","ping_status":"closed","sticky":false,"template":"","format":"standard","meta":{"footnotes":""},"categories":[],"tags":[],"class_list":["post-53584","post","type-post","status-publish","format-standard","hentry"],"_links":{"self":[{"href":"https:\/\/blog.corretoraideal.com.br\/index.php\/wp-json\/wp\/v2\/posts\/53584","targetHints":{"allow":["GET"]}}],"collection":[{"href":"https:\/\/blog.corretoraideal.com.br\/index.php\/wp-json\/wp\/v2\/posts"}],"about":[{"href":"https:\/\/blog.corretoraideal.com.br\/index.php\/wp-json\/wp\/v2\/types\/post"}],"author":[{"embeddable":true,"href":"https:\/\/blog.corretoraideal.com.br\/index.php\/wp-json\/wp\/v2\/users\/1"}],"replies":[{"embeddable":true,"href":"https:\/\/blog.corretoraideal.com.br\/index.php\/wp-json\/wp\/v2\/comments?post=53584"}],"version-history":[{"count":1,"href":"https:\/\/blog.corretoraideal.com.br\/index.php\/wp-json\/wp\/v2\/posts\/53584\/revisions"}],"predecessor-version":[{"id":53588,"href":"https:\/\/blog.corretoraideal.com.br\/index.php\/wp-json\/wp\/v2\/posts\/53584\/revisions\/53588"}],"wp:attachment":[{"href":"https:\/\/blog.corretoraideal.com.br\/index.php\/wp-json\/wp\/v2\/media?parent=53584"}],"wp:term":[{"taxonomy":"category","embeddable":true,"href":"https:\/\/blog.corretoraideal.com.br\/index.php\/wp-json\/wp\/v2\/categories?post=53584"},{"taxonomy":"post_tag","embeddable":true,"href":"https:\/\/blog.corretoraideal.com.br\/index.php\/wp-json\/wp\/v2\/tags?post=53584"}],"curies":[{"name":"wp","href":"https:\/\/api.w.org\/{rel}","templated":true}]}}