{"id":53589,"date":"2023-09-30T05:14:12","date_gmt":"2023-09-30T05:14:12","guid":{"rendered":"https:\/\/blog.corretoraideal.com.br\/?p=53589"},"modified":"2023-09-30T05:14:12","modified_gmt":"2023-09-30T05:14:12","slug":"saiba-mais-sobre-a-eleicao-para-novos-conselheiros-tutelares-neste-domingo-em-cidades-do-norte-fluminense-norte-fluminense-g1","status":"publish","type":"post","link":"https:\/\/blog.corretoraideal.com.br\/index.php\/2023\/09\/30\/saiba-mais-sobre-a-eleicao-para-novos-conselheiros-tutelares-neste-domingo-em-cidades-do-norte-fluminense-norte-fluminense-g1\/","title":{"rendered":"Saiba mais sobre a elei\u00e7\u00e3o para novos conselheiros tutelares neste domingo em cidades do Norte Fluminense | Norte Fluminense | G1"},"content":{"rendered":"\n<p> As elei\u00e7\u00f5es para os novos conselheiros tutelares ser\u00e3o realizadas no pr\u00f3ximo domingo (1\u00b0) em mais de 5,5 mil munic\u00edpios brasileiros e no Distrito Federal. A vota\u00e7\u00e3o come\u00e7a \u00e0s 8h e segue at\u00e9 as 17h. Veja abaixo como vai ser o pleito em cidades do Norte Fluminense. <\/p>\n<p> Em <a class href=\"https:\/\/g1.globo.com\/rj\/norte-fluminense\/cidade\/campos-dos-goytacazes\/\">Campos dos Goytacazes<\/a>, ser\u00e3o 15 locais de vota\u00e7\u00e3o em diferentes pontos da cidade. Qualquer pessoa pode votar, desde que tenha o t\u00edtulo de eleitor emitido h\u00e1 pelo menos 90 dias. <\/p>\n<p> Os locais foram definidos pela Comiss\u00e3o Especial junto com a Justi\u00e7a Eleitoral. Ser\u00e3o 78 urnas dispon\u00edveis para vota\u00e7\u00e3o. Os eleitos v\u00e3o atuar nos cinco Conselhos Tutelares, ligados \u00e0 Funda\u00e7\u00e3o Municipal da Inf\u00e2ncia e Juventude (FMIJ), na gest\u00e3o 2023-2027. Ao todo, 50 vagas est\u00e3o sendo oferecidas, sendo 25 para membros titulares e 25 destinadas a suplentes. <\/p>\n<p><h2>Locais de vota\u00e7\u00e3o por cidade<\/h2>\n<\/p>\n<p> <strong>Campos dos Goytacazes<\/strong> <\/p>\n<ul>\n<li>Ciep Wilson Batista, no Parque Guarus; <\/li>\n<li>Col\u00e9gio Municipal Lulo Ferreira de Ara\u00fajo, em Morro do Coco; <\/li>\n<li>Ciep Luiz Carlos de Lacerda, em Travess\u00e3o<\/li>\n<li>Ciep Cust\u00f3dio Siqueira, Parque Alvorada<\/li>\n<li>Escola Municipal Dr. Luiz Sobral, no Jardim Carioca<\/li>\n<li>Ciep da Lapa<\/li>\n<li>Creche Escola Municipal Jos\u00e9 de Souza Sodr\u00e9, em Dores de Macabu<\/li>\n<li>Ciep Jo\u00e3o Borges Barreto, em Urura\u00ed<\/li>\n<li>Escola Municipal de Morangaba<\/li>\n<li>Instituto Federal Fluminense (IFF Campos &#8211; campus Centro)<\/li>\n<li>Instituto Superior de Educa\u00e7\u00e3o Professor Aldo Muylaert (Isepam)<\/li>\n<li>Escola Municipal Constantino Fernandes, Parque Benta Pereira<\/li>\n<li>CEMEI Arnaldo Rosa Viana, Parque Aurora<\/li>\n<li>Col\u00e9gio Estadual Manoel Pereira Gon\u00e7alves, em Farol de S\u00e3o Tom\u00e9 <\/li>\n<li>Col\u00e9gio Estadual Jo\u00e3o Batista de Paula Barroso, em Goitacazes.<\/li>\n<\/ul>\n<p> <a class href=\"https:\/\/g1.globo.com\/rj\/norte-fluminense\/cidade\/sao-joao-da-barra\/\"><strong>S\u00e3o Jo\u00e3o da Barra<\/strong><\/a> <\/p>\n<p> Em S\u00e3o Jo\u00e3o da Barra, ser\u00e3o sete locais de vota\u00e7\u00e3o com dezenove candidatos concorrendo a cinco vagas de titular. <\/p>\n<ul>\n<li>Ciep-265 Municipalizado Professora Gladys Teixeira<\/li>\n<li>E.M. Professora Dion\u00e9lia Gon\u00e7alves Santos (Atafona)<\/li>\n<li>E.M. Evanir Jos\u00e9 Gaia (Grussa\u00ed)<\/li>\n<li>E.M. Jo\u00e3o Fl\u00e1vio Batista (Cajueiro)<\/li>\n<li>E.M. Jos\u00e9 Alves Barreto (Mato Escuro)<\/li>\n<li>C.M. Maria da Concei\u00e7\u00e3o (Barcelos) <\/li>\n<li>E.M. Chrisanto Henrique de Souza (A\u00e7u). <\/li>\n<\/ul>\n<p> <a class href=\"https:\/\/g1.globo.com\/rj\/norte-fluminense\/cidade\/quissama\/\"><strong>Quissam\u00e3<\/strong><\/a> <\/p>\n<p> J\u00e1 em Quissam\u00e3 ser\u00e3o cinco vagas para suplentes e cinco para titulares. S\u00e3o seis locais de vota\u00e7\u00e3o: <\/p>\n<ul>\n<li>CIEP Municipalizado 465 (Eleitores do CIEP e EM T\u00e2nia Regina)<\/li>\n<li>Col\u00e9gio Cenecista (Eleitores do Col\u00e9gio Cenecista e EE Visconde de Quissam\u00e3)<\/li>\n<li>EM Regina Celi Passos (Eleitores da EM Regina Celi Passos e da EM Maria de Lourdes)<\/li>\n<li>EM Ign\u00e1cio Hugo (Bairro Penha)<\/li>\n<li>EM D\u00e9lfica de Carvalho Vagner (Barra do Furado)<\/li>\n<li>EM Carlos Filippino (Santa Catarina)<\/li>\n<\/ul>\n<p> <a class href=\"https:\/\/g1.globo.com\/rj\/norte-fluminense\/cidade\/sao-francisco-de-itabapoana\/\"><strong>S\u00e3o Francisco de Itabapoana<\/strong><\/a> <\/p>\n<p> Em S\u00e3o Francisco de Itabapoana, tamb\u00e9m no Norte do estado, a vota\u00e7\u00e3o ser\u00e1 no Col\u00e9gio Estadual S\u00e3o Francisco de Paula, no Centro da cidade. No total, 17 candidatos est\u00e3o habilitados para concorrer. <\/p>\n<p> No dia da elei\u00e7\u00e3o, a Secretaria Municipal de Trabalho e Desenvolvimento Humano (SMTDH) vai disponibilizar quatro \u00f4nibus para transportar os moradores at\u00e9 o local da vota\u00e7\u00e3o: <\/p>\n<li>Barra do Itabapoana via litoral, passando por Guarixima, Buena, Coreia e Guaxindiba;<\/li>\n<li>Barra do Itabapoana via Pra\u00e7a Jo\u00e3o Pessoa, passando pr\u00f3ximo ao Parque de Exposi\u00e7\u00f5es, Nova Bel\u00e9m (antiga Carrapato) at\u00e9 a marquise, Ponto de Cacimbas e Centro;<\/li>\n<li>Garga\u00fa, passando por Santa Clara, Sossego e S\u00e3o Francisco; <\/li>\n<li>e Imburi at\u00e9 o Centro.<\/li>\n<ul>\n<li> <a href=\"https:\/\/g1.globo.com\/rj\/norte-fluminense\/cidade\/campos-dos-goytacazes\/\" class=\"entities__list-itemLink\" data-track-click=\"Campos dos Goytacazes\"> Campos dos Goytacazes <\/a> <\/li>\n<li> <a href=\"https:\/\/g1.globo.com\/rj\/norte-fluminense\/cidade\/quissama\/\" class=\"entities__list-itemLink\" data-track-click=\"Quissam\u00e3\"> Quissam\u00e3 <\/a> <\/li>\n<li> <a href=\"https:\/\/g1.globo.com\/rj\/norte-fluminense\/cidade\/sao-francisco-de-itabapoana\/\" class=\"entities__list-itemLink\" data-track-click=\"S\u00e3o Francisco de Itabapoana\"> S\u00e3o Francisco de Itabapoana <\/a> <\/li>\n<li> <a href=\"https:\/\/g1.globo.com\/rj\/norte-fluminense\/cidade\/sao-joao-da-barra\/\" class=\"entities__list-itemLink\" data-track-click=\"S\u00e3o Jo\u00e3o da Barra\"> S\u00e3o Jo\u00e3o da Barra <\/a> <\/li>\n<\/ul>\n","protected":false},"excerpt":{"rendered":"<p>As elei\u00e7\u00f5es para os novos conselheiros tutelares ser\u00e3o realizadas no pr\u00f3ximo domingo (1\u00b0) em mais de 5,5 mil munic\u00edpios brasileiros e no Distrito Federal. A vota\u00e7\u00e3o come\u00e7a \u00e0s 8h e segue at\u00e9 as 17h. Veja abaixo como vai ser o pleito em cidades do Norte Fluminense. Em Campos dos Goytacazes, ser\u00e3o 15 locais de vota\u00e7\u00e3o [&hellip;]<\/p>\n","protected":false},"author":1,"featured_media":0,"comment_status":"closed","ping_status":"closed","sticky":false,"template":"","format":"standard","meta":{"footnotes":""},"categories":[],"tags":[],"class_list":["post-53589","post","type-post","status-publish","format-standard","hentry"],"_links":{"self":[{"href":"https:\/\/blog.corretoraideal.com.br\/index.php\/wp-json\/wp\/v2\/posts\/53589","targetHints":{"allow":["GET"]}}],"collection":[{"href":"https:\/\/blog.corretoraideal.com.br\/index.php\/wp-json\/wp\/v2\/posts"}],"about":[{"href":"https:\/\/blog.corretoraideal.com.br\/index.php\/wp-json\/wp\/v2\/types\/post"}],"author":[{"embeddable":true,"href":"https:\/\/blog.corretoraideal.com.br\/index.php\/wp-json\/wp\/v2\/users\/1"}],"replies":[{"embeddable":true,"href":"https:\/\/blog.corretoraideal.com.br\/index.php\/wp-json\/wp\/v2\/comments?post=53589"}],"version-history":[{"count":1,"href":"https:\/\/blog.corretoraideal.com.br\/index.php\/wp-json\/wp\/v2\/posts\/53589\/revisions"}],"predecessor-version":[{"id":53591,"href":"https:\/\/blog.corretoraideal.com.br\/index.php\/wp-json\/wp\/v2\/posts\/53589\/revisions\/53591"}],"wp:attachment":[{"href":"https:\/\/blog.corretoraideal.com.br\/index.php\/wp-json\/wp\/v2\/media?parent=53589"}],"wp:term":[{"taxonomy":"category","embeddable":true,"href":"https:\/\/blog.corretoraideal.com.br\/index.php\/wp-json\/wp\/v2\/categories?post=53589"},{"taxonomy":"post_tag","embeddable":true,"href":"https:\/\/blog.corretoraideal.com.br\/index.php\/wp-json\/wp\/v2\/tags?post=53589"}],"curies":[{"name":"wp","href":"https:\/\/api.w.org\/{rel}","templated":true}]}}