{"id":53592,"date":"2023-09-30T07:57:39","date_gmt":"2023-09-30T07:57:39","guid":{"rendered":"https:\/\/blog.corretoraideal.com.br\/?p=53592"},"modified":"2023-09-30T07:57:39","modified_gmt":"2023-09-30T07:57:39","slug":"na-esteira-do-calor-ons-projeta-recorde-de-demanda-por-energia-eletrica-em-outubro-economia-g1","status":"publish","type":"post","link":"https:\/\/blog.corretoraideal.com.br\/index.php\/2023\/09\/30\/na-esteira-do-calor-ons-projeta-recorde-de-demanda-por-energia-eletrica-em-outubro-economia-g1\/","title":{"rendered":"Na esteira do calor, ONS projeta recorde de demanda por energia el\u00e9trica em outubro | Economia | G1"},"content":{"rendered":"\n<ul>\n<li>\n<p> O ONS prev\u00ea um aumento de 6,2% na demanda de energia em outubro, atingindo recorde para o m\u00eas. <\/p>\n<\/li>\n<li>\n<p> A estimativa \u00e9 que a demanda chegue a cerca de 77,5 GWmed no pr\u00f3ximo m\u00eas. <\/p>\n<\/li>\n<li>\n<p> Setembro j\u00e1 bateu recorde de demanda devido ao calor. <\/p>\n<\/li>\n<li>\n<p> O diretor-geral do ONS afirma que os reservat\u00f3rios de hidrel\u00e9tricas garantem o atendimento \u00e0 demanda crescente. <\/p>\n<\/li>\n<\/ul>\n<p> O ONS prev\u00ea um aumento de 6,2% na demanda de energia em outubro, atingindo recorde para o m\u00eas. <\/p>\n<p> A estimativa \u00e9 que a demanda chegue a cerca de 77,5 GWmed no pr\u00f3ximo m\u00eas. <\/p>\n<p> Setembro j\u00e1 bateu recorde de demanda devido ao calor. <\/p>\n<p> O diretor-geral do ONS afirma que os reservat\u00f3rios de hidrel\u00e9tricas garantem o atendimento \u00e0 demanda crescente. <\/p>\n<p> O Operador Nacional do Sistema El\u00e9trico (<a class href=\"https:\/\/g1.globo.com\/tudo-sobre\/ons\/\">ONS<\/a>) estima um aumento de 6,2% na demanda por energia em outubro em rela\u00e7\u00e3o ao mesmo per\u00edodo de 2022. Se confirmado, ser\u00e1 o recorde para o m\u00eas desde o in\u00edcio da s\u00e9rie hist\u00f3rica, em 2000. <\/p>\n<p> Uma das raz\u00f5es para a alta da demanda s\u00e3o as temperaturas m\u00e9dias mais elevadas, apesar da recente frente fria no Sul e Sudeste\/Centro-Oeste. <\/p>\n<p> Contudo, o ONS prev\u00ea que as temperaturas no Norte e Nordeste devem permanecer elevadas, com poucas chuvas. <\/p>\n<p> Em relat\u00f3rio divulgado nesta sexta-feira (29), o ONS estima que a demanda pode chegar a aproximadamente 77,5 gigawatts m\u00e9dios (GWmed) no pr\u00f3ximo m\u00eas. <\/p>\n<p> A cidade de S\u00e3o Paulo, maior do pa\u00eds, por exemplo, tem uma demanda m\u00e9dia de eletricidade que varia entre 10 a 12 GWmed por m\u00eas. <\/p>\n<p> Por causa do calor, setembro tamb\u00e9m bateu recorde de demanda em rela\u00e7\u00e3o ao mesmo m\u00eas nos anos anteriores. <\/p>\n<p> \u201cTivemos um per\u00edodo de forte eleva\u00e7\u00e3o da demanda por carga e a resposta do SIN [Sistema Interligado Nacional] a esse crescimento foi positiva, com a garantia de atendimento. Estamos atentos aos pr\u00f3ximos meses, em especial o per\u00edodo do Ver\u00e3o, cujas temperaturas m\u00e9dias devem ser mais elevadas\u201d, afirmou o diretor-geral do ONS, Luiz Carlos Ciocchi. <\/p>\n<p>                   <img loading=\"lazy\" decoding=\"async\" class=\"aligncenter size-full wp-image-53594\" src=\"https:\/\/blog.corretoraideal.com.br\/wp-content\/uploads\/2023\/09\/calor-intenso-sera-mais-frequente-na-primavera-e-acende-alerta-para-riscos-de-derrame-e-infarto.jpeg\" alt=\"Calor intenso ser\u00e1 mais frequente na primavera e acende alerta para riscos de derrame e infarto\" width=\"800\" height=\"400\" \/>      <\/p>\n<p> Calor intenso ser\u00e1 mais frequente na primavera e acende alerta para riscos de derrame e infarto <\/p>\n<p><h2>Reservat\u00f3rios <\/h2>\n<\/p>\n<p> Segundo Ciocchi, o n\u00edvel dos reservat\u00f3rios das hidrel\u00e9tricas garante o atendimento a esse aumento de demanda. <\/p>\n<p> \u201cTemos um cen\u00e1rio geral favor\u00e1vel, com os reservat\u00f3rios em bons n\u00edveis. A perspectiva \u00e9 que, quando entrarmos na esta\u00e7\u00e3o chuvosa, estaremos numa situa\u00e7\u00e3o bem mais confort\u00e1vel que a de anos anteriores\u201d, declarou. <\/p>\n<p> Para o final de outubro, tr\u00eas dos quatro subsistemas considerados pelo ONS estar\u00e3o com os reservat\u00f3rios acima de 60%: <\/p>\n<ul>\n<li>Sul (95,8%); <\/li>\n<li>Sudeste\/Centro-Oeste (66,5%); <\/li>\n<li>Nordeste (61,3%); <\/li>\n<li>Norte (57,6%).<\/li>\n<\/ul>\n<p> O per\u00edodo tipicamente seco, com baixa incid\u00eancia de chuvas, termina em outubro. Segundo o ONS, deve terminar com o maior n\u00edvel de \u00e1gua nos reservat\u00f3rios dos \u00faltimos 14 anos. <\/p>\n<p> Por conta do cen\u00e1rio favor\u00e1vel para gera\u00e7\u00e3o de energia hidrel\u00e9trica, a Ag\u00eancia Nacional de Energia El\u00e9trica (Aneel) anunciou nesta sexta-feira (29) que n\u00e3o haver\u00e1 cobran\u00e7a adicional na conta de luz. <\/p>\n<p> Dessa forma, a bandeira tarif\u00e1ria segue verde no m\u00eas e a expectativa \u00e9 que permane\u00e7a assim at\u00e9 o final do ano. <\/p>\n<p> Quando os reservat\u00f3rios est\u00e3o baixos e o ONS precisa acionar termel\u00e9tricas mais caras, a Aneel pode acionar bandeiras tarif\u00e1rias com custo na conta de luz, como amarela, vermelha 1 e vermelha 2. <\/p>\n<p> Veja o custo de cada uma: <\/p>\n<ul>\n<li>Bandeira verde (condi\u00e7\u00f5es favor\u00e1veis de gera\u00e7\u00e3o de energia) &#8211; sem cobran\u00e7a adicional; <\/li>\n<li>Bandeira amarela (condi\u00e7\u00f5es menos favor\u00e1veis) &#8211; R$ 2,989 a cada 100 quilowatts-hora (kWh) consumidos; <\/li>\n<li>Bandeira vermelha patamar 1 &#8211; (condi\u00e7\u00f5es desfavor\u00e1veis) &#8211; R$ 6,500 a cada 100 kWh consumidos; <\/li>\n<li>Bandeira vermelha patamar 2 (condi\u00e7\u00f5es muito desfavor\u00e1veis) &#8211; R$ 9,795 a cada 100 kWh consumidos.<\/li>\n<\/ul>\n<ul>\n<li> <a href=\"https:\/\/g1.globo.com\/tudo-sobre\/ons\/\" class=\"entities__list-itemLink\" data-track-click=\"ONS\"> ONS <\/a> <\/li>\n<\/ul>\n","protected":false},"excerpt":{"rendered":"<p>O ONS prev\u00ea um aumento de 6,2% na demanda de energia em outubro, atingindo recorde para o m\u00eas. A estimativa \u00e9 que a demanda chegue a cerca de 77,5 GWmed no pr\u00f3ximo m\u00eas. Setembro j\u00e1 bateu recorde de demanda devido ao calor. O diretor-geral do ONS afirma que os reservat\u00f3rios de hidrel\u00e9tricas garantem o atendimento [&hellip;]<\/p>\n","protected":false},"author":1,"featured_media":0,"comment_status":"closed","ping_status":"closed","sticky":false,"template":"","format":"standard","meta":{"footnotes":""},"categories":[],"tags":[],"class_list":["post-53592","post","type-post","status-publish","format-standard","hentry"],"_links":{"self":[{"href":"https:\/\/blog.corretoraideal.com.br\/index.php\/wp-json\/wp\/v2\/posts\/53592","targetHints":{"allow":["GET"]}}],"collection":[{"href":"https:\/\/blog.corretoraideal.com.br\/index.php\/wp-json\/wp\/v2\/posts"}],"about":[{"href":"https:\/\/blog.corretoraideal.com.br\/index.php\/wp-json\/wp\/v2\/types\/post"}],"author":[{"embeddable":true,"href":"https:\/\/blog.corretoraideal.com.br\/index.php\/wp-json\/wp\/v2\/users\/1"}],"replies":[{"embeddable":true,"href":"https:\/\/blog.corretoraideal.com.br\/index.php\/wp-json\/wp\/v2\/comments?post=53592"}],"version-history":[{"count":1,"href":"https:\/\/blog.corretoraideal.com.br\/index.php\/wp-json\/wp\/v2\/posts\/53592\/revisions"}],"predecessor-version":[{"id":53595,"href":"https:\/\/blog.corretoraideal.com.br\/index.php\/wp-json\/wp\/v2\/posts\/53592\/revisions\/53595"}],"wp:attachment":[{"href":"https:\/\/blog.corretoraideal.com.br\/index.php\/wp-json\/wp\/v2\/media?parent=53592"}],"wp:term":[{"taxonomy":"category","embeddable":true,"href":"https:\/\/blog.corretoraideal.com.br\/index.php\/wp-json\/wp\/v2\/categories?post=53592"},{"taxonomy":"post_tag","embeddable":true,"href":"https:\/\/blog.corretoraideal.com.br\/index.php\/wp-json\/wp\/v2\/tags?post=53592"}],"curies":[{"name":"wp","href":"https:\/\/api.w.org\/{rel}","templated":true}]}}