{"id":53607,"date":"2023-09-30T11:31:25","date_gmt":"2023-09-30T11:31:25","guid":{"rendered":"https:\/\/blog.corretoraideal.com.br\/?p=53607"},"modified":"2023-09-30T11:31:25","modified_gmt":"2023-09-30T11:31:25","slug":"defesa-civil-de-macae-abre-inscricoes-para-capacitacao-de-voluntarios-norte-fluminense-g1","status":"publish","type":"post","link":"https:\/\/blog.corretoraideal.com.br\/index.php\/2023\/09\/30\/defesa-civil-de-macae-abre-inscricoes-para-capacitacao-de-voluntarios-norte-fluminense-g1\/","title":{"rendered":"Defesa Civil de Maca\u00e9 abre inscri\u00e7\u00f5es para capacita\u00e7\u00e3o de volunt\u00e1rios | Norte Fluminense | G1"},"content":{"rendered":"\n<p> A Defesa Civil de <a class href=\"https:\/\/g1.globo.com\/rj\/regiao-dos-lagos\/cidade\/macae\/\">Maca\u00e9<\/a>, no Norte Fluminense, est\u00e1 com inscri\u00e7\u00f5es abertas para a capacita\u00e7\u00e3o de volunt\u00e1rios para atuar junto ao \u00f3rg\u00e3o. <\/p>\n<p> Os interessados devem se inscrever pela internet, no seguinte link disponibilizado pela Prefeitura: <a class href=\"https:\/\/forms.gle\/WH5sesUcdUNL2cLD9\" target=\"_blank\" rel=\"noopener noreferrer\">https:\/\/forms.gle\/WH5sesUcdUNL2cLD9<\/a>. <\/p>\n<p> Para participar \u00e9 obrigat\u00f3rio ser maior de idade e residir em Maca\u00e9. Ser\u00e3o oferecidas 50 vagas, al\u00e9m de outras 20 para cadastro reserva. <\/p>\n<p> &quot;A proposta \u00e9 capacitar multiplicadores para atuarem em casos de emerg\u00eancia ou desastres no munic\u00edpio&quot;, disse o Secret\u00e1rio Adjunto de Defesa Civil, Joseferson de Jesus Florencio. <\/p>\n<p><h2>Sobre a capacita\u00e7\u00e3o<\/h2>\n<\/p>\n<p> O curso ter\u00e1 carga hor\u00e1rio de 20 horas. No total, ser\u00e3o seis encontros, nas seguintes datas: 18 e 25 de outubro e 01, 08, 14 e 22 de novembro, de 18h \u00e0s 21h30. O calend\u00e1rio poder\u00e1 sofrer altera\u00e7\u00f5es ao longo do curso. <\/p>\n<p> Os seis m\u00f3dulos envolvem os seguintes temas: <\/p>\n<ul>\n<li>Conhecendo Defesa Civil<\/li>\n<li>Voluntariado<\/li>\n<li>Percep\u00e7\u00e3o de Risco<\/li>\n<li>Seguran\u00e7a no Lar<\/li>\n<li>Primeiros Socorros<\/li>\n<li>Combate a princ\u00edpio de inc\u00eandio<\/li>\n<\/ul>\n<p> Como avalia\u00e7\u00e3o final ser\u00e1 realizado um simulado. Os volunt\u00e1rios v\u00e3o receber certificado e carteirinha reconhecida em todo territ\u00f3rio nacional. <\/p>\n<p> O curso ser\u00e1 ministrado na base da Defesa Civil. O endere\u00e7o \u00e9 Rua Vereador Djalma Sales Pessanha, 591, 3\u00ba andar, bairro Novo Botafogo. <\/p>\n<ul>\n<li> <a href=\"https:\/\/g1.globo.com\/rj\/regiao-dos-lagos\/cidade\/macae\/\" class=\"entities__list-itemLink\" data-track-click=\"Maca\u00e9\"> Maca\u00e9 <\/a> <\/li>\n<\/ul>\n","protected":false},"excerpt":{"rendered":"<p>A Defesa Civil de Maca\u00e9, no Norte Fluminense, est\u00e1 com inscri\u00e7\u00f5es abertas para a capacita\u00e7\u00e3o de volunt\u00e1rios para atuar junto ao \u00f3rg\u00e3o. Os interessados devem se inscrever pela internet, no seguinte link disponibilizado pela Prefeitura: https:\/\/forms.gle\/WH5sesUcdUNL2cLD9. Para participar \u00e9 obrigat\u00f3rio ser maior de idade e residir em Maca\u00e9. Ser\u00e3o oferecidas 50 vagas, al\u00e9m de outras [&hellip;]<\/p>\n","protected":false},"author":1,"featured_media":0,"comment_status":"closed","ping_status":"closed","sticky":false,"template":"","format":"standard","meta":{"footnotes":""},"categories":[],"tags":[],"class_list":["post-53607","post","type-post","status-publish","format-standard","hentry"],"_links":{"self":[{"href":"https:\/\/blog.corretoraideal.com.br\/index.php\/wp-json\/wp\/v2\/posts\/53607","targetHints":{"allow":["GET"]}}],"collection":[{"href":"https:\/\/blog.corretoraideal.com.br\/index.php\/wp-json\/wp\/v2\/posts"}],"about":[{"href":"https:\/\/blog.corretoraideal.com.br\/index.php\/wp-json\/wp\/v2\/types\/post"}],"author":[{"embeddable":true,"href":"https:\/\/blog.corretoraideal.com.br\/index.php\/wp-json\/wp\/v2\/users\/1"}],"replies":[{"embeddable":true,"href":"https:\/\/blog.corretoraideal.com.br\/index.php\/wp-json\/wp\/v2\/comments?post=53607"}],"version-history":[{"count":1,"href":"https:\/\/blog.corretoraideal.com.br\/index.php\/wp-json\/wp\/v2\/posts\/53607\/revisions"}],"predecessor-version":[{"id":53609,"href":"https:\/\/blog.corretoraideal.com.br\/index.php\/wp-json\/wp\/v2\/posts\/53607\/revisions\/53609"}],"wp:attachment":[{"href":"https:\/\/blog.corretoraideal.com.br\/index.php\/wp-json\/wp\/v2\/media?parent=53607"}],"wp:term":[{"taxonomy":"category","embeddable":true,"href":"https:\/\/blog.corretoraideal.com.br\/index.php\/wp-json\/wp\/v2\/categories?post=53607"},{"taxonomy":"post_tag","embeddable":true,"href":"https:\/\/blog.corretoraideal.com.br\/index.php\/wp-json\/wp\/v2\/tags?post=53607"}],"curies":[{"name":"wp","href":"https:\/\/api.w.org\/{rel}","templated":true}]}}