{"id":53610,"date":"2023-09-30T12:31:01","date_gmt":"2023-09-30T12:31:01","guid":{"rendered":"https:\/\/blog.corretoraideal.com.br\/?p=53610"},"modified":"2023-09-30T12:31:01","modified_gmt":"2023-09-30T12:31:01","slug":"isencao-de-visto-de-turismo-entre-brasil-e-japao-passa-a-valer-a-partir-deste-sabado-turismo-e-viagem-g1","status":"publish","type":"post","link":"https:\/\/blog.corretoraideal.com.br\/index.php\/2023\/09\/30\/isencao-de-visto-de-turismo-entre-brasil-e-japao-passa-a-valer-a-partir-deste-sabado-turismo-e-viagem-g1\/","title":{"rendered":"Isen\u00e7\u00e3o de visto de turismo entre Brasil e Jap\u00e3o passa a valer a partir deste s\u00e1bado | Turismo e Viagem | G1"},"content":{"rendered":"<p>      1 de 1&#013;Recipiente com dezenas de passaportes \u2014 Foto: Reprodu\u00e7\u00e3o    <\/p>\n<p> Recipiente com dezenas de passaportes \u2014 Foto: Reprodu\u00e7\u00e3o <\/p>\n<p> Come\u00e7a a valer, a partir deste s\u00e1bado (30), a<strong> isen\u00e7\u00e3o de visto para turistas brasileiros e japoneses <\/strong>com <strong>viagens de at\u00e9 90 dias <\/strong>entre os dois pa\u00edses. A medida vale at\u00e9 29 de setembro de 2026. <\/p>\n<p> A mudan\u00e7a se aplica para <strong>todos os passaportes brasileiros v\u00e1lidos com chip<\/strong>, emitidos desde 2011. Os turistas que, por alguma raz\u00e3o, n\u00e3o t\u00eam passaportes com chip dever\u00e3o obter o visto antecipadamente para entrar no Jap\u00e3o. <\/p>\n<p> Ainda segundo o Minist\u00e9rio do Turismo, a medida <strong>n\u00e3o vale para brasileiros que desejam entrar no Jap\u00e3o para trabalhar.<\/strong> Neste caso, ainda ser\u00e1 necess\u00e1rio obter visto. <\/p>\n<p> A isen\u00e7\u00e3o do visto para turistas \u00e9 fruto do <a class href=\"https:\/\/g1.globo.com\/politica\/blog\/julia-duailibi\/post\/2023\/08\/09\/brasil-e-japao-fazem-acordo-bilateral-para-isencao-de-visto-para-turistas-nos-dois-paises.ghtml\">acordo feito em agosto entre o Brasil e o Jap\u00e3o<\/a> com base no princ\u00edpio de reciprocidade. A medida foi publicada, <a class href=\"https:\/\/g1.globo.com\/turismo-e-viagem\/noticia\/2023\/09\/11\/isencao-de-visto-de-turismo-entre-brasil-e-japao-comeca-a-valer-em-30-de-setembro.ghtml\">no dia 11 de setembro<\/a>, no Di\u00e1rio Oficial da Uni\u00e3o. <\/p>\n<p> <a class href=\"https:\/\/g1.globo.com\/turismo-e-viagem\/noticia\/2022\/01\/13\/como-tirar-passaporte-veja-video.ghtml\"><strong>Como tirar passaporte:<\/strong><\/a><strong> veja v\u00eddeo<\/strong> <\/p>\n<p>                   <img loading=\"lazy\" decoding=\"async\" class=\"aligncenter size-full wp-image-53612\" src=\"https:\/\/blog.corretoraideal.com.br\/wp-content\/uploads\/2023\/09\/veja-como-tirar-o-passaporte-5.jpeg\" alt=\"Veja como tirar o passaporte\" width=\"800\" height=\"400\" \/>      <\/p>\n<p> Veja como tirar o passaporte <\/p>\n<p> <strong>Mais v\u00eddeos de turismo:<\/strong> <\/p>\n<p>                   <img loading=\"lazy\" decoding=\"async\" class=\"aligncenter size-full wp-image-53613\" src=\"https:\/\/blog.corretoraideal.com.br\/wp-content\/uploads\/2023\/09\/conheca-o-maior-navio-de-cruzeiro-do-mundo-que-pesa-5-vezes-mais-que-o-titanic-6.jpeg\" alt=\"Conhe\u00e7a o maior navio de cruzeiro do mundo, que pesa 5 vezes mais que o Titanic\" width=\"800\" height=\"400\" \/>      <\/p>\n<p> Conhe\u00e7a o maior navio de cruzeiro do mundo, que pesa 5 vezes mais que o Titanic <\/p>\n<p>                    <img loading=\"lazy\" decoding=\"async\" class=\"aligncenter size-full wp-image-53614\" src=\"https:\/\/blog.corretoraideal.com.br\/wp-content\/uploads\/2023\/09\/brasil-tem-duas-das-melhores-sorveterias-do-mundo-segundo-atlas-gastronomico-5.jpeg\" alt=\"Brasil tem duas das melhores sorveterias do mundo, segundo atlas gastron\u00f4mico\" width=\"800\" height=\"400\" \/>      <\/p>\n<p> Brasil tem duas das melhores sorveterias do mundo, segundo atlas gastron\u00f4mico <\/p>\n<p>                    <img loading=\"lazy\" decoding=\"async\" class=\"aligncenter size-full wp-image-53615\" src=\"https:\/\/blog.corretoraideal.com.br\/wp-content\/uploads\/2023\/09\/casa-do-shrek-na-escocia-esta-disponivel-para-aluguel-de-ferias-2.jpeg\" alt=\"Casa do Shrek na Esc\u00f3cia est\u00e1 dispon\u00edvel para aluguel de f\u00e9rias\" width=\"800\" height=\"400\" \/>      <\/p>\n<p> Casa do Shrek na Esc\u00f3cia est\u00e1 dispon\u00edvel para aluguel de f\u00e9rias <\/p>\n<ul> <\/ul>\n","protected":false},"excerpt":{"rendered":"<p>1 de 1&#013;Recipiente com dezenas de passaportes \u2014 Foto: Reprodu\u00e7\u00e3o Recipiente com dezenas de passaportes \u2014 Foto: Reprodu\u00e7\u00e3o Come\u00e7a a valer, a partir deste s\u00e1bado (30), a isen\u00e7\u00e3o de visto para turistas brasileiros e japoneses com viagens de at\u00e9 90 dias entre os dois pa\u00edses. A medida vale at\u00e9 29 de setembro de 2026. A [&hellip;]<\/p>\n","protected":false},"author":1,"featured_media":0,"comment_status":"closed","ping_status":"closed","sticky":false,"template":"","format":"standard","meta":{"footnotes":""},"categories":[],"tags":[],"class_list":["post-53610","post","type-post","status-publish","format-standard","hentry"],"_links":{"self":[{"href":"https:\/\/blog.corretoraideal.com.br\/index.php\/wp-json\/wp\/v2\/posts\/53610","targetHints":{"allow":["GET"]}}],"collection":[{"href":"https:\/\/blog.corretoraideal.com.br\/index.php\/wp-json\/wp\/v2\/posts"}],"about":[{"href":"https:\/\/blog.corretoraideal.com.br\/index.php\/wp-json\/wp\/v2\/types\/post"}],"author":[{"embeddable":true,"href":"https:\/\/blog.corretoraideal.com.br\/index.php\/wp-json\/wp\/v2\/users\/1"}],"replies":[{"embeddable":true,"href":"https:\/\/blog.corretoraideal.com.br\/index.php\/wp-json\/wp\/v2\/comments?post=53610"}],"version-history":[{"count":1,"href":"https:\/\/blog.corretoraideal.com.br\/index.php\/wp-json\/wp\/v2\/posts\/53610\/revisions"}],"predecessor-version":[{"id":53616,"href":"https:\/\/blog.corretoraideal.com.br\/index.php\/wp-json\/wp\/v2\/posts\/53610\/revisions\/53616"}],"wp:attachment":[{"href":"https:\/\/blog.corretoraideal.com.br\/index.php\/wp-json\/wp\/v2\/media?parent=53610"}],"wp:term":[{"taxonomy":"category","embeddable":true,"href":"https:\/\/blog.corretoraideal.com.br\/index.php\/wp-json\/wp\/v2\/categories?post=53610"},{"taxonomy":"post_tag","embeddable":true,"href":"https:\/\/blog.corretoraideal.com.br\/index.php\/wp-json\/wp\/v2\/tags?post=53610"}],"curies":[{"name":"wp","href":"https:\/\/api.w.org\/{rel}","templated":true}]}}