{"id":53620,"date":"2023-09-30T14:37:01","date_gmt":"2023-09-30T14:37:01","guid":{"rendered":"https:\/\/blog.corretoraideal.com.br\/?p=53620"},"modified":"2023-09-30T14:37:01","modified_gmt":"2023-09-30T14:37:01","slug":"twitter-da-anitta-conheca-o-storytold-rede-social-criada-para-fas-da-cantora-tecnologia-g1","status":"publish","type":"post","link":"https:\/\/blog.corretoraideal.com.br\/index.php\/2023\/09\/30\/twitter-da-anitta-conheca-o-storytold-rede-social-criada-para-fas-da-cantora-tecnologia-g1\/","title":{"rendered":"&#039;Twitter&#039; da Anitta? Conhe\u00e7a o StoryTold, rede social criada para f\u00e3s da cantora | Tecnologia | G1"},"content":{"rendered":"<p>                <img loading=\"lazy\" decoding=\"async\" class=\"aligncenter size-full wp-image-53622\" src=\"https:\/\/blog.corretoraideal.com.br\/wp-content\/uploads\/2023\/09\/imagem30-09-2023-14-09-58.jpeg\" alt=\"imagem30-09-2023-14-09-58\" width=\"800\" height=\"400\" \/>      <\/p>\n<p> &#8216;Twitter&#8217; da Anitta? Conhe\u00e7a o StoryTold, rede social criada para f\u00e3s da cantora <\/p>\n<p> &quot;Meu ex\u00e9rcito \u00e9 pesado, a gente tem poder&quot;, trecho do primeiro hit de <a class href=\"https:\/\/g1.globo.com\/tudo-sobre\/anitta\/\">Anitta<\/a>, define bem a influ\u00eancia exercida pelos f\u00e3s da cantora. <\/p>\n<p> J\u00e1 reconhecidos pelas mobiliza\u00e7\u00f5es impressionantes em premia\u00e7\u00f5es, como o<a class href=\"https:\/\/g1.globo.com\/pop-arte\/musica\/noticia\/2023\/09\/12\/vma-2023-anitta-vence-vma-2023-de-melhor-clipe-latino.ghtml\"> Video Music Awards (VMA) 2023<\/a>, agora, os chamados &quot;Anitters&quot;<strong> ganharam uma rede social s\u00f3 para eles, <\/strong>mas n\u00e3o \u00e9 para qualquer f\u00e3<strong> <\/strong><strong>(Confira os crit\u00e9rios abaixo). <\/strong> <\/p>\n<p> Com <strong>direito \u00e0 publica\u00e7\u00e3o de pequenos textos e fotos<\/strong>, a inten\u00e7\u00e3o do StoryTold \u00e9 dar espa\u00e7o para que os admiradores compartilhem sentimentos e organizem a\u00e7\u00f5es a favor da cantora, <strong>sem a interfer\u00eancia de &quot;haters&quot;<\/strong> &#8211; pessoas que propagam mensagens de \u00f3dio na internet. <\/p>\n<p>         1 de 2&#013;Conhe\u00e7a o StoryTold, rede social criada para f\u00e3s da Anitta \u2014 Foto: Divulga\u00e7\u00e3o    <\/p>\n<p> Conhe\u00e7a o StoryTold, rede social criada para f\u00e3s da Anitta \u2014 Foto: Divulga\u00e7\u00e3o <\/p>\n<p> A vers\u00e3o inaugural, lan\u00e7ada neste s\u00e1bado (30), ainda passar\u00e1 por atualiza\u00e7\u00f5es e, em breve, contar\u00e1 com uma sala para troca de mensagens privadas e um feed interativo. <\/p>\n<p>&quot;A ideia \u00e9 organizar o f\u00e3 clube e poder falar em um espa\u00e7o seguro. A Anitta, ela sofre muito \u2018hate\u2019 e os f\u00e3s acabam se desgastando com isso&quot;, conta Vin\u00edcius Paulino de Souza, gerente de projetos da Assist\u00eancia Virtual Empresarial de Solu\u00e7\u00f5es em Software (Avess), empresa desenvolvedora da rede social.<\/p>\n<ul>\n<li><a class href=\"https:\/\/g1.globo.com\/fantastico\/noticia\/2023\/09\/04\/video-veja-versao-especial-da-musica-tema-do-show-da-vida-na-voz-de-anitta.ghtml\"><strong>Veja vers\u00e3o especial da m\u00fasica tema do Show da Vida na voz de Anitta<\/strong><\/a><\/li>\n<\/ul>\n<p> O StoryTold est\u00e1 dispon\u00edvel para aparelhos de sistema Android e ser\u00e1 liberado para iOS nos pr\u00f3ximos dias, de <strong>forma gratuita, <\/strong>mas contar\u00e1 com an\u00fancios publicit\u00e1rios. <\/p>\n<p> Apesar do pouco tempo de cria\u00e7\u00e3o, a plataforma<strong> j\u00e1 conta com mais de 2 mil usu\u00e1rios<\/strong>, selecionados por meio de indica\u00e7\u00f5es de f\u00e3-clubes. At\u00e9 o final de outubro, a <strong>expectativa \u00e9 de que a rede social atinja a marca de 20 mil usu\u00e1rios<\/strong>. <\/p>\n<p> &quot;\u00c9 uma meta baixa e suficiente para que a rede se mantenha ativa&quot;, afirma o gerente. <\/p>\n<p> Vin\u00edcius ainda explica que a estabilidade dos Anitters foi fundamental para a cria\u00e7\u00e3o do projeto: &quot;era preciso algu\u00e9m capaz de manter a demanda de usu\u00e1rios ativos para fazer com que a aplica\u00e7\u00e3o n\u00e3o s\u00f3 funcionasse, mas, que tamb\u00e9m n\u00e3o falisse&quot;. <\/p>\n<p>         2 de 2&#013;StoryTold foi desenvolvido por uma empresa de assist\u00eancia virtual de Petrolinas (PE) \u2014 Foto: Avess\/ Divulga\u00e7\u00e3o    <\/p>\n<p> StoryTold foi desenvolvido por uma empresa de assist\u00eancia virtual de Petrolinas (PE) \u2014 Foto: Avess\/ Divulga\u00e7\u00e3o <\/p>\n<p><h2>Selo &#x27;Anitter&#x27;<\/h2>\n<\/p>\n<p> Para evitar que haters usem o aplicativo, as pessoas interessadas em criar um perfil no Storytold devem <a class href=\"https:\/\/docs.google.com\/forms\/d\/e\/1FAIpQLSchGRcxLsQl59lw8pexl2LcYSwVyRQTBbLYeL4eskcqJwfg2Q\/viewform\" target=\"_blank\" rel=\"noopener noreferrer\"><strong>preencher um formul\u00e1rio<\/strong><\/a><strong> e passar por uma esp\u00e9cie de entrevista<\/strong>. A inten\u00e7\u00e3o \u00e9 avaliar se o candidato realmente \u00e9 um admirador da Anitta. <\/p>\n<p> &quot;As entrevistas s\u00e3o feitas por f\u00e3s que se voluntariaram (&#8230;) Algumas perguntas s\u00e3o: H\u00e1 quanto tempo voc\u00ea \u00e9 f\u00e3? Voc\u00ea j\u00e1 interagiu com ela? O hist\u00f3rico das redes tamb\u00e9m \u00e9 analisado&quot;, conta Vin\u00edcius. <\/p>\n<p> Ap\u00f3s a aprova\u00e7\u00e3o, o <strong>usu\u00e1rio precisa estar de acordo com as <\/strong><a class href=\"https:\/\/storytold.net\/politica_de_privacidade_storytold.html\" target=\"_blank\" rel=\"noopener noreferrer\"><strong>pol\u00edticas do aplicativo<\/strong>, <\/a>s\u00f3 ent\u00e3o poder\u00e1 acessar \u00e0 plataforma. <\/p>\n<p> <strong>Leia tamb\u00e9m:<\/strong> <\/p>\n<ul>\n<li><a class href=\"https:\/\/g1.globo.com\/tecnologia\/noticia\/2023\/09\/29\/entenda-como-tirar-foto-3x4-no-celular-e-veja-dicas-de-como-conseguir-o-melhor-resultado.ghtml\">Como tirar foto 3&#215;4 no celular e conseguir o melhor resultado<\/a><\/li>\n<li><a class href=\"https:\/\/g1.globo.com\/sp\/sao-paulo\/noticia\/2023\/09\/29\/justica-de-sp-condena-google-a-pagar-indenizacao-de-r-15-mil-a-mulher-por-exposicao-de-imagem-nao-autorizada.ghtml\">Google deve pagar indeniza\u00e7\u00e3o de R$ 15 mil por exposi\u00e7\u00e3o de imagem<\/a><\/li>\n<\/ul>\n<p><h2>Investimento <\/h2>\n<\/p>\n<p> Ao <a class href=\"https:\/\/g1.globo.com\/\">g1<\/a>, a equipe da Avess afirmou ter<strong> investido mais de R$ 400 mil reais<\/strong> para desenvolver a primeira vers\u00e3o do aplicativo, que deve passar por atualiza\u00e7\u00f5es nos pr\u00f3ximos meses. Ainda segundo a empresa, o valor foi<strong> retirado do pr\u00f3prio caixa<\/strong>, sem a contribui\u00e7\u00e3o de investidores. <\/p>\n<p> Com escrit\u00f3rios em <a class href=\"https:\/\/g1.globo.com\/pe\/petrolina-regiao\/cidade\/petrolina\/\">Petrolina (PE)<\/a> e <a class href=\"https:\/\/g1.globo.com\/ce\/ceara\/cidade\/russas\/\">Russas (CE)<\/a>, a empresa de assist\u00eancia virtual atende pequenas empresas na Regi\u00e3o Nordeste. <\/p>\n<p> &quot;Foi um desafio porque n\u00e3o faz\u00edamos esse tipo de desenvolvimento de software (&#8230;) a gente focava mais em sistema de contabilidades e outros tipos (&#8230;) mas vimos que ele (StoryTold) era vi\u00e1vel e que podemos usar em outros projetos&quot;, completou o gerente. <\/p>\n<p><h2>Assista ainda: <\/h2>\n<\/p>\n<p>                   <img loading=\"lazy\" decoding=\"async\" class=\"aligncenter size-full wp-image-53623\" src=\"https:\/\/blog.corretoraideal.com.br\/wp-content\/uploads\/2023\/09\/g1-em-1-minuto-novo-rg-nao-tera-campo.jpeg\" alt=\"G1 em 1 Minuto: Novo RG n\u00e3o ter\u00e1 campo \" width=\"800\" height=\"400\" \/>      <\/p>\n<p> G1 em 1 Minuto: Novo RG n\u00e3o ter\u00e1 campo &#8216;sexo&#8217; nem distin\u00e7\u00e3o entre nome e nome social <\/p>\n<p>                    <img loading=\"lazy\" decoding=\"async\" class=\"aligncenter size-full wp-image-53624\" src=\"https:\/\/blog.corretoraideal.com.br\/wp-content\/uploads\/2023\/09\/como-transformar-uma-foto-em-arquivo-de-texto-no-android-e-no-iphone-7.jpeg\" alt=\"Como transformar uma foto em arquivo de texto no Android e no iPhone\" width=\"800\" height=\"400\" \/>      <\/p>\n<p> Como transformar uma foto em arquivo de texto no Android e no iPhone <\/p>\n<p>                    <img loading=\"lazy\" decoding=\"async\" class=\"aligncenter size-full wp-image-53625\" src=\"https:\/\/blog.corretoraideal.com.br\/wp-content\/uploads\/2023\/09\/seguranca-da-informacao-em-alta-veja-como-entrar-no-setor-7.jpeg\" alt=\"Seguran\u00e7a da informa\u00e7\u00e3o em alta: veja como entrar no setor\" width=\"800\" height=\"400\" \/>      <\/p>\n<p> Seguran\u00e7a da informa\u00e7\u00e3o em alta: veja como entrar no setor <\/p>\n<ul>\n<li> <a href=\"https:\/\/g1.globo.com\/tudo-sobre\/anitta\/\" class=\"entities__list-itemLink\" data-track-click=\"Anitta\"> Anitta <\/a> <\/li>\n<li> <a href=\"https:\/\/g1.globo.com\/pe\/petrolina-regiao\/cidade\/petrolina\/\" class=\"entities__list-itemLink\" data-track-click=\"Petrolina\"> Petrolina <\/a> <\/li>\n<li> <a href=\"https:\/\/g1.globo.com\/ce\/ceara\/cidade\/russas\/\" class=\"entities__list-itemLink\" data-track-click=\"Russas\"> Russas <\/a> <\/li>\n<\/ul>\n","protected":false},"excerpt":{"rendered":"<p>&#8216;Twitter&#8217; da Anitta? Conhe\u00e7a o StoryTold, rede social criada para f\u00e3s da cantora &quot;Meu ex\u00e9rcito \u00e9 pesado, a gente tem poder&quot;, trecho do primeiro hit de Anitta, define bem a influ\u00eancia exercida pelos f\u00e3s da cantora. J\u00e1 reconhecidos pelas mobiliza\u00e7\u00f5es impressionantes em premia\u00e7\u00f5es, como o Video Music Awards (VMA) 2023, agora, os chamados &quot;Anitters&quot; ganharam [&hellip;]<\/p>\n","protected":false},"author":1,"featured_media":0,"comment_status":"closed","ping_status":"closed","sticky":false,"template":"","format":"standard","meta":{"footnotes":""},"categories":[],"tags":[],"class_list":["post-53620","post","type-post","status-publish","format-standard","hentry"],"_links":{"self":[{"href":"https:\/\/blog.corretoraideal.com.br\/index.php\/wp-json\/wp\/v2\/posts\/53620","targetHints":{"allow":["GET"]}}],"collection":[{"href":"https:\/\/blog.corretoraideal.com.br\/index.php\/wp-json\/wp\/v2\/posts"}],"about":[{"href":"https:\/\/blog.corretoraideal.com.br\/index.php\/wp-json\/wp\/v2\/types\/post"}],"author":[{"embeddable":true,"href":"https:\/\/blog.corretoraideal.com.br\/index.php\/wp-json\/wp\/v2\/users\/1"}],"replies":[{"embeddable":true,"href":"https:\/\/blog.corretoraideal.com.br\/index.php\/wp-json\/wp\/v2\/comments?post=53620"}],"version-history":[{"count":1,"href":"https:\/\/blog.corretoraideal.com.br\/index.php\/wp-json\/wp\/v2\/posts\/53620\/revisions"}],"predecessor-version":[{"id":53626,"href":"https:\/\/blog.corretoraideal.com.br\/index.php\/wp-json\/wp\/v2\/posts\/53620\/revisions\/53626"}],"wp:attachment":[{"href":"https:\/\/blog.corretoraideal.com.br\/index.php\/wp-json\/wp\/v2\/media?parent=53620"}],"wp:term":[{"taxonomy":"category","embeddable":true,"href":"https:\/\/blog.corretoraideal.com.br\/index.php\/wp-json\/wp\/v2\/categories?post=53620"},{"taxonomy":"post_tag","embeddable":true,"href":"https:\/\/blog.corretoraideal.com.br\/index.php\/wp-json\/wp\/v2\/tags?post=53620"}],"curies":[{"name":"wp","href":"https:\/\/api.w.org\/{rel}","templated":true}]}}