{"id":53635,"date":"2023-09-30T23:33:46","date_gmt":"2023-09-30T23:33:46","guid":{"rendered":"https:\/\/blog.corretoraideal.com.br\/?p=53635"},"modified":"2023-09-30T23:33:46","modified_gmt":"2023-09-30T23:33:46","slug":"camara-dos-eua-aprova-projeto-que-evita-paralisacao-dos-servicos-publicos-mundo-g1","status":"publish","type":"post","link":"https:\/\/blog.corretoraideal.com.br\/index.php\/2023\/09\/30\/camara-dos-eua-aprova-projeto-que-evita-paralisacao-dos-servicos-publicos-mundo-g1\/","title":{"rendered":"C\u00e2mara dos EUA aprova projeto que evita paralisa\u00e7\u00e3o dos servi\u00e7os p\u00fablicos | Mundo | G1"},"content":{"rendered":"<p>                <img loading=\"lazy\" decoding=\"async\" class=\"aligncenter size-full wp-image-53637\" src=\"https:\/\/blog.corretoraideal.com.br\/wp-content\/uploads\/2023\/09\/camara-americana-aprova-extensao-do-orcamento-federal.jpeg\" alt=\"C\u00e2mara americana aprova extens\u00e3o do or\u00e7amento federal\" width=\"800\" height=\"400\" \/>      <\/p>\n<p> C\u00e2mara americana aprova extens\u00e3o do or\u00e7amento federal <\/p>\n<p> A C\u00e2mara dos Deputados dos Estados Unidos aprovou neste s\u00e1bado (30) um projeto or\u00e7ament\u00e1rio que estende o financiamento do governo por mais 45 dias, evitando o chamado &quot;shutdown&quot;, uma paralisa\u00e7\u00e3o que interromperia o funcionamento de \u00f3rg\u00e3os p\u00fablicos. <\/p>\n<p> A medida foi aprovada com 335 votos a favor e 91 votos contr\u00e1rios, com mais apoio de parlamentares do partido Democrata, o mesmo do presidente Joe Biden. Agora, ela ser\u00e1 encaminhada para an\u00e1lise no Senado. <\/p>\n<p> O texto n\u00e3o inclui a verba que o governo pretendia destinar para a Ucr\u00e2nia, proposta que tem recebido cr\u00edticas de parlamentares republicanos. Por outro lado, h\u00e1 a previs\u00e3o de US$ 16 bilh\u00f5es para apoio federal em cat\u00e1strofes naturais, como defendido por Biden. <\/p>\n<p> A aprova\u00e7\u00e3o aconteceu depois que o presidente da C\u00e2mara, Kevin McCarthy, abandonou exig\u00eancias por cortes acentuados de gastos. <\/p>\n<p> &quot;Vamos fazer o nosso trabalho&quot;, disse McCarthy, do partido Republicano. &quot;Seremos adultos na sala. E vamos manter o governo aberto&quot;. <\/p>\n<p>         1 de 1&#013;Faixa em frente ao Congresso dos EUA cobra aprova\u00e7\u00e3o de projeto que evita paralisa\u00e7\u00e3o dos servi\u00e7os p\u00fablicos. \u2014 Foto: Ken Cedeno\/Reuters    <\/p>\n<p> Faixa em frente ao Congresso dos EUA cobra aprova\u00e7\u00e3o de projeto que evita paralisa\u00e7\u00e3o dos servi\u00e7os p\u00fablicos. \u2014 Foto: Ken Cedeno\/Reuters <\/p>\n<p><h2>Por que as paralisa\u00e7\u00f5es poderiam ocorrer?<\/h2>\n<\/p>\n<p> Todos os anos, o Congresso dos EUA deve aprovar o or\u00e7amento de gastos do ano fiscal seguinte, que come\u00e7a em 1\u00ba de outubro. O processo, no entanto, costuma demorar, pois 12 projetos de lei precisam ser negociados e aprovados. <\/p>\n<p> Para evitar atrasos, os congressistas podem recorrer \u00e0 aprova\u00e7\u00e3o de uma lei de financiamento tempor\u00e1rio para permitir que o governo continue operando enquanto o or\u00e7amento termina de ser fechado. <\/p>\n<p> Quando nenhuma legisla\u00e7\u00e3o de financiamento \u00e9 promulgada, no entanto, as ag\u00eancias federais t\u00eam de interromper todo o trabalho n\u00e3o essencial e acontecem as paralisa\u00e7\u00f5es. <\/p>\n<p><h2>O que aconteceria em uma paralisa\u00e7\u00e3o?<\/h2>\n<\/p>\n<p> A paralisa\u00e7\u00e3o dos servi\u00e7os p\u00fablicos afeta diversas \u00e1reas da sociedade norte-americana. Como resultado, o governo ter\u00e1 que: <\/p>\n<ul>\n<li>Dispensar os funcion\u00e1rios at\u00e9 poder remuner\u00e1-los devidamente.<\/li>\n<li>Manter os militares trabalhando sem remunera\u00e7\u00e3o.<\/li>\n<li>Manter os funcion\u00e1rios de servi\u00e7os considerados essenciais trabalhando sem remunera\u00e7\u00e3o.<\/li>\n<li>Interromper programas e servi\u00e7os p\u00fablicos.<\/li>\n<li>Fechar uma s\u00e9rie de reparti\u00e7\u00f5es, museus, parques e outros locais p\u00fablicos.<\/li>\n<li>Reorganizar o tr\u00e1fego a\u00e9reo e a emiss\u00e3o de passaporte e vistos de acordo com a disponibilidade de funcion\u00e1rios.<\/li>\n<\/ul>\n<ul> <\/ul>\n","protected":false},"excerpt":{"rendered":"<p>C\u00e2mara americana aprova extens\u00e3o do or\u00e7amento federal A C\u00e2mara dos Deputados dos Estados Unidos aprovou neste s\u00e1bado (30) um projeto or\u00e7ament\u00e1rio que estende o financiamento do governo por mais 45 dias, evitando o chamado &quot;shutdown&quot;, uma paralisa\u00e7\u00e3o que interromperia o funcionamento de \u00f3rg\u00e3os p\u00fablicos. A medida foi aprovada com 335 votos a favor e 91 [&hellip;]<\/p>\n","protected":false},"author":1,"featured_media":0,"comment_status":"closed","ping_status":"closed","sticky":false,"template":"","format":"standard","meta":{"footnotes":""},"categories":[],"tags":[],"class_list":["post-53635","post","type-post","status-publish","format-standard","hentry"],"_links":{"self":[{"href":"https:\/\/blog.corretoraideal.com.br\/index.php\/wp-json\/wp\/v2\/posts\/53635","targetHints":{"allow":["GET"]}}],"collection":[{"href":"https:\/\/blog.corretoraideal.com.br\/index.php\/wp-json\/wp\/v2\/posts"}],"about":[{"href":"https:\/\/blog.corretoraideal.com.br\/index.php\/wp-json\/wp\/v2\/types\/post"}],"author":[{"embeddable":true,"href":"https:\/\/blog.corretoraideal.com.br\/index.php\/wp-json\/wp\/v2\/users\/1"}],"replies":[{"embeddable":true,"href":"https:\/\/blog.corretoraideal.com.br\/index.php\/wp-json\/wp\/v2\/comments?post=53635"}],"version-history":[{"count":1,"href":"https:\/\/blog.corretoraideal.com.br\/index.php\/wp-json\/wp\/v2\/posts\/53635\/revisions"}],"predecessor-version":[{"id":53638,"href":"https:\/\/blog.corretoraideal.com.br\/index.php\/wp-json\/wp\/v2\/posts\/53635\/revisions\/53638"}],"wp:attachment":[{"href":"https:\/\/blog.corretoraideal.com.br\/index.php\/wp-json\/wp\/v2\/media?parent=53635"}],"wp:term":[{"taxonomy":"category","embeddable":true,"href":"https:\/\/blog.corretoraideal.com.br\/index.php\/wp-json\/wp\/v2\/categories?post=53635"},{"taxonomy":"post_tag","embeddable":true,"href":"https:\/\/blog.corretoraideal.com.br\/index.php\/wp-json\/wp\/v2\/tags?post=53635"}],"curies":[{"name":"wp","href":"https:\/\/api.w.org\/{rel}","templated":true}]}}