{"id":53639,"date":"2023-10-01T00:32:02","date_gmt":"2023-10-01T00:32:02","guid":{"rendered":"https:\/\/blog.corretoraideal.com.br\/?p=53639"},"modified":"2023-10-01T00:32:02","modified_gmt":"2023-10-01T00:32:02","slug":"video-realidade-virtual-acelera-a-recuperacao-de-ex-jogador-de-basquete-que-perdeu-o-movimento-das-pernas-apos-avc-globo-reporter-g1","status":"publish","type":"post","link":"https:\/\/blog.corretoraideal.com.br\/index.php\/2023\/10\/01\/video-realidade-virtual-acelera-a-recuperacao-de-ex-jogador-de-basquete-que-perdeu-o-movimento-das-pernas-apos-avc-globo-reporter-g1\/","title":{"rendered":"V\u00cdDEO: Realidade virtual acelera a recupera\u00e7\u00e3o de ex-jogador de basquete que perdeu o movimento das pernas ap\u00f3s AVC | Globo Rep\u00f3rter | G1"},"content":{"rendered":"<p>                <img loading=\"lazy\" decoding=\"async\" class=\"aligncenter size-full wp-image-53641\" src=\"https:\/\/blog.corretoraideal.com.br\/wp-content\/uploads\/2023\/10\/realidade-virtual-acelera-a-recuperacao-de-ex-jogador-de-basquete-que-perdeu-o-movimentos.jpeg\" alt=\"Realidade virtual acelera a recupera\u00e7\u00e3o de ex jogador de basquete que perdeu o movimentos\" width=\"800\" height=\"400\" \/>      <\/p>\n<p> Realidade virtual acelera a recupera\u00e7\u00e3o de ex-jogador de basquete que perdeu o movimentos <\/p>\n<p> Miguel Faustino teve uma mudan\u00e7a dr\u00e1stica na sua vida em fevereiro do ano passado. Ex-jogador de basquete profissional com passagem pelo Corinthians, ele sofreu um AVC durante uma madrugada daquele m\u00eas. Socorrido pela esposa, ele foi for\u00e7ado a iniciar uma dif\u00edcil recupera\u00e7\u00e3o. E no processo, ele passou a fazer trabalhos que unem exerc\u00edcios e tecnologia. <\/p>\n<p> O AVC sofrido por Miguel afetou as partes da coordena\u00e7\u00e3o motora e da fala, as quais ele trabalha tanto em casa como em uma cl\u00ednica para recuperar. Ele tem ajuda de uma fisioterapeuta e uma fonoaudi\u00f3loga, e de uma equipe supervisionada pela fisiatra Linamara Rizzo Battistella. <\/p>\n<p> Linamara \u00e9 uma das pioneiras no trabalho com realidade aumentada \u2013 quando situa\u00e7\u00f5es simulam a vida real. O objetivo era duplo: n\u00e3o s\u00f3 complementar a fisioterapia, como estimular a cabe\u00e7a de Miguel a trabalhar de forma diferente, mais l\u00fadica e principalmente, integrada. <\/p>\n<p>\u201cEngajamento. A tecnologia traz o paciente para o centro do cuidado. Se ela n\u00e3o tivesse esse poder de engajar, seja pela realidade virtual ou pela gamifica\u00e7\u00e3o, talvez fosse s\u00f3 mais um tratamento\u201d, explica a fisiatra.<\/p>\n<p>         1 de 2&#013;Miguel Faustino anda em uma esteira e tem que fazer pontos; dados s\u00e3o computados \u00e0 medida que ele vai avan\u00e7ando \u2014 Foto: Reprodu\u00e7\u00e3o\/Globo Rep\u00f3rter    <\/p>\n<p> Miguel Faustino anda em uma esteira e tem que fazer pontos; dados s\u00e3o computados \u00e0 medida que ele vai avan\u00e7ando \u2014 Foto: Reprodu\u00e7\u00e3o\/Globo Rep\u00f3rter <\/p>\n<p> De acordo com os estudos de Linamara, o c\u00e9rebro aprende melhor com est\u00edmulos mais prazerosos. <\/p>\n<p>\u201cQuando n\u00f3s come\u00e7amos, as terapias dependiam muito da capacidade e criatividade de cada profissional. Agora eu percorro isso de uma forma agrad\u00e1vel, l\u00fadica e m\u00e9trica. E isso \u00e9 muito rico. Eu coloco isso no prontu\u00e1rio e eu vejo essa plataforma eletr\u00f4nica de informa\u00e7\u00f5es, e digo: \u2018realmente o paciente melhorou, eu sei quanto ele melhorou em cada um dos objetivos que foram tra\u00e7ados para ele. E essa \u00e9 a grande diferen\u00e7a deste mundo da tecnologia\u201d, destaca. <\/p>\n<p> Ap\u00f3s quase um ano, Miguel chegou ao <strong>\u00faltimo est\u00e1gio do tratamento<\/strong>. Usando um <strong>colete<\/strong>, ele anda em uma<strong> <\/strong><strong>esteira <\/strong>que tem est\u00edmulos visuais para ele percorrer caminhos e pegadas espec\u00edficas que estimulam \u00e1reas diferentes do c\u00e9rebro. Os acertos valem pontos, e a pontua\u00e7\u00e3o avalia o <strong>equil\u00edbrio<\/strong>, <strong>mobilidade<\/strong>, <strong>coordena\u00e7\u00e3o motora<\/strong> e <strong>velocidade da caminhada.<\/strong><strong> Veja imagem abaixo.<\/strong> <\/p>\n<p>\u201cEu n\u00e3o gosto de perder\u201d, diz Miguel.<\/p>\n<p>         2 de 2&#013;Miguel percorre os obst\u00e1culos visuais projetados na esteira \u2014 Foto: Reprodu\u00e7\u00e3o\/Globo Rep\u00f3rter    <\/p>\n<p> Miguel percorre os obst\u00e1culos visuais projetados na esteira \u2014 Foto: Reprodu\u00e7\u00e3o\/Globo Rep\u00f3rter <\/p>\n<p> O <a class href=\"https:\/\/g1.globo.com\/globo-reporter\/\">Globo Rep\u00f3rter <\/a>desta sexta-feira (29) mostrou como o mundo da tecnologia tem ajudado a salvar vidas de diferentes formas, unindo games, rob\u00f3tica, dados e outras inova\u00e7\u00f5es. <\/p>\n<p><h2>Assista \u00e0 \u00edntegra do Globo Rep\u00f3rter:<\/h2>\n<\/p>\n<p>                   <img loading=\"lazy\" decoding=\"async\" class=\"aligncenter size-full wp-image-53642\" src=\"https:\/\/blog.corretoraideal.com.br\/wp-content\/uploads\/2023\/10\/edicao-de-29-09-2023.jpeg\" alt=\"Edi\u00e7\u00e3o de 29\/09\/2023\" width=\"800\" height=\"400\" \/>      <\/p>\n<p> Edi\u00e7\u00e3o de 29\/09\/2023 <\/p>\n<p> <strong>Veja as reportagens do Globo Rep\u00f3rter:<\/strong> <\/p>\n<p>   <a href=\"https:\/\/g1.globo.com\/globo-reporter\/playlist\/globo-reporter-ultimos-videos.ghtml\">    50 v\u00eddeos      <\/a>   <\/p>\n<ul>\n<li> <a href=\"https:\/\/g1.globo.com\/sp\/sao-paulo\/cidade\/sao-paulo\/\" class=\"entities__list-itemLink\" data-track-click=\"S\u00e3o Paulo\"> S\u00e3o Paulo <\/a> <\/li>\n<\/ul>\n","protected":false},"excerpt":{"rendered":"<p>Realidade virtual acelera a recupera\u00e7\u00e3o de ex-jogador de basquete que perdeu o movimentos Miguel Faustino teve uma mudan\u00e7a dr\u00e1stica na sua vida em fevereiro do ano passado. Ex-jogador de basquete profissional com passagem pelo Corinthians, ele sofreu um AVC durante uma madrugada daquele m\u00eas. Socorrido pela esposa, ele foi for\u00e7ado a iniciar uma dif\u00edcil recupera\u00e7\u00e3o. [&hellip;]<\/p>\n","protected":false},"author":1,"featured_media":0,"comment_status":"closed","ping_status":"closed","sticky":false,"template":"","format":"standard","meta":{"footnotes":""},"categories":[],"tags":[],"class_list":["post-53639","post","type-post","status-publish","format-standard","hentry"],"_links":{"self":[{"href":"https:\/\/blog.corretoraideal.com.br\/index.php\/wp-json\/wp\/v2\/posts\/53639","targetHints":{"allow":["GET"]}}],"collection":[{"href":"https:\/\/blog.corretoraideal.com.br\/index.php\/wp-json\/wp\/v2\/posts"}],"about":[{"href":"https:\/\/blog.corretoraideal.com.br\/index.php\/wp-json\/wp\/v2\/types\/post"}],"author":[{"embeddable":true,"href":"https:\/\/blog.corretoraideal.com.br\/index.php\/wp-json\/wp\/v2\/users\/1"}],"replies":[{"embeddable":true,"href":"https:\/\/blog.corretoraideal.com.br\/index.php\/wp-json\/wp\/v2\/comments?post=53639"}],"version-history":[{"count":1,"href":"https:\/\/blog.corretoraideal.com.br\/index.php\/wp-json\/wp\/v2\/posts\/53639\/revisions"}],"predecessor-version":[{"id":53643,"href":"https:\/\/blog.corretoraideal.com.br\/index.php\/wp-json\/wp\/v2\/posts\/53639\/revisions\/53643"}],"wp:attachment":[{"href":"https:\/\/blog.corretoraideal.com.br\/index.php\/wp-json\/wp\/v2\/media?parent=53639"}],"wp:term":[{"taxonomy":"category","embeddable":true,"href":"https:\/\/blog.corretoraideal.com.br\/index.php\/wp-json\/wp\/v2\/categories?post=53639"},{"taxonomy":"post_tag","embeddable":true,"href":"https:\/\/blog.corretoraideal.com.br\/index.php\/wp-json\/wp\/v2\/tags?post=53639"}],"curies":[{"name":"wp","href":"https:\/\/api.w.org\/{rel}","templated":true}]}}