{"id":53644,"date":"2023-10-01T04:49:20","date_gmt":"2023-10-01T04:49:20","guid":{"rendered":"https:\/\/blog.corretoraideal.com.br\/?p=53644"},"modified":"2023-10-01T04:49:20","modified_gmt":"2023-10-01T04:49:20","slug":"onda-de-calor-provoca-morte-de-galinhas-em-regiao-produtora-de-sp-e-impacta-preco-de-ovos-aponta-usp-de-piracicaba-entenda-cenario-piracicaba-e-regiao-g1","status":"publish","type":"post","link":"https:\/\/blog.corretoraideal.com.br\/index.php\/2023\/10\/01\/onda-de-calor-provoca-morte-de-galinhas-em-regiao-produtora-de-sp-e-impacta-preco-de-ovos-aponta-usp-de-piracicaba-entenda-cenario-piracicaba-e-regiao-g1\/","title":{"rendered":"Onda de calor provoca morte de galinhas em regi\u00e3o produtora de SP e impacta pre\u00e7o de ovos, aponta USP de Piracicaba; entenda cen\u00e1rio | Piracicaba e Regi\u00e3o | G1"},"content":{"rendered":"<p>      1 de 2&#013;Pre\u00e7o do ovo caiu em setembro \u2014 Foto: Reprodu\u00e7\u00e3o\/Bom Dia Brasil    <\/p>\n<p> Pre\u00e7o do ovo caiu em setembro \u2014 Foto: Reprodu\u00e7\u00e3o\/Bom Dia Brasil <\/p>\n<p> A <strong>onda de calor<\/strong>, registrada nos \u00faltimos dias de inverno em todo estado de S\u00e3o Paulo e grande parte do Brasil, <strong>impactou diretamente a produ\u00e7\u00e3o e a venda de ovos <\/strong>na maioria da pra\u00e7as acompanhadas pelo Centro de Estudos Avan\u00e7ados em Economia Aplicada (Cepea) do campus da USP em <a class href=\"https:\/\/g1.globo.com\/sp\/piracicaba-regiao\/cidade\/piracicaba\/\">Piracicaba (SP)<\/a> na segunda quinzena de setembro. O <strong>estresse t\u00e9rmico levou \u00e0 morte de galinhas<\/strong>. <\/p>\n<p> Em <strong>Bastos (SP), no interior de SP, produtores consultados pelo instituto relataram a morte at\u00e9 400 galinhas por dia no per\u00edodo, segundo o Cepea.<\/strong> <\/p>\n<ul>\n<li><a class href=\"https:\/\/chat.whatsapp.com\/GRzCsowTlIq5O2v8n2lr7f\" target=\"_blank\" rel=\"noopener noreferrer\"><strong>? Receba no WhatsApp not\u00edcias da regi\u00e3o de Piracicaba<\/strong><\/a><\/li>\n<\/ul>\n<p> A tend\u00eancia \u00e9 de melhora para o in\u00edcio de outubro, releva analista do setor. ?<strong>Leia mais, abaixo<\/strong>. <\/p>\n<p><h2>Por que o pre\u00e7o do ovo caiu? <\/h2>\n<\/p>\n<p> A <strong>combina\u00e7\u00e3o do clima extremamente quente<\/strong>, com<strong> temperaturas m\u00e1ximas de 40\u00baC<\/strong> entre os dias 23 e 28 de setembro, e <strong>mercado mais lento <\/strong>devido \u00e0 <strong>procura enfraquecida<\/strong> comum neste per\u00edodo e <strong>oferta abundante<\/strong>, fizeram os pre\u00e7os, que j\u00e1 vinham em movimento de queda, recuarem em at\u00e9 quase 8% dentro do m\u00eas. <\/p>\n<p>         2 de 2&#013;Granja em Bastos produz 20% de todos os ovos consumidos no Brasil \u2014 Foto: TV TEM\/Reprodu\u00e7\u00e3o    <\/p>\n<p> Granja em Bastos produz 20% de todos os ovos consumidos no Brasil \u2014 Foto: TV TEM\/Reprodu\u00e7\u00e3o <\/p>\n<p><h2>Alimento perec\u00edvel <\/h2>\n<\/p>\n<p> Por ser um alimento perec\u00edvel, os produtores resolveram dar mais descontos para poder escoar os estoques. Em 14 de setembro, o pre\u00e7o dos ovos comerciais na caixa com 30 d\u00fazias era de R$ 145, segundo cota\u00e7\u00e3o do Cepea. No \u00faltimo dia 28, o valor chegou a R$ 134, uma redu\u00e7\u00e3o de 7,6%. <\/p>\n<p>&quot;A forte onda de calor que atinge grande parte do Brasil e a oferta abundante levaram muitos produtores a intensificarem os descontos para escoar o produto, visto que altas temperaturas reduzem a vida \u00fatil dos ovos&quot;, explicou a analista do Cepea para o setor, Juliana Ferraz. <\/p>\n<p> Conforme avicultores consultados, o mercado esteve bastante lento nos \u00faltimos dias, o que tamb\u00e9m acabou elevando os estoques. &quot;J\u00e1 do lado comprador, os agentes fizeram press\u00e3o sobre os valores da prote\u00edna, baseados nos menores tamanho e vida \u00fatil do produto&quot;, acrescentou. <\/p>\n<p><h2>Tend\u00eancia <\/h2>\n<\/p>\n<p> De acordo com a especialista, a perspectiva \u00e9 de melhora no cen\u00e1rio do mercado de ovos para os primeiros dias de outubro. A rela\u00e7\u00e3o oferta e demanda tamb\u00e9m dever\u00e1 ser diferente. <\/p>\n<p>&quot;Pode at\u00e9 ter uma alta no in\u00edcio de outubro, que \u00e9 quando a procura tende a crescer. A grande massa da popula\u00e7\u00e3o recebe no in\u00edcio de m\u00eas, ent\u00e3o pode haver esse movimento de melhora. Alguns produtores relataram que perderam a \u00e1gua&quot;, pontuou.<\/p>\n<p> A mortalidade aumentou nesse per\u00edodo para alguns produtores. &quot;Alguns deles, principalmente na regi\u00e3o de Bastos, perderam cerca de 400 galinhas por dia&quot;, exemplificou. <\/p>\n<p> Juliana ressalta que nem todos os produtores consultados pelo Cepea s\u00e3o impactados pela onda de calor. &quot;Muitos t\u00eam galp\u00f5es climatizados&quot;, ponderou. <\/p>\n<p><h2>Queda at\u00edpica no inverno<\/h2>\n<\/p>\n<p> O valor comercial dos ovos, que j\u00e1 registrava movimento de queda, continuou em recuo no \u00faltimo trimestre, mesmo no inverno. Os pre\u00e7os registraram baixa de at\u00e9 23,5% entre junho e agosto. As ondas de calor costumam afetar mais produ\u00e7\u00e3o no ver\u00e3o. <\/p>\n<p>  Pre\u00e7o Ovos comercias\/ Caixa com 30 d\u00fazias   <\/p>\n<p> O cen\u00e1rio de altas temperaturas que provocam estresse t\u00e9rmico que faz com que as aves se alimentem menos e botem ovos menores, impactando na escolha do produto. <\/p>\n<p><h2>V\u00cdDEOS: tudo sobre Piracicaba e regi\u00e3o<\/h2>\n<\/p>\n<p>   <a href=\"https:\/\/g1.globo.com\/sp\/piracicaba-regiao\/edicao\/2021\/02\/08\/videos-tudo-sobre-piracicaba-e-regiao.ghtml\">    50 v\u00eddeos      <\/a>   <\/p>\n<p> <a class href=\"https:\/\/g1.globo.com\/sp\/piracicaba-regiao\/\">Veja mais not\u00edcias da regi\u00e3o no g1 Piracicaba<\/a> <\/p>\n<ul>\n<li> <a href=\"https:\/\/g1.globo.com\/sp\/piracicaba-regiao\/cidade\/piracicaba\/\" class=\"entities__list-itemLink\" data-track-click=\"Piracicaba\"> Piracicaba <\/a> <\/li>\n<\/ul>\n","protected":false},"excerpt":{"rendered":"<p>1 de 2&#013;Pre\u00e7o do ovo caiu em setembro \u2014 Foto: Reprodu\u00e7\u00e3o\/Bom Dia Brasil Pre\u00e7o do ovo caiu em setembro \u2014 Foto: Reprodu\u00e7\u00e3o\/Bom Dia Brasil A onda de calor, registrada nos \u00faltimos dias de inverno em todo estado de S\u00e3o Paulo e grande parte do Brasil, impactou diretamente a produ\u00e7\u00e3o e a venda de ovos na [&hellip;]<\/p>\n","protected":false},"author":1,"featured_media":0,"comment_status":"closed","ping_status":"closed","sticky":false,"template":"","format":"standard","meta":{"footnotes":""},"categories":[],"tags":[],"class_list":["post-53644","post","type-post","status-publish","format-standard","hentry"],"_links":{"self":[{"href":"https:\/\/blog.corretoraideal.com.br\/index.php\/wp-json\/wp\/v2\/posts\/53644","targetHints":{"allow":["GET"]}}],"collection":[{"href":"https:\/\/blog.corretoraideal.com.br\/index.php\/wp-json\/wp\/v2\/posts"}],"about":[{"href":"https:\/\/blog.corretoraideal.com.br\/index.php\/wp-json\/wp\/v2\/types\/post"}],"author":[{"embeddable":true,"href":"https:\/\/blog.corretoraideal.com.br\/index.php\/wp-json\/wp\/v2\/users\/1"}],"replies":[{"embeddable":true,"href":"https:\/\/blog.corretoraideal.com.br\/index.php\/wp-json\/wp\/v2\/comments?post=53644"}],"version-history":[{"count":1,"href":"https:\/\/blog.corretoraideal.com.br\/index.php\/wp-json\/wp\/v2\/posts\/53644\/revisions"}],"predecessor-version":[{"id":53646,"href":"https:\/\/blog.corretoraideal.com.br\/index.php\/wp-json\/wp\/v2\/posts\/53644\/revisions\/53646"}],"wp:attachment":[{"href":"https:\/\/blog.corretoraideal.com.br\/index.php\/wp-json\/wp\/v2\/media?parent=53644"}],"wp:term":[{"taxonomy":"category","embeddable":true,"href":"https:\/\/blog.corretoraideal.com.br\/index.php\/wp-json\/wp\/v2\/categories?post=53644"},{"taxonomy":"post_tag","embeddable":true,"href":"https:\/\/blog.corretoraideal.com.br\/index.php\/wp-json\/wp\/v2\/tags?post=53644"}],"curies":[{"name":"wp","href":"https:\/\/api.w.org\/{rel}","templated":true}]}}