{"id":53651,"date":"2023-10-01T09:47:26","date_gmt":"2023-10-01T09:47:26","guid":{"rendered":"https:\/\/blog.corretoraideal.com.br\/?p=53651"},"modified":"2023-10-01T09:47:26","modified_gmt":"2023-10-01T09:47:26","slug":"cidade-do-es-produtora-de-abacaxi-deve-colher-20-milhoes-de-frutos-na-safra-deste-ano-agronegocios-no-espirito-santo-g1","status":"publish","type":"post","link":"https:\/\/blog.corretoraideal.com.br\/index.php\/2023\/10\/01\/cidade-do-es-produtora-de-abacaxi-deve-colher-20-milhoes-de-frutos-na-safra-deste-ano-agronegocios-no-espirito-santo-g1\/","title":{"rendered":"Cidade do ES produtora de abacaxi deve colher 20 milh\u00f5es de frutos na safra deste ano | Agroneg\u00f3cios no Esp\u00edrito Santo | G1"},"content":{"rendered":"\n<p> A produ\u00e7\u00e3o de abacaxi este ano Esp\u00edrito Santo est\u00e1 deixando os produtores animados. Em Marata\u00edzes, no litoral Sul do estado, cidade onde mais de 2 mil fam\u00edlias vivem do plantio da fruta, o clima ajudou bastante e a safra deve ser bem melhor do que a anterior, segundo os agricultores. Al\u00e9m disso, os frutos est\u00e3o maiores e mais doces e a expectativa \u00e9 que 20 milh\u00f5es de abacaxis sejam colhidos. <\/p>\n<ul>\n<li><a class href=\"https:\/\/api.whatsapp.com\/send?text=?utm_source%3Dwhatsapp%26utm_medium%3Dshare-engagement%26utm_campaign%3Dte-materias\" target=\"_blank\" rel=\"noopener noreferrer\"><strong>Compartilhe no WhatsApp<\/strong><\/a><\/li>\n<li><a class href=\"https:\/\/api.whatsapp.com\/send?text=?utm_source%3Dwhatsapp%26utm_medium%3Dshare-engagement%26utm_campaign%3Dte-materias\" target=\"_blank\" rel=\"noopener noreferrer\"><strong>Compartilhe no Telegram <\/strong><\/a><\/li>\n<\/ul>\n<p> No ano passado, foram seis meses de estiagem e a quebra na safra chegou a 42%. Foram mais de 15 milh\u00f5es de frutos perdidos. <\/p>\n<p> O produtor Sidney Ribeiro Brand\u00e3o disse que os produtores sofreram muito com a seca, que gerou reflexos e quase gerou preju\u00edzos este ano. <\/p>\n<p>&quot;Ano passado passado a gente sofreu muito e os frutos n\u00e3o deram t\u00e3o bons e veio a faltar a muda pra gente plantar esse n\u00e3o. Ent\u00e3o, a gente teve muito preju\u00edzo nessa situa\u00e7\u00e3o&quot;, contou o agricultor. <\/p>\n<p> O cen\u00e1rio este ano \u00e9 de \u00e2nimo. O inverno mais quente e chuvoso foi a combina\u00e7\u00e3o perfeita com tudo que o abacaxi precisa: \u00e1gua para nutrir o solo e calor para o desenvolvimento dos frutos. <\/p>\n<p>&quot;A expectativa \u00e9 colher bons frutos. Est\u00e3o bons, gra\u00fados, com a massa boa, de qualidade, doce e a gente tem uma boa expectativa&quot;, disse o produtor.<\/p>\n<p> Os abacaxis produzidos em Marata\u00edzes ser\u00e3o vendidos em diversos estados e pa\u00edses. A colheita teve in\u00edcio em setembro e tem empregado, em m\u00e9dia, 1,6 mil pessoas. <\/p>\n<p>&quot;Ele [o abacaxi] come\u00e7a a empregar desde o come\u00e7o do plantio, processo do cultivo, transporte at\u00e9 o destino final que s\u00e3o nossos estados Vizinhos Rio de Janeiro, S\u00e3o Paulo e Belo Horizonte&quot;, disse o Denis Bergue Ferreira da Silva, secret\u00e1rio de Agricultura de Marata\u00edzes.<\/p>\n<p> <a class href=\"https:\/\/www.whatsapp.com\/channel\/0029Va5mp2qAO7RD4Mec1M0Z\" target=\"_blank\" rel=\"noopener noreferrer\"><strong>? Clique aqui para seguir o canal do g1 ES no WhatsApp<\/strong><\/a> <\/p>\n<p> O fruto produzido na regi\u00e3o tem caracter\u00edsticas \u00fanicas por causa das condi\u00e7\u00f5es do solo. \u00c9 o famoso abacaxi da massa amarela. <\/p>\n<p> Cremildo Marvila, presidente da Associa\u00e7\u00e3o de Moradores e Agricultores Familiares de Marata\u00edzes atribui a boa qualidade dos abacaxis ao preparo e bom manejo do solo. <\/p>\n<p>&quot;O clima aqui ajuda bastante. Nossa regi\u00e3o produz um abacaxi muito doce e bem aceito no mundo inteiro&quot;, disse Cremildo. <\/p>\n<p><h2>V\u00cdDEOS: tudo sobre o Esp\u00edrito Santo<\/h2>\n<\/p>\n<p>   <a href=\"https:\/\/g1.globo.com\/es\/espirito-santo\/edicao\/2021\/01\/29\/videos-tudo-sobre-o-es.ghtml\">    50 v\u00eddeos      <\/a>       <\/p>\n<ul>\n<li><a class href=\"http:\/\/g1.globo.com\/es\/espirito-santo\/ultimas-noticias\/\"><strong>Veja o plant\u00e3o de \u00faltimas not\u00edcias do g1 Esp\u00edrito Santo<\/strong><\/a><\/li>\n<\/ul>\n<ul> <\/ul>\n","protected":false},"excerpt":{"rendered":"<p>A produ\u00e7\u00e3o de abacaxi este ano Esp\u00edrito Santo est\u00e1 deixando os produtores animados. Em Marata\u00edzes, no litoral Sul do estado, cidade onde mais de 2 mil fam\u00edlias vivem do plantio da fruta, o clima ajudou bastante e a safra deve ser bem melhor do que a anterior, segundo os agricultores. Al\u00e9m disso, os frutos est\u00e3o [&hellip;]<\/p>\n","protected":false},"author":1,"featured_media":0,"comment_status":"closed","ping_status":"closed","sticky":false,"template":"","format":"standard","meta":{"footnotes":""},"categories":[],"tags":[],"class_list":["post-53651","post","type-post","status-publish","format-standard","hentry"],"_links":{"self":[{"href":"https:\/\/blog.corretoraideal.com.br\/index.php\/wp-json\/wp\/v2\/posts\/53651","targetHints":{"allow":["GET"]}}],"collection":[{"href":"https:\/\/blog.corretoraideal.com.br\/index.php\/wp-json\/wp\/v2\/posts"}],"about":[{"href":"https:\/\/blog.corretoraideal.com.br\/index.php\/wp-json\/wp\/v2\/types\/post"}],"author":[{"embeddable":true,"href":"https:\/\/blog.corretoraideal.com.br\/index.php\/wp-json\/wp\/v2\/users\/1"}],"replies":[{"embeddable":true,"href":"https:\/\/blog.corretoraideal.com.br\/index.php\/wp-json\/wp\/v2\/comments?post=53651"}],"version-history":[{"count":1,"href":"https:\/\/blog.corretoraideal.com.br\/index.php\/wp-json\/wp\/v2\/posts\/53651\/revisions"}],"predecessor-version":[{"id":53653,"href":"https:\/\/blog.corretoraideal.com.br\/index.php\/wp-json\/wp\/v2\/posts\/53651\/revisions\/53653"}],"wp:attachment":[{"href":"https:\/\/blog.corretoraideal.com.br\/index.php\/wp-json\/wp\/v2\/media?parent=53651"}],"wp:term":[{"taxonomy":"category","embeddable":true,"href":"https:\/\/blog.corretoraideal.com.br\/index.php\/wp-json\/wp\/v2\/categories?post=53651"},{"taxonomy":"post_tag","embeddable":true,"href":"https:\/\/blog.corretoraideal.com.br\/index.php\/wp-json\/wp\/v2\/tags?post=53651"}],"curies":[{"name":"wp","href":"https:\/\/api.w.org\/{rel}","templated":true}]}}