{"id":53654,"date":"2023-10-01T10:35:48","date_gmt":"2023-10-01T10:35:48","guid":{"rendered":"https:\/\/blog.corretoraideal.com.br\/?p=53654"},"modified":"2023-10-01T10:35:48","modified_gmt":"2023-10-01T10:35:48","slug":"rio-innovation-week-comeca-nesta-terca-com-cerca-de-1-500-palestrantes-veja-algumas-das-confirmacoes-mais-recentes-rio-innovation-week-g1","status":"publish","type":"post","link":"https:\/\/blog.corretoraideal.com.br\/index.php\/2023\/10\/01\/rio-innovation-week-comeca-nesta-terca-com-cerca-de-1-500-palestrantes-veja-algumas-das-confirmacoes-mais-recentes-rio-innovation-week-g1\/","title":{"rendered":"Rio Innovation Week come\u00e7a nesta ter\u00e7a com cerca de 1.500 palestrantes; veja algumas das confirma\u00e7\u00f5es mais recentes | Rio Innovation Week | G1"},"content":{"rendered":"<p>      1 de 1&#013;Edi\u00e7\u00e3o anterior da Rio Innovation Week \u2014 Foto: Divulga\u00e7\u00e3o    <\/p>\n<p> Edi\u00e7\u00e3o anterior da Rio Innovation Week \u2014 Foto: Divulga\u00e7\u00e3o <\/p>\n<p> O <strong>Rio Innovation Week<\/strong> anunciou novas atra\u00e7\u00f5es para a terceira edi\u00e7\u00e3o do evento, que acontece entre os dias 3 e 6 de outubro no P\u00eder Mau\u00e1, na regi\u00e3o Central do Rio. <\/p>\n<p> Entre as personalidades do mundo da m\u00fasica rec\u00e9m-divulgadas que participar\u00e3o do evento como palestrantes est\u00e3o Anitta, Martinho da Villa, Chico Brown (cantor e compositor filho de Carlinhos Brown) al\u00e9m de DJs. <\/p>\n<p> A edi\u00e7\u00e3o conta com a presen\u00e7a de cerca de 1.500 palestrantes, distribu\u00eddos em um espa\u00e7o de 60.000 metros quadrados. Dentre os palcos do evento est\u00e1 o Back2Black Festival, que promete trazer temas relacionados \u00e0 racismo, \u00c1frica, sociedade e comunidade (veja a lista completa de palcos no fim da reportagem). <\/p>\n<p> Mais de 130 mil visitantes s\u00e3o esperados pela organiza\u00e7\u00e3o do evento, que tem como objetivo incentivar a tecnologia e inova\u00e7\u00e3o. Por conta disso, alunos do Naves do Conhecimento, projeto da Secretaria Municipal de Ci\u00eancia e Tecnologia, v\u00e3o visitar gratuitamente o evento. <\/p>\n<p> A programa\u00e7\u00e3o deste ano tamb\u00e9m tem como destaque debates em torno do uso \u00e9tico e os rumos da Intelig\u00eancia Artifical e um encontro sobre Empoderamento e direito \u00e0 cidade, com Joice Berth, Maju Coutinho e Clara Moneke. <\/p>\n<p> O evento tamb\u00e9m contar\u00e1 com a presen\u00e7a de influenciadoras como Nathalia Arcuri, Camila Coutinho, Natalia Beauty. <\/p>\n<p> Anteriormente, <a class href=\"https:\/\/g1.globo.com\/rj\/rio-de-janeiro\/noticia\/2023\/09\/22\/xuxa-kondzilla-luciano-huck-clara-moneke-e-monique-evelle-estao-entre-as-atracoes-de-evento-no-rio-veja-detalhes.ghtml\">j\u00e1 tinham sido confirmadas as participa\u00e7\u00f5es de Xuxa Meneghel, Monique Evelle, Kondzilla e Eduardo Kobra<\/a>. Entre as atra\u00e7\u00f5es internacionais foram divulgados nomes como Marc Randolph, co-fundador e primeiro CEO da Netflix, o te\u00f3rico pol\u00edtico Achille Mbembe e Alex Osterwalder, idealizador do \u201cBusiness Model Canvas\u201d. <\/p>\n<p> <a class href=\"https:\/\/g1.globo.com\/rj\/rio-de-janeiro\/noticia\/2022\/01\/13\/rio-innovation-week-reune-grandes-nomes-do-setor-com-mais-de-500-palestrantes-ate-domingo.ghtml\">A edi\u00e7\u00e3o passada contou com nomes como o cofundador da Apple, Steve Wozniak,<\/a> o presidente da Virgin, Richard Branson, e o prefeito de Miami, Francis Suarez <\/p>\n<p><h2>SERVI\u00c7O<\/h2>\n<\/p>\n<p> <strong>Quando? <\/strong>3 a 6 de outubro, das 10h \u00e0s 19h <strong>Onde?<\/strong> P\u00eder Mau\u00e1 &#8211; Av. Rodrigues Alves, 10 &#8211; Pra\u00e7a Mau\u00e1, <a class href=\"https:\/\/g1.globo.com\/rj\/rio-de-janeiro\/cidade\/rio-de-janeiro\/\">Rio de Janeiro<\/a> <strong>Quanto?<\/strong> De R$ 250 (ingresso di\u00e1rio) a R$ 600 (passaporte) <a class href=\"https:\/\/www.sympla.com.br\/evento\/rio-innovation-week-3-edicao\/2060020?utm_source=google&amp;utm_medium=cpc&amp;utm_campaign=marktech_gads_search_riw2023_brand&amp;utm_content=exata-sympla&amp;utm_term=exata-sympla&amp;gclid=CjwKCAjw69moBhBgEiwAUFCx2DFbHA1J9A-wizdAW6Qr_RqSxqm7XXm_rXJpgLe2OGUxXDA1yWNO-xoCqB4QAvD_BwE\" target=\"_blank\" rel=\"noopener noreferrer\">no link<\/a> <\/p>\n<p><h2>ESPA\u00c7OS<\/h2>\n<\/p>\n<p> <strong>RIW Back2Black<\/strong> &#8211; Em 2023, o RIW trar\u00e1 o Back2Black para tratar de assuntos como desenvolvimento econ\u00f4mico, empreendedorismo, inova\u00e7\u00e3o, neg\u00f3cios e cultura preta. O objetivo \u00e9 reunir um elenco de grandes personalidades no sentido de fomentar temas e discuss\u00f5es e gerar oportunidades com as pautas raciais no Rio de Janeiro, no Brasil e no mundo. Criando pontes entre Brasil e \u00c1frica, a confer\u00eancia pretende jogar luz em temas que potencializam as diversas manifesta\u00e7\u00f5es da popula\u00e7\u00e3o preta, com o prop\u00f3sito de colaborar para a necess\u00e1ria repara\u00e7\u00e3o da d\u00edvida hist\u00f3rica com esta parcela da sociedade. O empreendedorismo social, a economia das comunidades e a cultura e o entretenimento conduzidos por l\u00edderes da cultura Preta do Brasil e do mundo far\u00e3o parte da programa\u00e7\u00e3o. <\/p>\n<p> <strong>Impact4Change <\/strong>&#8211; Essa nova confer\u00eancia do RIW explora e discute a tecnologia social, evidenciando o uso de tecnologias e inova\u00e7\u00f5es para a viabiliza\u00e7\u00e3o de projetos de impacto social e ambiental que beneficiam comunidades. Espa\u00e7o que promove a democratiza\u00e7\u00e3o da ci\u00eancia e da tecnologia, onde jovens empreendedores, sociedades organizadas de comunidades, universidades, institutos de pesquisa e demais agentes de transforma\u00e7\u00e3o encontrar\u00e3o oportunidades de neg\u00f3cios e financiamentos para suas iniciativas. <\/p>\n<p> <strong>RIW Open Innovation<\/strong> &#8211; Aborda inova\u00e7\u00e3o aberta em diferentes setores, al\u00e9m de criar conex\u00f5es que geram oportunidades de neg\u00f3cios, networking, aprendizado e novas experi\u00eancias para todos os players. Os temas trabalhados contribuem com o setor financeiro, educacional, empresarial, sa\u00fade, energia e outros com grande relev\u00e2ncia na sociedade, com uma megaestrutura que contempla m\u00faltiplos palcos, workshops e mentorias. <\/p>\n<p> <strong>Energy Hub Summit &#8211;<\/strong> No Energy Hub, os principais agentes de inova\u00e7\u00e3o e tomadores de decis\u00e3o ir\u00e3o debater t\u00f3picos cr\u00edticos do setor de energia. Contamos com a presen\u00e7a de startups que est\u00e3o revolucionando a ind\u00fastria com suas solu\u00e7\u00f5es inovadoras, trazendo as mudan\u00e7as que o setor de energia precisa. <\/p>\n<p> <strong>Arena Hub<\/strong> &#8211; Confer\u00eancia que apresenta as principais novidades tecnol\u00f3gicas do mercado esportivo, promovendo experi\u00eancias imersivas. Todo o ecossistema do Arena Hub auxilia na conex\u00e3o de profissionais, startups, entidades esportivas, universidades, centros de pesquisa, estudantes, atletas, investidores e grandes empresas de esportes. <\/p>\n<p> <strong>Game Season RIW<\/strong> &#8211; Mostra as principais transforma\u00e7\u00f5es do indiv\u00edduo por meio da modalidade e-sports, apresentando as novidades tecnol\u00f3gicas para o segmento, al\u00e9m de promover experi\u00eancias imersivas e trazer figuras refer\u00eancias no setor para compartilhar suas experi\u00eancias de empreendedorismo, desenvolvimento, negocia\u00e7\u00e3o, investimento, editais, marketing digital, e outros desafios do mercado de jogos. <\/p>\n<p> <strong>EdTech &#8211;<\/strong> A confer\u00eancia discute sobre as tend\u00eancias, tecnologias e inova\u00e7\u00f5es no mundo da educa\u00e7\u00e3o e busca trazer conte\u00fados, ferramentas, estudos e pontos de vista sobre a evolu\u00e7\u00e3o nas plataformas, metodologias e entidades de ensino, visando o avan\u00e7o do setor. <\/p>\n<p> <strong>Conecta Varejo<\/strong> &#8211; O Conecta traz para o RIW o futuro na \u00e1rea de varejo, conectando empresas, empreendedores e executivos. apresenta solu\u00e7\u00f5es para alavancar vendas, otimizar log\u00edstica e produ\u00e7\u00e3o, debatendo o futuro da ind\u00fastria de food service. <\/p>\n<p> <strong>Be In Crypto <\/strong>&#8211; Informa\u00e7\u00e3o, conhecimento e conte\u00fados sobre o mundo das criptomoedas e blockchain. A confer\u00eancia traz \u00e0 tona as oportunidades dessa nova vertente e abre espa\u00e7o para novos neg\u00f3cios no setor. <\/p>\n<p> <strong>Agro RIW Tech <\/strong>&#8211; Confer\u00eancia que apresenta a agricultura do futuro, facilitando o acesso \u00e0s novas tecnologias. Fomenta neg\u00f3cios, entrega conhecimento e promove inova\u00e7\u00e3o, trazendo novas ferramentas para startups e empresas do setor. <\/p>\n<p> <strong>.Futuro<\/strong> &#8211; O .Futuro traz diversidade de pontos de vista e de experi\u00eancias sobre as novas tend\u00eancias das profiss\u00f5es, apresentando a evolu\u00e7\u00e3o do profissional e das oportunidades no mercado de trabalho do amanh\u00e3. <\/p>\n<p> <strong>MIT Technology Review: Innovative Workplaces<\/strong> &#8211; A publica\u00e7\u00e3o brasileira traz para o RIW esta iniciativa que tem como objetivo amadurecer o cen\u00e1rio local de inova\u00e7\u00e3o. Al\u00e9m de destacar boas pr\u00e1ticas, apresenta caminhos poss\u00edveis de melhoria e de transforma\u00e7\u00e3o. Nesta edi\u00e7\u00e3o, o Innovators Under 35 ser\u00e1 um dos destaques do evento. A maior premia\u00e7\u00e3o da MIT Technology Review no mundo reconhece brasileiros excepcionais com menos de 35 anos e os integra \u00e0 comunidade global de inovadores que est\u00e3o moldando o futuro. Os pr\u00eamios ser\u00e3o entregues na plen\u00e1ria do Rio Innovation Week nas categorias das Artes, Tecnologia, Sa\u00fade, ESG, Neg\u00f3cios e Intelig\u00eancia Artificial. <\/p>\n<p> <strong>Clean Up The World<\/strong> &#8211; Espa\u00e7o dedicado a um dos maiores programas ambientais de base comunit\u00e1ria no mundo, unindo grupos comunit\u00e1rios, escolas, empresas e governos locais para realizar atividades e discutir quest\u00f5es ambientais de \u00e2mbito mundial. <\/p>\n<p> <strong>Health Tech &#8211;<\/strong> A confer\u00eancia apresenta as novidades do mercado de sa\u00fade, unindo a \u00e1rea cient\u00edfica com solu\u00e7\u00f5es tecnol\u00f3gicas. Importante fomento ao ecossistema de open health innovation, conectando os principais atores do mercado de sa\u00fade. <\/p>\n<p> <strong>RIW Pop &amp; Tech<\/strong> &#8211; Traz a tecnologia e a inova\u00e7\u00e3o a favor da cultura com um ambiente interativo, apresentando as m\u00faltiplas possibilidades da utiliza\u00e7\u00e3o da tecnologia para criar novos ambientes e experi\u00eancias na produ\u00e7\u00e3o cultural, estimulando a economia criativa e gerando novos neg\u00f3cios. <\/p>\n<p> <strong>Sociedade 5.0 + Cities Of Tomorrow<\/strong> &#8211; A confer\u00eancia usa as tecnologias criadas na revolu\u00e7\u00e3o 4.0 como a converg\u00eancia de todas as inova\u00e7\u00f5es, possibilitando maior qualidade de vida para a sociedade, com foco em smart cities, mobilidade, ci\u00eancia da vida, desenvolvimento humano e social, ci\u00eancia da natureza, al\u00e9m de a\u00e7\u00f5es com foco em responsabilidade ambiental. <\/p>\n<p> <strong>Turistech Zone<\/strong> &#8211; Re\u00fane os principais players do turismo para um encontro de tend\u00eancias e solu\u00e7\u00f5es voltados para diferentes partes da cadeia do setor. O objetivo da programa\u00e7\u00e3o \u00e9 acelerar a transforma\u00e7\u00e3o digital no turismo, fomentar o crescimento do ecossistema Turistech, promover conex\u00e3o entre atores do mercado de turismo e de inova\u00e7\u00e3o e estimular investimentos em startups b2b e b2b2c. <\/p>\n<p> <strong>Impact Hub <\/strong>&#8211; O Impact Hub \u00e9 uma rede focada na constru\u00e7\u00e3o de comunidades empreendedoras para impacto em escala. Casa de inovadores, sonhadores e empres\u00e1rios que est\u00e3o criando solu\u00e7\u00f5es tang\u00edveis para as quest\u00f5es mais eminentes no mundo. <\/p>\n<p> <strong>RIW LawTechs &#8211;<\/strong> Busca trazer diferentes representa\u00e7\u00f5es das novas tend\u00eancias do mercado e da estrutura atual da sociedade brasileira, para que o direito passe a viabilizar estes e outros avan\u00e7os atrav\u00e9s de um sistema jur\u00eddico facilitador e eficiente. Nesse contexto, visa trazer para os participantes do RIW um convite \u00e0s reflex\u00f5es acerca do papel do direito e os impactos positivos que a condu\u00e7\u00e3o eficiente de quest\u00f5es jur\u00eddicas \u00e9 capaz de trazer para a sociedade. <\/p>\n<p> <strong>IA &amp; Metamundo <\/strong>&#8211; A confer\u00eancia busca discutir as aplica\u00e7\u00f5es, oportunidades e desafios da Intelig\u00eancia Artificial (IA) na atualidade e no futuro, assim como suas implica\u00e7\u00f5es nas diferentes \u00e1reas da sociedade, como sa\u00fade, educa\u00e7\u00e3o, varejo, seguran\u00e7a p\u00fablica, agricultura e meio ambiente. Al\u00e9m disso, tamb\u00e9m s\u00e3o abordados os desafios legais e \u00e9ticos da IA, destaque nesta confer\u00eancia. <\/p>\n<p> <strong>Farani Stage <\/strong>&#8211; Talkshow com a investidora de sucesso Camila Farani, levando ao palco personalidades, empres\u00e1rios, investidores, shark tanks e influenciadores engajados com a tecnologia e a inova\u00e7\u00e3o. <\/p>\n<p> <strong>Music Forward <\/strong>&#8211; Este espa\u00e7o coloca a m\u00fasica para frente ao buscar caminhos que podem ser explorados para apresentar novas sonoridades quando falamos de inova\u00e7\u00e3o e futuro do setor. Talks, showcases, oficinas, rodadas de neg\u00f3cios, feiras, arte, encontros da m\u00fasica, technology show e grandes atra\u00e7\u00f5es musicais s\u00e3o algumas das experi\u00eancias dessa confer\u00eancia, que nesta edi\u00e7\u00e3o trar\u00e1 uma feira de vinil para complementar a experi\u00eancia. <\/p>\n<ul>\n<li> <a href=\"https:\/\/g1.globo.com\/rj\/rio-de-janeiro\/cidade\/rio-de-janeiro\/\" class=\"entities__list-itemLink\" data-track-click=\"Rio de Janeiro\"> Rio de Janeiro <\/a> <\/li>\n<\/ul>\n","protected":false},"excerpt":{"rendered":"<p>1 de 1&#013;Edi\u00e7\u00e3o anterior da Rio Innovation Week \u2014 Foto: Divulga\u00e7\u00e3o Edi\u00e7\u00e3o anterior da Rio Innovation Week \u2014 Foto: Divulga\u00e7\u00e3o O Rio Innovation Week anunciou novas atra\u00e7\u00f5es para a terceira edi\u00e7\u00e3o do evento, que acontece entre os dias 3 e 6 de outubro no P\u00eder Mau\u00e1, na regi\u00e3o Central do Rio. Entre as personalidades do [&hellip;]<\/p>\n","protected":false},"author":1,"featured_media":0,"comment_status":"closed","ping_status":"closed","sticky":false,"template":"","format":"standard","meta":{"footnotes":""},"categories":[],"tags":[],"class_list":["post-53654","post","type-post","status-publish","format-standard","hentry"],"_links":{"self":[{"href":"https:\/\/blog.corretoraideal.com.br\/index.php\/wp-json\/wp\/v2\/posts\/53654","targetHints":{"allow":["GET"]}}],"collection":[{"href":"https:\/\/blog.corretoraideal.com.br\/index.php\/wp-json\/wp\/v2\/posts"}],"about":[{"href":"https:\/\/blog.corretoraideal.com.br\/index.php\/wp-json\/wp\/v2\/types\/post"}],"author":[{"embeddable":true,"href":"https:\/\/blog.corretoraideal.com.br\/index.php\/wp-json\/wp\/v2\/users\/1"}],"replies":[{"embeddable":true,"href":"https:\/\/blog.corretoraideal.com.br\/index.php\/wp-json\/wp\/v2\/comments?post=53654"}],"version-history":[{"count":1,"href":"https:\/\/blog.corretoraideal.com.br\/index.php\/wp-json\/wp\/v2\/posts\/53654\/revisions"}],"predecessor-version":[{"id":53656,"href":"https:\/\/blog.corretoraideal.com.br\/index.php\/wp-json\/wp\/v2\/posts\/53654\/revisions\/53656"}],"wp:attachment":[{"href":"https:\/\/blog.corretoraideal.com.br\/index.php\/wp-json\/wp\/v2\/media?parent=53654"}],"wp:term":[{"taxonomy":"category","embeddable":true,"href":"https:\/\/blog.corretoraideal.com.br\/index.php\/wp-json\/wp\/v2\/categories?post=53654"},{"taxonomy":"post_tag","embeddable":true,"href":"https:\/\/blog.corretoraideal.com.br\/index.php\/wp-json\/wp\/v2\/tags?post=53654"}],"curies":[{"name":"wp","href":"https:\/\/api.w.org\/{rel}","templated":true}]}}