{"id":53662,"date":"2023-10-01T17:41:14","date_gmt":"2023-10-01T17:41:14","guid":{"rendered":"https:\/\/blog.corretoraideal.com.br\/?p=53662"},"modified":"2023-10-01T17:41:14","modified_gmt":"2023-10-01T17:41:14","slug":"oficina-voltada-ao-mundo-do-trabalho-abre-inscricoes-em-sao-joao-da-barra-nesta-segunda-norte-fluminense-g1","status":"publish","type":"post","link":"https:\/\/blog.corretoraideal.com.br\/index.php\/2023\/10\/01\/oficina-voltada-ao-mundo-do-trabalho-abre-inscricoes-em-sao-joao-da-barra-nesta-segunda-norte-fluminense-g1\/","title":{"rendered":"Oficina voltada ao mundo do trabalho abre inscri\u00e7\u00f5es em S\u00e3o Jo\u00e3o da Barra nesta segunda | Norte Fluminense | G1"},"content":{"rendered":"\n<p> A Secretaria de Assist\u00eancia Social e Direitos Humanos de <a class href=\"https:\/\/g1.globo.com\/rj\/norte-fluminense\/cidade\/sao-joao-da-barra\/\">S\u00e3o Jo\u00e3o da Barra<\/a>, por meio do Departamento de Juventude e Pol\u00edticas P\u00fablicas, abre as inscri\u00e7\u00f5es de 2 a 6 de outubro para a oficina Worklab, uma parceria com a Obra do Salvador, que vai ensinar sobre o mercado de mercado. <\/p>\n<p> O p\u00fablico-alvo s\u00e3o jovens de 15 e 29 anos referenciados no Cras de Barcelos, local das inscri\u00e7\u00f5es. <\/p>\n<p> Ser\u00e3o ofertadas 50 vagas e as aulas come\u00e7am no dia 10 de outubro em um total de tr\u00eas encontros. <\/p>\n<p> As oficinas ser\u00e3o ministradas pela a equipe multidisciplinar da Obra do Salvador no Cras de Barcelos. <\/p>\n<p> O Worklab \u00e9 uma oficina que promove um ambiente de aprendizado baseado na experimenta\u00e7\u00e3o pr\u00e1tica, colabora\u00e7\u00e3o e aprendizado ativo sobre o mundo do trabalho. <\/p>\n<p> A Obra do Salvador \u00e9 uma associa\u00e7\u00e3o civil, de impacto social, sem fins lucrativos, beneficente e filantr\u00f3pica, de car\u00e1ter assistencial, social, educacional e cultural. Tem como principal objetivo oportunizar o protagonismo de adolescentes e jovens atrav\u00e9s de a\u00e7\u00f5es s\u00f3cio-transformadoras, preparando-os para o mercado de trabalho e para a vida. <\/p>\n<ul>\n<li> <a href=\"https:\/\/g1.globo.com\/rj\/norte-fluminense\/cidade\/sao-joao-da-barra\/\" class=\"entities__list-itemLink\" data-track-click=\"S\u00e3o Jo\u00e3o da Barra\"> S\u00e3o Jo\u00e3o da Barra <\/a> <\/li>\n<\/ul>\n","protected":false},"excerpt":{"rendered":"<p>A Secretaria de Assist\u00eancia Social e Direitos Humanos de S\u00e3o Jo\u00e3o da Barra, por meio do Departamento de Juventude e Pol\u00edticas P\u00fablicas, abre as inscri\u00e7\u00f5es de 2 a 6 de outubro para a oficina Worklab, uma parceria com a Obra do Salvador, que vai ensinar sobre o mercado de mercado. O p\u00fablico-alvo s\u00e3o jovens de [&hellip;]<\/p>\n","protected":false},"author":1,"featured_media":0,"comment_status":"closed","ping_status":"closed","sticky":false,"template":"","format":"standard","meta":{"footnotes":""},"categories":[],"tags":[],"class_list":["post-53662","post","type-post","status-publish","format-standard","hentry"],"_links":{"self":[{"href":"https:\/\/blog.corretoraideal.com.br\/index.php\/wp-json\/wp\/v2\/posts\/53662","targetHints":{"allow":["GET"]}}],"collection":[{"href":"https:\/\/blog.corretoraideal.com.br\/index.php\/wp-json\/wp\/v2\/posts"}],"about":[{"href":"https:\/\/blog.corretoraideal.com.br\/index.php\/wp-json\/wp\/v2\/types\/post"}],"author":[{"embeddable":true,"href":"https:\/\/blog.corretoraideal.com.br\/index.php\/wp-json\/wp\/v2\/users\/1"}],"replies":[{"embeddable":true,"href":"https:\/\/blog.corretoraideal.com.br\/index.php\/wp-json\/wp\/v2\/comments?post=53662"}],"version-history":[{"count":1,"href":"https:\/\/blog.corretoraideal.com.br\/index.php\/wp-json\/wp\/v2\/posts\/53662\/revisions"}],"predecessor-version":[{"id":53664,"href":"https:\/\/blog.corretoraideal.com.br\/index.php\/wp-json\/wp\/v2\/posts\/53662\/revisions\/53664"}],"wp:attachment":[{"href":"https:\/\/blog.corretoraideal.com.br\/index.php\/wp-json\/wp\/v2\/media?parent=53662"}],"wp:term":[{"taxonomy":"category","embeddable":true,"href":"https:\/\/blog.corretoraideal.com.br\/index.php\/wp-json\/wp\/v2\/categories?post=53662"},{"taxonomy":"post_tag","embeddable":true,"href":"https:\/\/blog.corretoraideal.com.br\/index.php\/wp-json\/wp\/v2\/tags?post=53662"}],"curies":[{"name":"wp","href":"https:\/\/api.w.org\/{rel}","templated":true}]}}