{"id":53670,"date":"2023-10-01T19:51:09","date_gmt":"2023-10-01T19:51:09","guid":{"rendered":"https:\/\/blog.corretoraideal.com.br\/?p=53670"},"modified":"2023-10-01T19:51:09","modified_gmt":"2023-10-01T19:51:09","slug":"dna-enxerto-e-hormonios-em-mudas-conheca-tecnica-usada-para-reflorestar-brumadinho-apos-tragedia-globo-rural-g1","status":"publish","type":"post","link":"https:\/\/blog.corretoraideal.com.br\/index.php\/2023\/10\/01\/dna-enxerto-e-hormonios-em-mudas-conheca-tecnica-usada-para-reflorestar-brumadinho-apos-tragedia-globo-rural-g1\/","title":{"rendered":"DNA, enxerto e horm\u00f4nios em mudas: conhe\u00e7a t\u00e9cnica usada para reflorestar Brumadinho ap\u00f3s trag\u00e9dia | Globo Rural | G1"},"content":{"rendered":"\n<p> O rompimento da barragem de <a class href=\"https:\/\/g1.globo.com\/mg\/minas-gerais\/cidade\/brumadinho\/\">Brumadinho<\/a>, em Minas Gerais, em 25 de janeiro de 2019, deixou marcas que n\u00e3o ser\u00e3o esquecidas: causou mais de 270 mortos e destrui\u00e7\u00e3o no meio ambiente, atingindo quase 300 hectares. <\/p>\n<p> Metade desta \u00e1rea era ocupada, principalmente, por agricultura e pecu\u00e1ria, j\u00e1 a outra metade era por floresta nativa. <\/p>\n<p> A destrui\u00e7\u00e3o foi total e requer a retirada de quase 10 milh\u00f5es de metros c\u00fabicos do res\u00edduo que vazou da barragem. <\/p>\n<p> A Universidade Federal de Vi\u00e7osa (<a class href=\"https:\/\/g1.globo.com\/educacao\/universidade\/ufv\/\">UFV<\/a>) est\u00e1 usando um m\u00e9todo chamado <strong>resgate de DNA e indu\u00e7\u00e3o de reflorestamento precoce em esp\u00e9cies florestais nativas<\/strong>. A ideia \u00e9 preservar a gen\u00e9tica das plantas sobreviventes da trag\u00e9dia com o uso de horm\u00f4nios e, assim, acelerar a recupera\u00e7\u00e3o da \u00e1rea. <\/p>\n<p><h2>Resgate de DNA<\/h2>\n<\/p>\n<p> O trabalho de recupera\u00e7\u00e3o come\u00e7a depois que os bombeiros fazem a vistoria do chamado rejeito, material descartado da minera\u00e7\u00e3o e que estava armazenado na barragem que se rompeu. <\/p>\n<p> A expectativa dos pesquisadores \u00e9 de que at\u00e9 2030 essas \u00e1reas estejam limpas e em processo de recupera\u00e7\u00e3o ambiental. <\/p>\n<p> A t\u00e9cnica de resgate de DNA est\u00e1 sendo usada tamb\u00e9m em outros locais onde a recupera\u00e7\u00e3o florestal \u00e9 urgente, caso da hidrel\u00e9trica de <a class href=\"https:\/\/g1.globo.com\/tudo-sobre\/belo-monte\/\">Belo Monte<\/a>, no Par\u00e1. <\/p>\n<p> As primeiras coletas de DNA come\u00e7aram em junho de 2020, quando a Vale fechou uma parceria com a UFV. Atualmente, mais de 30 esp\u00e9cies est\u00e3o mapeadas, como o Jacarand\u00e1, Ip\u00ea e Jequitib\u00e1. <\/p>\n<p><h2>Multiplica\u00e7\u00e3o de mudas<\/h2>\n<\/p>\n<p> A t\u00e9cnica de multiplica\u00e7\u00e3o usada pelos pesquisadores \u00e9 a enxertia, que une duas plantas para fazer uma s\u00f3.  <\/p>\n<p> Uma fica na parte debaixo, chamada de &quot;cavalo&quot; ou &quot;porta-enxerto&quot;. Ela \u00e9 a respons\u00e1vel pelo desenvolvimento das ra\u00edzes. A da parte de cima \u00e9 chamada de &quot;cavaleiro&quot; ou &quot;enxerto&quot;, que dar\u00e1 origem \u00e0 parte a\u00e9rea da nova planta e \u00e9 o que \u00e9 coletado em Brumadinho. <\/p>\n<p><h2>Aplica\u00e7\u00e3o de horm\u00f4nios<\/h2>\n<\/p>\n<p> Leva cerca de quatro meses para o enxerto colar e a copa atingir 80 cent\u00edmetros de di\u00e2metro. \u00c9 nesse momento que entra a aplica\u00e7\u00e3o de horm\u00f4nios, que antecipam o florescimento das mudas. Quando elas j\u00e1 est\u00e3o em flora\u00e7\u00e3o, elas v\u00e3o para Brumadinho. <\/p>\n<p> O projeto vai at\u00e9 outubro de 2024, com o objetivo de plantar 6 mil mudas produzidas a partir do processo de resgate de DNA. Dos 300 hectares impactados pela trag\u00e9dia, apenas 3 foram liberados pelos bombeiros at\u00e9 agora. <\/p>\n<p> <strong>Confira a reportagem completa nos dois V\u00cdDEOS ACIMA.<\/strong> <\/p>\n<p><h2><strong>Veja os v\u00eddeos mais assistidos do Globo Rural<\/strong><\/h2>\n<\/p>\n<p>   <a href=\"https:\/\/g1.globo.com\/economia\/agronegocios\/globo-rural\/videos-globo-rural\/playlist\/videos-mais-assistidos-do-globo-rural.ghtml\">    50 v\u00eddeos      <\/a>   <\/p>\n<ul>\n<li> <a href=\"https:\/\/g1.globo.com\/tudo-sobre\/belo-monte\/\" class=\"entities__list-itemLink\" data-track-click=\"Belo Monte\"> Belo Monte <\/a> <\/li>\n<li> <a href=\"https:\/\/g1.globo.com\/mg\/minas-gerais\/cidade\/brumadinho\/\" class=\"entities__list-itemLink\" data-track-click=\"Brumadinho\"> Brumadinho <\/a> <\/li>\n<li> <a href=\"https:\/\/g1.globo.com\/educacao\/universidade\/ufv\/\" class=\"entities__list-itemLink\" data-track-click=\"UFV\"> UFV <\/a> <\/li>\n<\/ul>\n","protected":false},"excerpt":{"rendered":"<p>O rompimento da barragem de Brumadinho, em Minas Gerais, em 25 de janeiro de 2019, deixou marcas que n\u00e3o ser\u00e3o esquecidas: causou mais de 270 mortos e destrui\u00e7\u00e3o no meio ambiente, atingindo quase 300 hectares. Metade desta \u00e1rea era ocupada, principalmente, por agricultura e pecu\u00e1ria, j\u00e1 a outra metade era por floresta nativa. A destrui\u00e7\u00e3o [&hellip;]<\/p>\n","protected":false},"author":1,"featured_media":0,"comment_status":"closed","ping_status":"closed","sticky":false,"template":"","format":"standard","meta":{"footnotes":""},"categories":[],"tags":[],"class_list":["post-53670","post","type-post","status-publish","format-standard","hentry"],"_links":{"self":[{"href":"https:\/\/blog.corretoraideal.com.br\/index.php\/wp-json\/wp\/v2\/posts\/53670","targetHints":{"allow":["GET"]}}],"collection":[{"href":"https:\/\/blog.corretoraideal.com.br\/index.php\/wp-json\/wp\/v2\/posts"}],"about":[{"href":"https:\/\/blog.corretoraideal.com.br\/index.php\/wp-json\/wp\/v2\/types\/post"}],"author":[{"embeddable":true,"href":"https:\/\/blog.corretoraideal.com.br\/index.php\/wp-json\/wp\/v2\/users\/1"}],"replies":[{"embeddable":true,"href":"https:\/\/blog.corretoraideal.com.br\/index.php\/wp-json\/wp\/v2\/comments?post=53670"}],"version-history":[{"count":1,"href":"https:\/\/blog.corretoraideal.com.br\/index.php\/wp-json\/wp\/v2\/posts\/53670\/revisions"}],"predecessor-version":[{"id":53672,"href":"https:\/\/blog.corretoraideal.com.br\/index.php\/wp-json\/wp\/v2\/posts\/53670\/revisions\/53672"}],"wp:attachment":[{"href":"https:\/\/blog.corretoraideal.com.br\/index.php\/wp-json\/wp\/v2\/media?parent=53670"}],"wp:term":[{"taxonomy":"category","embeddable":true,"href":"https:\/\/blog.corretoraideal.com.br\/index.php\/wp-json\/wp\/v2\/categories?post=53670"},{"taxonomy":"post_tag","embeddable":true,"href":"https:\/\/blog.corretoraideal.com.br\/index.php\/wp-json\/wp\/v2\/tags?post=53670"}],"curies":[{"name":"wp","href":"https:\/\/api.w.org\/{rel}","templated":true}]}}