{"id":53673,"date":"2023-10-02T00:33:55","date_gmt":"2023-10-02T00:33:55","guid":{"rendered":"https:\/\/blog.corretoraideal.com.br\/?p=53673"},"modified":"2023-10-02T00:33:55","modified_gmt":"2023-10-02T00:33:55","slug":"museu-reune-mais-de-cinco-mil-garrafas-de-cachaca-nosso-campo-g1","status":"publish","type":"post","link":"https:\/\/blog.corretoraideal.com.br\/index.php\/2023\/10\/02\/museu-reune-mais-de-cinco-mil-garrafas-de-cachaca-nosso-campo-g1\/","title":{"rendered":"Museu re\u00fane mais de cinco mil garrafas de cacha\u00e7a | Nosso Campo | G1"},"content":{"rendered":"<p>      1 de 1&#013;Museu re\u00fane mais de cinco mil garrafas de cacha\u00e7a \u2014 Foto: Reprodu\u00e7\u00e3o\/TV TEM    <\/p>\n<p> Museu re\u00fane mais de cinco mil garrafas de cacha\u00e7a \u2014 Foto: Reprodu\u00e7\u00e3o\/TV TEM <\/p>\n<p> Um museu em <a class href=\"https:\/\/g1.globo.com\/sp\/sao-jose-do-rio-preto-aracatuba\/cidade\/catanduva\/\">Catanduva (SP)<\/a> re\u00fane uma cole\u00e7\u00e3o rara de cacha\u00e7a. S\u00e3o mais de cinco mil garrafas e muitas hist\u00f3rias para que os visitantes possam conhecer um pouquinho da produ\u00e7\u00e3o desta bebida t\u00e3o brasileira. <\/p>\n<p> A cacha\u00e7a surgiu com os escravos nos antigos engenhos de a\u00e7\u00facar. Ela era consumida principalmente pelas classes sociais mais pobres e era alvo de preconceito, mas hoje virou at\u00e9 bebida gourmet. <\/p>\n<p> A cana-de-a\u00e7\u00facar \u00e9 uma das riquezas do agroneg\u00f3cio do estado. Na fazenda do M\u00e1rio Sergio, h\u00e1 um dos maiores acervos de cacha\u00e7a de S\u00e3o Paulo. S\u00e3o mais de cinco mil garrafas de cacha\u00e7a, colecionadas ao longo de 40 anos, com diferentes r\u00f3tulos, formatos e sabores. Garrafas de variados pa\u00edses e \u00e9pocas &#8211; todas embaladas, para evitar a evapora\u00e7\u00e3o da bebida. <\/p>\n<p> <strong>Veja a reportagem exibida no programa em 01\/10\/2023:<\/strong> <\/p>\n<p>                   <img loading=\"lazy\" decoding=\"async\" class=\"aligncenter size-full wp-image-53675\" src=\"https:\/\/blog.corretoraideal.com.br\/wp-content\/uploads\/2023\/10\/museu-reune-mais-de-cinco-mil-garrafas-de-cachaca-1.jpeg\" alt=\"Museu re\u00fane mais de cinco mil garrafas de cacha\u00e7a\" width=\"800\" height=\"400\" \/>      <\/p>\n<p> Museu re\u00fane mais de cinco mil garrafas de cacha\u00e7a <\/p>\n<p> Apaixonado por antiguidades, Seu M\u00e1rio, pai de M\u00e1rio S\u00e9rgio, que morreu em 2021, com 82 anos, foi quem montou o acervo. Para a fam\u00edlia, \u00e9 um orgulho manter tudo do jeito que ele deixou. <\/p>\n<p> A paix\u00e3o pela cacha\u00e7a come\u00e7ou quando os av\u00f3s de M\u00e1rio Sergio vieram da It\u00e1lia, fugindo da Primeira Guerra Mundial. No Brasil, ele se encantou pela cacha\u00e7a e pela cana. Come\u00e7ou com moenda caseira, no fundo de casa, e depois passou para o engenho. <\/p>\n<p> A produ\u00e7\u00e3o de cacha\u00e7a artesanal \u00e9 outra tradi\u00e7\u00e3o da fam\u00edlia. O engenho \u00e9 mantido na fazenda desde quando Seu M\u00e1rio come\u00e7ou a produzir a bebida, h\u00e1 quase cinco d\u00e9cadas. Hoje o local produz uma extensa linha de cacha\u00e7as artesanais, licores e coquet\u00e9is. <\/p>\n<p><h2><strong>V\u00cdDEOS: reveja as reportagens do Nosso Campo<\/strong><\/h2>\n<\/p>\n<p>   <a href=\"https:\/\/g1.globo.com\/sp\/sorocaba-jundiai\/nosso-campo\/playlist\/videos-veja-as-reportagens-do-nosso-campo.ghtml\">    50 v\u00eddeos      <\/a>   <\/p>\n<p> <strong>Acesse + <\/strong><a class href=\"https:\/\/redeglobo.globo.com\/sp\/tvtem\/\"><strong>TV TEM<\/strong><\/a><strong> | <\/strong><a class href=\"https:\/\/redeglobo.globo.com\/sp\/tvtem\/sorocaba-e-regiao\/programacao\/?region=sorocaba-e-regiao#20170330527359https:\/\/redeglobo.globo.com\/sp\/tvtem\/sorocaba-e-regiao\/programacao\/?region=sorocaba-e-regiao#20170330527359\"><strong>Programa\u00e7\u00e3o<\/strong><\/a><strong> | <\/strong><a class href=\"https:\/\/redeglobo.globo.com\/sp\/tvtem\/noticia\/videos-acesse-os-catalogos-dos-programas-da-tv-tem.ghtml\"><strong>V\u00eddeos<\/strong><\/a><strong> | <\/strong><a class href=\"https:\/\/redeglobo.globo.com\/sp\/tvtem\/noticia\/pela-web-confira-os-enderecos-oficiais-da-tv-tem-nas-redes-sociais.ghtml\"><strong>Redes sociais<\/strong><\/a> <\/p>\n<ul>\n<li> <a href=\"https:\/\/g1.globo.com\/sp\/sao-jose-do-rio-preto-aracatuba\/cidade\/catanduva\/\" class=\"entities__list-itemLink\" data-track-click=\"Catanduva\"> Catanduva <\/a> <\/li>\n<\/ul>\n","protected":false},"excerpt":{"rendered":"<p>1 de 1&#013;Museu re\u00fane mais de cinco mil garrafas de cacha\u00e7a \u2014 Foto: Reprodu\u00e7\u00e3o\/TV TEM Museu re\u00fane mais de cinco mil garrafas de cacha\u00e7a \u2014 Foto: Reprodu\u00e7\u00e3o\/TV TEM Um museu em Catanduva (SP) re\u00fane uma cole\u00e7\u00e3o rara de cacha\u00e7a. S\u00e3o mais de cinco mil garrafas e muitas hist\u00f3rias para que os visitantes possam conhecer um [&hellip;]<\/p>\n","protected":false},"author":1,"featured_media":0,"comment_status":"closed","ping_status":"closed","sticky":false,"template":"","format":"standard","meta":{"footnotes":""},"categories":[],"tags":[],"class_list":["post-53673","post","type-post","status-publish","format-standard","hentry"],"_links":{"self":[{"href":"https:\/\/blog.corretoraideal.com.br\/index.php\/wp-json\/wp\/v2\/posts\/53673","targetHints":{"allow":["GET"]}}],"collection":[{"href":"https:\/\/blog.corretoraideal.com.br\/index.php\/wp-json\/wp\/v2\/posts"}],"about":[{"href":"https:\/\/blog.corretoraideal.com.br\/index.php\/wp-json\/wp\/v2\/types\/post"}],"author":[{"embeddable":true,"href":"https:\/\/blog.corretoraideal.com.br\/index.php\/wp-json\/wp\/v2\/users\/1"}],"replies":[{"embeddable":true,"href":"https:\/\/blog.corretoraideal.com.br\/index.php\/wp-json\/wp\/v2\/comments?post=53673"}],"version-history":[{"count":1,"href":"https:\/\/blog.corretoraideal.com.br\/index.php\/wp-json\/wp\/v2\/posts\/53673\/revisions"}],"predecessor-version":[{"id":53676,"href":"https:\/\/blog.corretoraideal.com.br\/index.php\/wp-json\/wp\/v2\/posts\/53673\/revisions\/53676"}],"wp:attachment":[{"href":"https:\/\/blog.corretoraideal.com.br\/index.php\/wp-json\/wp\/v2\/media?parent=53673"}],"wp:term":[{"taxonomy":"category","embeddable":true,"href":"https:\/\/blog.corretoraideal.com.br\/index.php\/wp-json\/wp\/v2\/categories?post=53673"},{"taxonomy":"post_tag","embeddable":true,"href":"https:\/\/blog.corretoraideal.com.br\/index.php\/wp-json\/wp\/v2\/tags?post=53673"}],"curies":[{"name":"wp","href":"https:\/\/api.w.org\/{rel}","templated":true}]}}