{"id":53677,"date":"2023-10-02T05:32:44","date_gmt":"2023-10-02T05:32:44","guid":{"rendered":"https:\/\/blog.corretoraideal.com.br\/?p=53677"},"modified":"2023-10-02T05:32:44","modified_gmt":"2023-10-02T05:32:44","slug":"maquinas-usadas-sao-opcoes-para-produtores-que-querem-economizar-nosso-campo-g1","status":"publish","type":"post","link":"https:\/\/blog.corretoraideal.com.br\/index.php\/2023\/10\/02\/maquinas-usadas-sao-opcoes-para-produtores-que-querem-economizar-nosso-campo-g1\/","title":{"rendered":"M\u00e1quinas usadas s\u00e3o op\u00e7\u00f5es para produtores que querem economizar | Nosso Campo | G1"},"content":{"rendered":"<p>      1 de 1&#013;M\u00e1quinas usadas s\u00e3o op\u00e7\u00f5es para produtores que querem economizar \u2014 Foto: Reprodu\u00e7\u00e3o\/TV TEM    <\/p>\n<p> M\u00e1quinas usadas s\u00e3o op\u00e7\u00f5es para produtores que querem economizar \u2014 Foto: Reprodu\u00e7\u00e3o\/TV TEM <\/p>\n<p> Comprar m\u00e1quinas \u00e9 um grande investimento, sejam elas usadas ou novas. Esta nem sempre \u00e9 uma escolha f\u00e1cil, mas a possibilidade de gastar menos acaba ajudando muitos produtores rurais a tomarem a decis\u00e3o. <\/p>\n<p> Para Alexandre Augusto, um trator de quase 30 anos de uso tem sido de muita utilidade na planta\u00e7\u00e3o de milho. H\u00e1 tr\u00eas anos, quando precisou de um trator, o produtor rural comparou com um ve\u00edculo novo e percebeu que a escolha de um usado seria a mais acertada. Al\u00e9m disso, o pre\u00e7o foi decisivo para a tomada de decis\u00e3o. <\/p>\n<p> <strong>Veja a reportagem exibida no programa em 01\/10\/2023:<\/strong> <\/p>\n<p>                   <img loading=\"lazy\" decoding=\"async\" class=\"aligncenter size-full wp-image-53679\" src=\"https:\/\/blog.corretoraideal.com.br\/wp-content\/uploads\/2023\/10\/maquinas-usadas-sao-opcoes-para-produtores-que-querem-economizar-1.jpeg\" alt=\"M\u00e1quinas usadas s\u00e3o op\u00e7\u00f5es para produtores que querem economizar\" width=\"800\" height=\"400\" \/>      <\/p>\n<p> M\u00e1quinas usadas s\u00e3o op\u00e7\u00f5es para produtores que querem economizar <\/p>\n<p> Alexandre conta ainda que teve sorte, pois, apesar da idade, o trator d\u00e1 pouca manuten\u00e7\u00e3o. Em momentos de dificuldades na economia, o mercado de usados costuma ficar aquecido. Quando a procura \u00e9 maior, reflete nos pre\u00e7os. Em muitos casos, o aumento chegou a 40%. <\/p>\n<p> Em uma concession\u00e1ria de m\u00e1quinas agr\u00edcolas em <a class href=\"https:\/\/g1.globo.com\/sp\/itapetininga-regiao\/cidade\/tatui\/\">Tatu\u00ed (SP)<\/a>, a venda de tratores usados representa 20% do faturamento da empresa. <\/p>\n<p> Assim como no mercado de carros usados, conhecer o perfil e as necessidades do cliente \u00e9 importante. Investir em um usado pode valer a pena para quem est\u00e1 come\u00e7ando na atividade ou para quem quer garantir o maquin\u00e1rio sem gastar muito. <\/p>\n<p><h2><strong>V\u00cdDEOS: reveja as reportagens do Nosso Campo<\/strong><\/h2>\n<\/p>\n<p>   <a href=\"https:\/\/g1.globo.com\/sp\/sorocaba-jundiai\/nosso-campo\/playlist\/videos-veja-as-reportagens-do-nosso-campo.ghtml\">    50 v\u00eddeos      <\/a>   <\/p>\n<p> <strong>Acesse + <\/strong><a class href=\"https:\/\/redeglobo.globo.com\/sp\/tvtem\/\"><strong>TV TEM<\/strong><\/a><strong> | <\/strong><a class href=\"https:\/\/redeglobo.globo.com\/sp\/tvtem\/sorocaba-e-regiao\/programacao\/?region=sorocaba-e-regiao#20170330527359https:\/\/redeglobo.globo.com\/sp\/tvtem\/sorocaba-e-regiao\/programacao\/?region=sorocaba-e-regiao#20170330527359\"><strong>Programa\u00e7\u00e3o<\/strong><\/a><strong> | <\/strong><a class href=\"https:\/\/redeglobo.globo.com\/sp\/tvtem\/noticia\/videos-acesse-os-catalogos-dos-programas-da-tv-tem.ghtml\"><strong>V\u00eddeos<\/strong><\/a><strong> | <\/strong><a class href=\"https:\/\/redeglobo.globo.com\/sp\/tvtem\/noticia\/pela-web-confira-os-enderecos-oficiais-da-tv-tem-nas-redes-sociais.ghtml\"><strong>Redes sociais<\/strong><\/a> <\/p>\n<ul>\n<li> <a href=\"https:\/\/g1.globo.com\/sp\/itapetininga-regiao\/cidade\/tatui\/\" class=\"entities__list-itemLink\" data-track-click=\"Tatu\u00ed\"> Tatu\u00ed <\/a> <\/li>\n<\/ul>\n","protected":false},"excerpt":{"rendered":"<p>1 de 1&#013;M\u00e1quinas usadas s\u00e3o op\u00e7\u00f5es para produtores que querem economizar \u2014 Foto: Reprodu\u00e7\u00e3o\/TV TEM M\u00e1quinas usadas s\u00e3o op\u00e7\u00f5es para produtores que querem economizar \u2014 Foto: Reprodu\u00e7\u00e3o\/TV TEM Comprar m\u00e1quinas \u00e9 um grande investimento, sejam elas usadas ou novas. Esta nem sempre \u00e9 uma escolha f\u00e1cil, mas a possibilidade de gastar menos acaba ajudando muitos [&hellip;]<\/p>\n","protected":false},"author":1,"featured_media":0,"comment_status":"closed","ping_status":"closed","sticky":false,"template":"","format":"standard","meta":{"footnotes":""},"categories":[],"tags":[],"class_list":["post-53677","post","type-post","status-publish","format-standard","hentry"],"_links":{"self":[{"href":"https:\/\/blog.corretoraideal.com.br\/index.php\/wp-json\/wp\/v2\/posts\/53677","targetHints":{"allow":["GET"]}}],"collection":[{"href":"https:\/\/blog.corretoraideal.com.br\/index.php\/wp-json\/wp\/v2\/posts"}],"about":[{"href":"https:\/\/blog.corretoraideal.com.br\/index.php\/wp-json\/wp\/v2\/types\/post"}],"author":[{"embeddable":true,"href":"https:\/\/blog.corretoraideal.com.br\/index.php\/wp-json\/wp\/v2\/users\/1"}],"replies":[{"embeddable":true,"href":"https:\/\/blog.corretoraideal.com.br\/index.php\/wp-json\/wp\/v2\/comments?post=53677"}],"version-history":[{"count":1,"href":"https:\/\/blog.corretoraideal.com.br\/index.php\/wp-json\/wp\/v2\/posts\/53677\/revisions"}],"predecessor-version":[{"id":53680,"href":"https:\/\/blog.corretoraideal.com.br\/index.php\/wp-json\/wp\/v2\/posts\/53677\/revisions\/53680"}],"wp:attachment":[{"href":"https:\/\/blog.corretoraideal.com.br\/index.php\/wp-json\/wp\/v2\/media?parent=53677"}],"wp:term":[{"taxonomy":"category","embeddable":true,"href":"https:\/\/blog.corretoraideal.com.br\/index.php\/wp-json\/wp\/v2\/categories?post=53677"},{"taxonomy":"post_tag","embeddable":true,"href":"https:\/\/blog.corretoraideal.com.br\/index.php\/wp-json\/wp\/v2\/tags?post=53677"}],"curies":[{"name":"wp","href":"https:\/\/api.w.org\/{rel}","templated":true}]}}