{"id":53692,"date":"2023-10-02T17:14:39","date_gmt":"2023-10-02T17:14:39","guid":{"rendered":"https:\/\/blog.corretoraideal.com.br\/?p=53692"},"modified":"2023-10-02T17:14:39","modified_gmt":"2023-10-02T17:14:39","slug":"veja-as-praias-brasileiras-premiadas-por-qualidade-ambiental-e-seguranca-em-lista-internacional-turismo-e-viagem-g1","status":"publish","type":"post","link":"https:\/\/blog.corretoraideal.com.br\/index.php\/2023\/10\/02\/veja-as-praias-brasileiras-premiadas-por-qualidade-ambiental-e-seguranca-em-lista-internacional-turismo-e-viagem-g1\/","title":{"rendered":"Veja as praias brasileiras premiadas por qualidade ambiental e seguran\u00e7a em lista internacional | Turismo e Viagem | G1"},"content":{"rendered":"<p>      1 de 7&#013;Praia do Patacho renova selo Bandeira Azul pelo segundo ano consecutivo \u2014 Foto: Lucas Meneses\/Sedetur    <\/p>\n<p> Praia do Patacho renova selo Bandeira Azul pelo segundo ano consecutivo \u2014 Foto: Lucas Meneses\/Sedetur <\/p>\n<p> Um total de 31 praias brasileiras recebeu a certifica\u00e7\u00e3o ambiental &#x27;Bandeira Azul&#x27;, um programa da ONG Foundation for Environmental Education (FEE), com sede na Dinamarca <a class href=\"https:\/\/g1.globo.com\/turismo-e-viagem\/noticia\/2023\/10\/02\/veja-as-praias-brasileiras-premiadas-por-qualidade-ambiental-e-seguranca-em-lista-internacional.ghtml#premiacao\">(saiba sobre a premia\u00e7\u00e3o aqui)<\/a>. <\/p>\n<p> As praias nacionais foram escolhidas por um j\u00fari internacional, que selecionou ainda 11 marinas brasileira. Foram levados em considera\u00e7\u00e3o crit\u00e9rios como qualidade ambiental, seguran\u00e7a, gest\u00e3o e educa\u00e7\u00e3o. <\/p>\n<p> A <a class href=\"https:\/\/g1.globo.com\/sc\/santa-catarina\/noticia\/2023\/09\/27\/sc-tem-15-das-31-praias-premiadas-com-bandeira-azul-veja-lista.ghtml\">maioria das praias fica no estado de Santa Catarina<\/a> (15), <a class href=\"https:\/\/g1.globo.com\/rj\/rio-de-janeiro\/noticia\/2023\/09\/27\/praias-do-rj-recebem-a-bandeira-azul.ghtml\">seguida pelo Rio de Janeiro<\/a> (9) e Bahia (4). Alagoas, Cear\u00e1 e S\u00e3o Paulo tiveram uma praia selecionada cada um.<strong> Veja a lista completa abaixo: <\/strong> <\/p>\n<p><h2>Alagoas <\/h2>\n<\/p>\n<ul>\n<li><strong>Praia do Patacho, Porto de Pedras<\/strong><\/li>\n<\/ul>\n<p>         2 de 7&#013;Praia do Patacho: para\u00edso mais escondido, guarda \u00e1guas claras, quentes e calmas \u2014 Foto: Celso Tavares\/G1    <\/p>\n<p> Praia do Patacho: para\u00edso mais escondido, guarda \u00e1guas claras, quentes e calmas \u2014 Foto: Celso Tavares\/G1 <\/p>\n<p> <strong>Leia tamb\u00e9m:<\/strong> <\/p>\n<ul>\n<li><a class href=\"https:\/\/g1.globo.com\/turismo-e-viagem\/noticia\/2023\/09\/14\/quanto-custa-comer-nas-melhores-pizzarias-do-mundo-em-2023.ghtml\">Quanto custa comer nas melhores pizzarias do mundo em 2023?<\/a><\/li>\n<li><a class href=\"https:\/\/g1.globo.com\/turismo-e-viagem\/noticia\/2023\/09\/20\/os-10-melhores-hoteis-do-mundo-segundo-premiacao.ghtml\">Os 10 melhores hot\u00e9is do mundo<\/a><\/li>\n<\/ul>\n<p><h2>Bahia<\/h2>\n<\/p>\n<ul>\n<li><strong>Praia de Para\u00edso, Guarajuba, Cama\u00e7ari <\/strong><\/li>\n<li><strong>Praia da Espera, Itacimirim, Cama\u00e7ari <\/strong><\/li>\n<li><strong>Praia da Ponta de Nossa Senhora de Guadalupe, Salvador <\/strong><\/li>\n<li><strong>Praia da Vira\u00e7\u00e3o, Salvador<\/strong><\/li>\n<\/ul>\n<p>         3 de 7&#013;Praia de Itacimirim, na Regi\u00e3o Metropolitana de Salvador \u2014 Foto: Marina Oliveira    <\/p>\n<p> Praia de Itacimirim, na Regi\u00e3o Metropolitana de Salvador \u2014 Foto: Marina Oliveira <\/p>\n<p><h2>Cear\u00e1 <\/h2>\n<\/p>\n<ul>\n<li><strong>Praia do Cumbuco, Caucaia<\/strong><\/li>\n<\/ul>\n<p>         4 de 7&#013;Praia do Cumbuco, em Caucaia, conquista certificado internacional Bandeira Azul. \u2014 Foto: Divulga\u00e7\u00e3o    <\/p>\n<p> Praia do Cumbuco, em Caucaia, conquista certificado internacional Bandeira Azul. \u2014 Foto: Divulga\u00e7\u00e3o <\/p>\n<p><h2>Rio de Janeiro<\/h2>\n<\/p>\n<ul>\n<li><strong>Praia do Forno, Arma\u00e7\u00e3o de B\u00fazios<\/strong><\/li>\n<li><strong>Praia do Per\u00f3, Cabo Frio<\/strong><\/li>\n<li><strong>Praia do Sossego, Niter\u00f3i<\/strong><\/li>\n<li><strong>Praia das Pedras de Ita\u00fana, Saquarema<\/strong><\/li>\n<li><strong>Praia da Azeda Azedinha, Arma\u00e7\u00e3o de B\u00fazios<\/strong><\/li>\n<li><strong>Praia de Ub\u00e1s, Iguaba Grande<\/strong><\/li>\n<li><strong>Prainha, Rio de Janeiro<\/strong><\/li>\n<li><strong>Praia da Reserva, Rio de Janeiro<\/strong><\/li>\n<li><strong>Praia das Pedras de Sapatiba, S\u00e3o Pedro da Aldeia<\/strong><\/li>\n<\/ul>\n<p>         5 de 7&#013;Praia do Per\u00f3, em Cabo Frio, no RJ, recebeu o selo &#034;Bandeira Azul&#034; nesta ter\u00e7a do j\u00fari nacional \u2014 Foto: Prefeitura de Cabo Frio\/ Divulga\u00e7\u00e3o    <\/p>\n<p> Praia do Per\u00f3, em Cabo Frio, no RJ, recebeu o selo &#034;Bandeira Azul&#034; nesta ter\u00e7a do j\u00fari nacional \u2014 Foto: Prefeitura de Cabo Frio\/ Divulga\u00e7\u00e3o <\/p>\n<p><h2>Santa Catarina <\/h2>\n<\/p>\n<ul>\n<li><strong>Praia do Estaleiro, Balne\u00e1rio Cambori\u00fa<\/strong><\/li>\n<li><strong>Praia do Estaleirinho, Balne\u00e1rio Cambori\u00fa<\/strong><\/li>\n<li><strong>Praia de Taquaras, Balne\u00e1rio Cambori\u00fa<\/strong><\/li>\n<li><strong>Praia de Pi\u00e7arras, Balne\u00e1rio Pi\u00e7arras<\/strong><\/li>\n<li><strong>Praia de Quatro Ilhas, Bombinhas<\/strong><\/li>\n<li><strong>Praia de Mariscal, Bombinhas<\/strong><\/li>\n<li><strong>Praia da Concei\u00e7\u00e3o, Bombinhas<\/strong><\/li>\n<li><strong>Lagoa do Peri, Florian\u00f3polis <\/strong><\/li>\n<li><strong>Praia Grande, Governador Celso Ramos<\/strong><\/li>\n<li><strong>Praia do Ervino, S\u00e3o Francisco do Sul<\/strong><\/li>\n<li><strong>Praia do Forte, S\u00e3o Francisco do Sul<\/strong><\/li>\n<li><strong>Praia Grande, S\u00e3o Francisco do Sul<\/strong><\/li>\n<li><strong>Praia da Saudade, S\u00e3o Francisco do Sul <\/strong><\/li>\n<li><strong>Praia da Ponta do Jacques, Balne\u00e1rio Pi\u00e7arras<\/strong><\/li>\n<li><strong>Prainha de It\u00e1, It\u00e1<\/strong><\/li>\n<\/ul>\n<p>         6 de 7&#013;Praia do Estaleiro, em Balne\u00e1rio Cambori\u00fa recebeu certifica\u00e7\u00e3o Bandeira Azul \u2014 Foto: Santur\/Divulga\u00e7\u00e3o    <\/p>\n<p> Praia do Estaleiro, em Balne\u00e1rio Cambori\u00fa recebeu certifica\u00e7\u00e3o Bandeira Azul \u2014 Foto: Santur\/Divulga\u00e7\u00e3o <\/p>\n<p><h2>S\u00e3o Paulo<\/h2>\n<\/p>\n<ul>\n<li><strong>Praia do Tombo, Guaruj\u00e1 <\/strong><\/li>\n<\/ul>\n<p>         7 de 7&#013;A Praia do Tombo \u00e9 a \u00fanica que possui \u201cbandeira azul\u201d, ou seja, a qualidade \u00e9 de \u00f3tima qualidade, h\u00e1 seguran\u00e7a, acessibilidade e gest\u00e3o ambiental. \u2014 Foto: Divulga\u00e7\u00e3o\/Prefeitura de Guaruj\u00e1    <\/p>\n<p> A Praia do Tombo \u00e9 a \u00fanica que possui \u201cbandeira azul\u201d, ou seja, a qualidade \u00e9 de \u00f3tima qualidade, h\u00e1 seguran\u00e7a, acessibilidade e gest\u00e3o ambiental. \u2014 Foto: Divulga\u00e7\u00e3o\/Prefeitura de Guaruj\u00e1 <\/p>\n<p><h2><strong>As 11 marinas brasileiras premiadas<\/strong><\/h2>\n<\/p>\n<ul>\n<li>Yacht Clube da Bahia, Salvador (BA)<\/li>\n<li>Marina Costabella, Angra dos Reis (RJ)<\/li>\n<li>Iate Clube de Santos, Angra dos Reis (RJ)<\/li>\n<li>Tedesco Marina, Balne\u00e1rio Cambori\u00fa (SC)<\/li>\n<li>Iate Clube de Santa Catarina, Florian\u00f3polis (SC)<\/li>\n<li>Marina da Concei\u00e7\u00e3o, Florian\u00f3polis (SC)<\/li>\n<li>Marina Itaja\u00ed, Itaja\u00ed (SC)<\/li>\n<li>Iate Clube de Santos, Guaruj\u00e1 (SP)<\/li>\n<li>Marinas Nacionais, Guaruj\u00e1 (SP)<\/li>\n<li>Voga Marine, Ubatuba (SP)<\/li>\n<li>Marina Kauai, Ubatuba (SP)<\/li>\n<\/ul>\n<p><h2>O que \u00e9 a Bandeira Azul<\/h2>\n<\/p>\n<p> O programa Bandeira Azul conta com j\u00fari internacional e emite a certifica\u00e7\u00e3o oficial dos vencedores do Hemisf\u00e9rio Sul no m\u00eas de novembro, quando se inicia a temporada de ver\u00e3o. <\/p>\n<p> A divulga\u00e7\u00e3o dos locais premiados na<strong> temporada 2023\/2024 <\/strong>ocorreu no dia 26 de setembro. O certificado ser\u00e1 recebido em novembro em um evento presencial em Balne\u00e1rio Cambori\u00fa (Santa Catarina). <\/p>\n<p> O certificado \u00e9 reconhecido internacionalmente e tem como objetivo elevar o grau de conscientiza\u00e7\u00e3o da popula\u00e7\u00e3o e dos tomadores de decis\u00e3o para a necessidade de se proteger o ambiente marinho e costeiro, al\u00e9m de incentivar a realiza\u00e7\u00e3o de a\u00e7\u00f5es que conduzam \u00e0 resolu\u00e7\u00e3o dos conflitos existentes. <\/p>\n<p><h2>Conhe\u00e7a o maior navio de cruzeiro do mundo<\/h2>\n<\/p>\n<p>                   <img loading=\"lazy\" decoding=\"async\" class=\"aligncenter size-full wp-image-53694\" src=\"https:\/\/blog.corretoraideal.com.br\/wp-content\/uploads\/2023\/10\/conheca-o-maior-navio-de-cruzeiro-do-mundo-que-pesa-5-vezes-mais-que-o-titanic.jpeg\" alt=\"Conhe\u00e7a o maior navio de cruzeiro do mundo, que pesa 5 vezes mais que o Titanic\" width=\"800\" height=\"400\" \/>      <\/p>\n<p> Conhe\u00e7a o maior navio de cruzeiro do mundo, que pesa 5 vezes mais que o Titanic <\/p>\n<p><h2>Esfera inaugurada em Las Vegas tem o maior painel de LED do mundo<\/h2>\n<\/p>\n<p>                   <img loading=\"lazy\" decoding=\"async\" class=\"aligncenter size-full wp-image-53695\" src=\"https:\/\/blog.corretoraideal.com.br\/wp-content\/uploads\/2023\/10\/esfera-inaugurada-em-las-vegas-tem-o-maior-painel-de-led-do-mundo-veja-curiosidades-1.jpeg\" alt=\"Esfera inaugurada em Las Vegas tem o maior painel de LED do mundo; veja curiosidades\" width=\"800\" height=\"400\" \/>      <\/p>\n<p> Esfera inaugurada em Las Vegas tem o maior painel de LED do mundo; veja curiosidades <\/p>\n<p><h2>Veja quais s\u00e3o as melhores praias do mundo para viajar em 2023<\/h2>\n<\/p>\n<p>                   <img loading=\"lazy\" decoding=\"async\" class=\"aligncenter size-full wp-image-53696\" src=\"https:\/\/blog.corretoraideal.com.br\/wp-content\/uploads\/2023\/10\/veja-quais-sao-as-melhores-praias-do-mundo-para-viajar-em-2023-segundo-turistas.jpeg\" alt=\"Veja quais s\u00e3o as melhores praias do mundo para viajar em 2023, segundo turistas\" width=\"800\" height=\"400\" \/>      <\/p>\n<p> Veja quais s\u00e3o as melhores praias do mundo para viajar em 2023, segundo turistas <\/p>\n<p> <strong>LEIA TAMB\u00c9M:<\/strong> <\/p>\n<ul>\n<li><a class href=\"https:\/\/g1.globo.com\/turismo-e-viagem\/noticia\/2023\/10\/01\/esfera-las-vegas-maior-painel-de-led-do-mundo-e-robos-humanoides-shows-fotos.ghtml\">Esfera inaugurada em Las Vegas tem o maior painel de LED do mundo e rob\u00f4s humanoides<\/a><\/li>\n<li><a class href=\"https:\/\/g1.globo.com\/turismo-e-viagem\/noticia\/2023\/09\/30\/isencao-de-visto-de-turismo-entre-brasil-e-japao-passa-a-valer-a-partir-deste-sabado.ghtml\">Isen\u00e7\u00e3o de visto de turismo entre Brasil e Jap\u00e3o passa a valer a partir deste s\u00e1bado<\/a><\/li>\n<li><a class href=\"https:\/\/g1.globo.com\/turismo-e-viagem\/noticia\/2023\/09\/20\/hotel-brasileiro-e-eleito-um-dos-melhores-do-mundo-fotos.ghtml\">Hotel brasileiro \u00e9 eleito o melhor da Am\u00e9rica do Sul; veja FOTOS<\/a><\/li>\n<\/ul>\n<ul> <\/ul>\n","protected":false},"excerpt":{"rendered":"<p>1 de 7&#013;Praia do Patacho renova selo Bandeira Azul pelo segundo ano consecutivo \u2014 Foto: Lucas Meneses\/Sedetur Praia do Patacho renova selo Bandeira Azul pelo segundo ano consecutivo \u2014 Foto: Lucas Meneses\/Sedetur Um total de 31 praias brasileiras recebeu a certifica\u00e7\u00e3o ambiental &#x27;Bandeira Azul&#x27;, um programa da ONG Foundation for Environmental Education (FEE), com sede [&hellip;]<\/p>\n","protected":false},"author":1,"featured_media":0,"comment_status":"closed","ping_status":"closed","sticky":false,"template":"","format":"standard","meta":{"footnotes":""},"categories":[],"tags":[],"class_list":["post-53692","post","type-post","status-publish","format-standard","hentry"],"_links":{"self":[{"href":"https:\/\/blog.corretoraideal.com.br\/index.php\/wp-json\/wp\/v2\/posts\/53692","targetHints":{"allow":["GET"]}}],"collection":[{"href":"https:\/\/blog.corretoraideal.com.br\/index.php\/wp-json\/wp\/v2\/posts"}],"about":[{"href":"https:\/\/blog.corretoraideal.com.br\/index.php\/wp-json\/wp\/v2\/types\/post"}],"author":[{"embeddable":true,"href":"https:\/\/blog.corretoraideal.com.br\/index.php\/wp-json\/wp\/v2\/users\/1"}],"replies":[{"embeddable":true,"href":"https:\/\/blog.corretoraideal.com.br\/index.php\/wp-json\/wp\/v2\/comments?post=53692"}],"version-history":[{"count":1,"href":"https:\/\/blog.corretoraideal.com.br\/index.php\/wp-json\/wp\/v2\/posts\/53692\/revisions"}],"predecessor-version":[{"id":53697,"href":"https:\/\/blog.corretoraideal.com.br\/index.php\/wp-json\/wp\/v2\/posts\/53692\/revisions\/53697"}],"wp:attachment":[{"href":"https:\/\/blog.corretoraideal.com.br\/index.php\/wp-json\/wp\/v2\/media?parent=53692"}],"wp:term":[{"taxonomy":"category","embeddable":true,"href":"https:\/\/blog.corretoraideal.com.br\/index.php\/wp-json\/wp\/v2\/categories?post=53692"},{"taxonomy":"post_tag","embeddable":true,"href":"https:\/\/blog.corretoraideal.com.br\/index.php\/wp-json\/wp\/v2\/tags?post=53692"}],"curies":[{"name":"wp","href":"https:\/\/api.w.org\/{rel}","templated":true}]}}