{"id":53698,"date":"2023-10-02T18:25:23","date_gmt":"2023-10-02T18:25:23","guid":{"rendered":"https:\/\/blog.corretoraideal.com.br\/?p=53698"},"modified":"2023-10-02T18:25:23","modified_gmt":"2023-10-02T18:25:23","slug":"brasil-cria-2208-mil-empregos-formais-em-agosto-queda-de-23-em-relacao-ao-mesmo-mes-de-2022-economia-g1","status":"publish","type":"post","link":"https:\/\/blog.corretoraideal.com.br\/index.php\/2023\/10\/02\/brasil-cria-2208-mil-empregos-formais-em-agosto-queda-de-23-em-relacao-ao-mesmo-mes-de-2022-economia-g1\/","title":{"rendered":"Brasil cria 220,8 mil empregos formais em agosto, queda de 23% em rela\u00e7\u00e3o ao mesmo m\u00eas de 2022 | Economia | G1"},"content":{"rendered":"\n<ul>\n<li>\n<p> Em agosto deste ano, a economia brasileira criou 220,84 mil empregos com carteira assinada, segundo o Minist\u00e9rio do Trabalho e Emprego. <\/p>\n<\/li>\n<li>\n<p> Esse n\u00famero \u00e9 o resultado l\u00edquido das contrata\u00e7\u00f5es (2,099 milh\u00f5es) menos as demiss\u00f5es (1,878 milh\u00e3o) registradas no Cadastro Geral de Empregados e Desempregados (Caged). <\/p>\n<\/li>\n<li>\n<p> No entanto, houve uma queda de 23,3% em compara\u00e7\u00e3o com agosto do ano anterior, quando foram gerados 288,09 mil empregos formais. <\/p>\n<\/li>\n<\/ul>\n<p> Em agosto deste ano, a economia brasileira criou 220,84 mil empregos com carteira assinada, segundo o Minist\u00e9rio do Trabalho e Emprego. <\/p>\n<p> Esse n\u00famero \u00e9 o resultado l\u00edquido das contrata\u00e7\u00f5es (2,099 milh\u00f5es) menos as demiss\u00f5es (1,878 milh\u00e3o) registradas no Cadastro Geral de Empregados e Desempregados (Caged). <\/p>\n<p> No entanto, houve uma queda de 23,3% em compara\u00e7\u00e3o com agosto do ano anterior, quando foram gerados 288,09 mil empregos formais. <\/p>\n<p> A economia brasileira gerou 220,84 mil empregos com carteira assinada em agosto deste ano, informou nesta segunda-feira (2) o Minist\u00e9rio do Trabalho e Emprego. <\/p>\n<p> A informa\u00e7\u00e3o consta do Cadastro Geral de Empregados e Desempregados (Caged) e representa o saldo l\u00edquido (contrata\u00e7\u00f5es menos demiss\u00f5es) da gera\u00e7\u00e3o de empregos formais. <\/p>\n<p> Ao todo, segundo o governo federal, foram registradas em agosto: <\/p>\n<ul>\n<li>2,099 milh\u00f5es de contrata\u00e7\u00f5es;<\/li>\n<li>1,878 milh\u00e3o de demiss\u00f5es.<\/li>\n<\/ul>\n<p> O resultado representa queda em rela\u00e7\u00e3o a agosto do ano passado, quando foram criados 288,09 mil empregos formais. O recuo foi de 23,3% nesta compara\u00e7\u00e3o. <\/p>\n<p> Em agosto de 2020, em meio \u00e0 pandemia da Covid, foram criados 214,45 mil postos de trabalho e, no mesmo m\u00eas de 2021, foram abertas 387,76 mil vagas formais. <\/p>\n<p> A compara\u00e7\u00e3o dos n\u00fameros com anos anteriores a 2020, segundo analistas, <a class href=\"https:\/\/g1.globo.com\/economia\/noticia\/2021\/04\/28\/serie-historica-do-emprego-formal-nao-pode-ser-comparada-com-novo-caged-dizem-analistas.ghtml\">n\u00e3o \u00e9 mais adequada porque o governo anterior mudou a metodologia.<\/a> <\/p>\n<p><h2>Parcial do ano<\/h2>\n<\/p>\n<p> De acordo com o Minist\u00e9rio do Trabalho, 1,38 milh\u00e3o de vagas formais de emprego foram criadas no pa\u00eds nos oito primeiros meses deste ano. <\/p>\n<p> O n\u00famero representa recuo de 27% na compara\u00e7\u00e3o com o mesmo per\u00edodo de 2022, quando foram criadas 1,9 milh\u00e3o de empregos com carteira assinada. <\/p>\n<ul>\n<li>Ao final de agosto de 2023, ainda conforme os dados oficiais, o Brasil tinha saldo de 43,83 milh\u00f5es de empregos com carteira assinada.<\/li>\n<li>O resultado representa aumento na compara\u00e7\u00e3o com julho deste ano (43,61 milh\u00f5es) e com agosto de 2022 (42,33 milh\u00f5es).<\/li>\n<\/ul>\n<p><h2>Setores<\/h2>\n<\/p>\n<p> Os n\u00fameros do Caged de agosto de 2023 mostram que foram criados empregos formais em todos os setores da economia. <\/p>\n<p>   Empregos por setor Abertura de vagas em agosto de 2023   Fonte: Minist\u00e9rio do Trabalho   <\/p>\n<p><h2>Regi\u00f5es do pa\u00eds<\/h2>\n<\/p>\n<p> Os dados tamb\u00e9m revelam que foram abertas vagas em todas as regi\u00f5es do pa\u00eds no m\u00eas passado. <\/p>\n<p>   Empregos por regi\u00e3o Vagas criadas em agosto de 2023   Fonte: Minist\u00e9rio do Trabalho   <\/p>\n<p><h2>Sal\u00e1rio m\u00e9dio de admiss\u00e3o<\/h2>\n<\/p>\n<p> O governo tamb\u00e9m informou que o <strong>sal\u00e1rio m\u00e9dio de admiss\u00e3o foi de R$ 2.037,90 em agosto deste ano<\/strong>, o que representa uma alta real (descontada a infla\u00e7\u00e3o) em rela\u00e7\u00e3o a julho de 2023 (R$ 2.036,63). <\/p>\n<p> Na compara\u00e7\u00e3o com agosto de 2022, tamb\u00e9m houve aumento no sal\u00e1rio m\u00e9dio de admiss\u00e3o. Naquele m\u00eas, o valor foi de R$ 2.028,94. <\/p>\n<p><h2>Caged x Pnad<\/h2>\n<\/p>\n<p> Os dados do Cadastro Geral de Empregados e Desempregados consideram os trabalhadores com carteira assinada, isto \u00e9, n\u00e3o incluem os informais. <\/p>\n<p> Com isso, os resultados n\u00e3o s\u00e3o compar\u00e1veis com os n\u00fameros do desemprego divulgados pelo Instituto Brasileiro de Geografia e Estat\u00edstica (IBGE), coletados por meio da Pesquisa Nacional por Amostra de Domic\u00edlios Continua (Pnad). <\/p>\n<p> Os n\u00fameros do Caged s\u00e3o coletados das empresas e abarcam o setor privado com carteira assinada, enquanto que os dados da Pnad s\u00e3o obtidos por meio de pesquisa domiciliar e abrangem tamb\u00e9m o setor informal da economia. <\/p>\n<p> Dados divulgados pelo Instituto Brasileiro de Geografia e Estat\u00edstica (IBGE) na semana passada mostram que a <a class href=\"https:\/\/g1.globo.com\/economia\/noticia\/2023\/09\/29\/desemprego-cai-a-78percent-no-trimestre-terminado-em-agosto-diz-ibge.ghtml\">taxa de desemprego no Brasil foi de 7,8% no trimestre m\u00f3vel terminado em agosto. <\/a>\u00c9 a menor desde fevereiro de 2015, quando chegou a 7,5%. <\/p>\n<ul> <\/ul>\n","protected":false},"excerpt":{"rendered":"<p>Em agosto deste ano, a economia brasileira criou 220,84 mil empregos com carteira assinada, segundo o Minist\u00e9rio do Trabalho e Emprego. Esse n\u00famero \u00e9 o resultado l\u00edquido das contrata\u00e7\u00f5es (2,099 milh\u00f5es) menos as demiss\u00f5es (1,878 milh\u00e3o) registradas no Cadastro Geral de Empregados e Desempregados (Caged). No entanto, houve uma queda de 23,3% em compara\u00e7\u00e3o com [&hellip;]<\/p>\n","protected":false},"author":1,"featured_media":0,"comment_status":"closed","ping_status":"closed","sticky":false,"template":"","format":"standard","meta":{"footnotes":""},"categories":[],"tags":[],"class_list":["post-53698","post","type-post","status-publish","format-standard","hentry"],"_links":{"self":[{"href":"https:\/\/blog.corretoraideal.com.br\/index.php\/wp-json\/wp\/v2\/posts\/53698","targetHints":{"allow":["GET"]}}],"collection":[{"href":"https:\/\/blog.corretoraideal.com.br\/index.php\/wp-json\/wp\/v2\/posts"}],"about":[{"href":"https:\/\/blog.corretoraideal.com.br\/index.php\/wp-json\/wp\/v2\/types\/post"}],"author":[{"embeddable":true,"href":"https:\/\/blog.corretoraideal.com.br\/index.php\/wp-json\/wp\/v2\/users\/1"}],"replies":[{"embeddable":true,"href":"https:\/\/blog.corretoraideal.com.br\/index.php\/wp-json\/wp\/v2\/comments?post=53698"}],"version-history":[{"count":1,"href":"https:\/\/blog.corretoraideal.com.br\/index.php\/wp-json\/wp\/v2\/posts\/53698\/revisions"}],"predecessor-version":[{"id":53700,"href":"https:\/\/blog.corretoraideal.com.br\/index.php\/wp-json\/wp\/v2\/posts\/53698\/revisions\/53700"}],"wp:attachment":[{"href":"https:\/\/blog.corretoraideal.com.br\/index.php\/wp-json\/wp\/v2\/media?parent=53698"}],"wp:term":[{"taxonomy":"category","embeddable":true,"href":"https:\/\/blog.corretoraideal.com.br\/index.php\/wp-json\/wp\/v2\/categories?post=53698"},{"taxonomy":"post_tag","embeddable":true,"href":"https:\/\/blog.corretoraideal.com.br\/index.php\/wp-json\/wp\/v2\/tags?post=53698"}],"curies":[{"name":"wp","href":"https:\/\/api.w.org\/{rel}","templated":true}]}}