{"id":53701,"date":"2023-10-02T18:56:51","date_gmt":"2023-10-02T18:56:51","guid":{"rendered":"https:\/\/blog.corretoraideal.com.br\/?p=53701"},"modified":"2023-10-02T18:56:51","modified_gmt":"2023-10-02T18:56:51","slug":"inteligencia-artificial-na-industria-nos-museus-no-governo-e-mais-rio-innovation-week-tem-programacao-completa-sobre-o-tema-rio-innovation-week-g1","status":"publish","type":"post","link":"https:\/\/blog.corretoraideal.com.br\/index.php\/2023\/10\/02\/inteligencia-artificial-na-industria-nos-museus-no-governo-e-mais-rio-innovation-week-tem-programacao-completa-sobre-o-tema-rio-innovation-week-g1\/","title":{"rendered":"Intelig\u00eancia Artificial na industria, nos museus, no governo e mais: Rio Innovation Week tem programa\u00e7\u00e3o completa sobre o tema | Rio Innovation Week | G1"},"content":{"rendered":"\n<p> Com mais de 1700 palestras sobre tecnologia e inova\u00e7\u00e3o, o Rio Innovation Week, um dos maiores eventos da \u00e1rea na Am\u00e9rica Latina, tem como destaque em sua terceira edi\u00e7\u00e3o uma s\u00e9rie de pain\u00e9is sobre o uso da Intelig\u00eancia Artificial. <\/p>\n<p> Nesta edi\u00e7\u00e3o, o evento prop\u00f5e discuss\u00f5es sobre IA no mundo empresarial, na educa\u00e7\u00e3o e na sustentabilidade. Pelo menos 25 palestras abordam temas como &#x27;O Impacto Ambiental da Intelig\u00eancia Artificial e outras Tecnologias&#x27;, com Alessandro Lombardi e Educa\u00e7\u00e3o na Era da Intelig\u00eancia Artificial, com o pesquisador e professor Renato Nogueira. Veja a programa\u00e7\u00e3o completa mais abaixo. <\/p>\n<p> <strong>Leia tamb\u00e9m <\/strong> <\/p>\n<ul>\n<li><a class href=\"https:\/\/g1.globo.com\/rj\/rio-de-janeiro\/noticia\/2023\/09\/22\/xuxa-kondzilla-luciano-huck-clara-moneke-e-monique-evelle-estao-entre-as-atracoes-de-evento-no-rio-veja-detalhes.ghtml\">Xuxa, Kondzilla, Clara Moneke e Monique Evelle est\u00e3o entre as atra\u00e7\u00f5es do Rio Innovation Week<\/a><\/li>\n<\/ul>\n<p> O Rio Innovation Week acontece entre os dias 3 e 6 de outubro no P\u00eder Mau\u00e1, regi\u00e3o central do Rio de Janeiro. Os ingressos custam entre R$ 250 (ingresso di\u00e1rio) a R$ 600 (passaporte). <\/p>\n<ul>\n<li><strong>3 de outubro (ter\u00e7a-feira)<\/strong><\/li>\n<\/ul>\n<p> <strong>10h &#8211;<\/strong> Uso objetivo da intelig\u00eancia Artificial. O que fazer hoje<strong>10h &#8211;<\/strong> &quot;Intelig\u00eancia Artificial, Inova\u00e7\u00e3o e Espa\u00e7os urbanos &#8211; o caso Porto Maravalley<strong>11h &#8211;<\/strong> Influencers Digitais na Era da Intelig\u00eancia Artificial<strong>13h &#8211; <\/strong>Intelig\u00eancia Artificial na Ind\u00fastria<strong>16h &#8211; <\/strong>Alavancando resultados atrav\u00e9s do pricing com Intelig\u00eancia Artificial<strong>17h30 &#8211; <\/strong>Intelig\u00eancia Artificial nos Processos e Gest\u00e3o de Perdas<strong>18h &#8211;<\/strong> OpenAI &#8211; Como democratizar o uso de Intelig\u00eancia Artificial <\/p>\n<ul>\n<li><strong>4 de outubro (quarta-feira)<\/strong><\/li>\n<\/ul>\n<p> <strong>11h &#8211;<\/strong> Intelig\u00eancia Artificial e o Futuro da Educa\u00e7\u00e3o<strong>11h30 &#8211; <\/strong>O Impacto da Intelig\u00eancia Artificial e Estrat\u00e9gias para Cidades Inteligentes<strong>11h30 &#8211; <\/strong>CITIES OF TOMORROW &#8211; O Impacto da Intelig\u00eancia Artificial e Estrat\u00e9gias para Cidades Inteligentes<strong>12h &#8211; <\/strong>Intelig\u00eancia Artificial para a Ind\u00fastria do Futuro: por que aplicar?<strong>13h &#8211; <\/strong>Museus do Futuro: A conflu\u00eancia da Inova\u00e7\u00e3o e Intelig\u00eancia artificial<strong>14h &#8211;<\/strong> Intelig\u00eancia Artificial e Oracle: Transformando a Inova\u00e7\u00e3o Aberta <strong>14h &#8211;<\/strong> Intelig\u00eancia artificial e metaversos<strong>14h &#8211; <\/strong>Produ\u00e7\u00e3o Cultural e Intelig\u00eancia Artificial<strong>14h30 &#8211; <\/strong>Premia\u00e7\u00e3o dos vencedores da categoria Intelig\u00eancia Artificial do Innovators Under 35 Brasil da MIT Technology Review<strong>18h &#8211; <\/strong>IA no ESG &#8211; Modelando o Futuro Sustent\u00e1vel com Intelig\u00eancia Artificial <\/p>\n<ul>\n<li><strong>5 de outubro (quinta-feira)<\/strong><\/li>\n<\/ul>\n<p> <strong>13h &#8211;<\/strong> Tend\u00eancias Futuras da Intelig\u00eancia Artificial<strong>13h &#8211;<\/strong> N\u00e3o h\u00e1 nada de artificial na Intelig\u00eancia Artificial<strong>14h30 &#8211; <\/strong>Innovators Under 35 | Painel Intelig\u00eancia Artificial<strong>16h &#8211; <\/strong>Algoritmos que Salvam Vidas: Aplica\u00e7\u00f5es de Intelig\u00eancia Artificial em HSE<strong>16h30 &#8211;<\/strong> Governo Exponencial : A Revolu\u00e7\u00e3o da Intelig\u00eancia Artificial<strong>19h &#8211; <\/strong>Intelig\u00eancia Artificial &amp; Neg\u00f3cios <\/p>\n<ul>\n<li><strong>6 de outubro (sexta-feira) <\/strong><\/li>\n<\/ul>\n<p> <strong>12h &#8211; <\/strong>O Impacto Ambiental da Intelig\u00eancia Artificial e outras Tecnologias<strong>14h &#8211; <\/strong>Educa\u00e7\u00e3o na era da Intelig\u00eancia Artificial<strong>14h &#8211; <\/strong>Supertelesc\u00f3pios e Intelig\u00eancia Artificial: Tecnologia e Inova\u00e7\u00e3o na Explora\u00e7\u00e3o do Universo <\/p>\n<ul> <\/ul>\n","protected":false},"excerpt":{"rendered":"<p>Com mais de 1700 palestras sobre tecnologia e inova\u00e7\u00e3o, o Rio Innovation Week, um dos maiores eventos da \u00e1rea na Am\u00e9rica Latina, tem como destaque em sua terceira edi\u00e7\u00e3o uma s\u00e9rie de pain\u00e9is sobre o uso da Intelig\u00eancia Artificial. Nesta edi\u00e7\u00e3o, o evento prop\u00f5e discuss\u00f5es sobre IA no mundo empresarial, na educa\u00e7\u00e3o e na sustentabilidade. [&hellip;]<\/p>\n","protected":false},"author":1,"featured_media":0,"comment_status":"closed","ping_status":"closed","sticky":false,"template":"","format":"standard","meta":{"footnotes":""},"categories":[],"tags":[],"class_list":["post-53701","post","type-post","status-publish","format-standard","hentry"],"_links":{"self":[{"href":"https:\/\/blog.corretoraideal.com.br\/index.php\/wp-json\/wp\/v2\/posts\/53701","targetHints":{"allow":["GET"]}}],"collection":[{"href":"https:\/\/blog.corretoraideal.com.br\/index.php\/wp-json\/wp\/v2\/posts"}],"about":[{"href":"https:\/\/blog.corretoraideal.com.br\/index.php\/wp-json\/wp\/v2\/types\/post"}],"author":[{"embeddable":true,"href":"https:\/\/blog.corretoraideal.com.br\/index.php\/wp-json\/wp\/v2\/users\/1"}],"replies":[{"embeddable":true,"href":"https:\/\/blog.corretoraideal.com.br\/index.php\/wp-json\/wp\/v2\/comments?post=53701"}],"version-history":[{"count":1,"href":"https:\/\/blog.corretoraideal.com.br\/index.php\/wp-json\/wp\/v2\/posts\/53701\/revisions"}],"predecessor-version":[{"id":53703,"href":"https:\/\/blog.corretoraideal.com.br\/index.php\/wp-json\/wp\/v2\/posts\/53701\/revisions\/53703"}],"wp:attachment":[{"href":"https:\/\/blog.corretoraideal.com.br\/index.php\/wp-json\/wp\/v2\/media?parent=53701"}],"wp:term":[{"taxonomy":"category","embeddable":true,"href":"https:\/\/blog.corretoraideal.com.br\/index.php\/wp-json\/wp\/v2\/categories?post=53701"},{"taxonomy":"post_tag","embeddable":true,"href":"https:\/\/blog.corretoraideal.com.br\/index.php\/wp-json\/wp\/v2\/tags?post=53701"}],"curies":[{"name":"wp","href":"https:\/\/api.w.org\/{rel}","templated":true}]}}