{"id":53704,"date":"2023-10-02T22:01:46","date_gmt":"2023-10-02T22:01:46","guid":{"rendered":"https:\/\/blog.corretoraideal.com.br\/?p=53704"},"modified":"2023-10-02T22:01:46","modified_gmt":"2023-10-02T22:01:46","slug":"homem-morre-e-crianca-de-5-anos-leva-tiro-nas-costas-apos-carro-ser-alvejado-em-campos-no-rj-norte-fluminense-g1","status":"publish","type":"post","link":"https:\/\/blog.corretoraideal.com.br\/index.php\/2023\/10\/02\/homem-morre-e-crianca-de-5-anos-leva-tiro-nas-costas-apos-carro-ser-alvejado-em-campos-no-rj-norte-fluminense-g1\/","title":{"rendered":"Homem morre e crian\u00e7a de 5 anos leva tiro nas costas ap\u00f3s carro ser alvejado em Campos, no RJ | Norte Fluminense | G1"},"content":{"rendered":"\n<p> Um homem morreu e uma menina de 5 anos levou um tiro nas costas depois que o carro onde estavam foi alvejado neste domingo (1\u00b0) em <a class href=\"https:\/\/g1.globo.com\/rj\/norte-fluminense\/cidade\/campos-dos-goytacazes\/\">Campos dos Goytacazes<\/a>, no Norte Fluminense. <\/p>\n<p> Segundo a Pol\u00edcia Civil, a crian\u00e7a, que estava no banco de tr\u00e1s do ve\u00edculo, \u00e9 sobrinha do homem que morreu. Ainda de acordo com a pol\u00edcia, a mulher dele saiu do ve\u00edculo para abrir a porta da garagem da casa, e, quando o companheiro estacionou o carro, disparos foram efetuados por homens armados. <\/p>\n<p> Dois homens foram vistos fugindo a p\u00e9, mas n\u00e3o foram identificados. Parentes das v\u00edtimas j\u00e1 foram ouvidos e imagens de c\u00e2mera ser\u00e3o solicitadas pela Pol\u00edcia Civil <\/p>\n<p> A crian\u00e7a foi internada no Hospital Ferreira Machado. Ela foi socorrida com a ajuda de vizinhos. De acordo com a unidade, ela passou por cirurgia, est\u00e1 acordada e est\u00e1vel na Unidade de Terapia Intensiva Pedi\u00e1trica. <\/p>\n<p> At\u00e9 a \u00faltima atualiza\u00e7\u00e3o desta reportagem nenhum suspeito havia sido encontrado. O caso segue sendo investigado pela 134\u00aa Delegacia de Pol\u00edcia. <\/p>\n<ul>\n<li> <a href=\"https:\/\/g1.globo.com\/rj\/norte-fluminense\/cidade\/campos-dos-goytacazes\/\" class=\"entities__list-itemLink\" data-track-click=\"Campos dos Goytacazes\"> Campos dos Goytacazes <\/a> <\/li>\n<\/ul>\n","protected":false},"excerpt":{"rendered":"<p>Um homem morreu e uma menina de 5 anos levou um tiro nas costas depois que o carro onde estavam foi alvejado neste domingo (1\u00b0) em Campos dos Goytacazes, no Norte Fluminense. Segundo a Pol\u00edcia Civil, a crian\u00e7a, que estava no banco de tr\u00e1s do ve\u00edculo, \u00e9 sobrinha do homem que morreu. Ainda de acordo [&hellip;]<\/p>\n","protected":false},"author":1,"featured_media":0,"comment_status":"closed","ping_status":"closed","sticky":false,"template":"","format":"standard","meta":{"footnotes":""},"categories":[],"tags":[],"class_list":["post-53704","post","type-post","status-publish","format-standard","hentry"],"_links":{"self":[{"href":"https:\/\/blog.corretoraideal.com.br\/index.php\/wp-json\/wp\/v2\/posts\/53704","targetHints":{"allow":["GET"]}}],"collection":[{"href":"https:\/\/blog.corretoraideal.com.br\/index.php\/wp-json\/wp\/v2\/posts"}],"about":[{"href":"https:\/\/blog.corretoraideal.com.br\/index.php\/wp-json\/wp\/v2\/types\/post"}],"author":[{"embeddable":true,"href":"https:\/\/blog.corretoraideal.com.br\/index.php\/wp-json\/wp\/v2\/users\/1"}],"replies":[{"embeddable":true,"href":"https:\/\/blog.corretoraideal.com.br\/index.php\/wp-json\/wp\/v2\/comments?post=53704"}],"version-history":[{"count":1,"href":"https:\/\/blog.corretoraideal.com.br\/index.php\/wp-json\/wp\/v2\/posts\/53704\/revisions"}],"predecessor-version":[{"id":53706,"href":"https:\/\/blog.corretoraideal.com.br\/index.php\/wp-json\/wp\/v2\/posts\/53704\/revisions\/53706"}],"wp:attachment":[{"href":"https:\/\/blog.corretoraideal.com.br\/index.php\/wp-json\/wp\/v2\/media?parent=53704"}],"wp:term":[{"taxonomy":"category","embeddable":true,"href":"https:\/\/blog.corretoraideal.com.br\/index.php\/wp-json\/wp\/v2\/categories?post=53704"},{"taxonomy":"post_tag","embeddable":true,"href":"https:\/\/blog.corretoraideal.com.br\/index.php\/wp-json\/wp\/v2\/tags?post=53704"}],"curies":[{"name":"wp","href":"https:\/\/api.w.org\/{rel}","templated":true}]}}