{"id":53745,"date":"2023-10-03T14:41:54","date_gmt":"2023-10-03T14:41:54","guid":{"rendered":"https:\/\/blog.corretoraideal.com.br\/?p=53745"},"modified":"2023-10-03T14:41:54","modified_gmt":"2023-10-03T14:41:54","slug":"governador-do-rio-pede-a-haddad-renegociacao-de-divida-de-r-8-bi-e-fala-em-risco-de-quebradeira-rio-de-janeiro-g1","status":"publish","type":"post","link":"https:\/\/blog.corretoraideal.com.br\/index.php\/2023\/10\/03\/governador-do-rio-pede-a-haddad-renegociacao-de-divida-de-r-8-bi-e-fala-em-risco-de-quebradeira-rio-de-janeiro-g1\/","title":{"rendered":"Governador do Rio pede a Haddad renegocia\u00e7\u00e3o de d\u00edvida de R$ 8 bi e fala em risco de &#039;quebradeira&#039; | Rio de Janeiro | G1"},"content":{"rendered":"\n<ul>\n<li>\n<p> Governador do Rio voltou a visitar Bras\u00edlia nesta ter\u00e7a para pedir a revis\u00e3o do regime de recupera\u00e7\u00e3o fiscal do estado <\/p>\n<\/li>\n<li>\n<p> Ao todo, o Rio de Janeiro devia \u00e0 Uni\u00e3o, em 2022, R$ 148,1 bilh\u00f5es <\/p>\n<\/li>\n<li>\n<p> Pelo contrato, o estado deve pagar ao governo federal R$ 8 bilh\u00f5es, em valores corrigidos, em 2024 <\/p>\n<\/li>\n<li>\n<p> Segundo Castro, a lei que limitou a cobran\u00e7a de ICMS sobre combust\u00edveis frustrou receitas estaduais e &#x27;n\u00e3o h\u00e1 menor condi\u00e7\u00e3o&#x27; de honrar a d\u00edvida do pr\u00f3ximo ano <\/p>\n<\/li>\n<\/ul>\n<p> Governador do Rio voltou a visitar Bras\u00edlia nesta ter\u00e7a para pedir a revis\u00e3o do regime de recupera\u00e7\u00e3o fiscal do estado <\/p>\n<p> Ao todo, o Rio de Janeiro devia \u00e0 Uni\u00e3o, em 2022, R$ 148,1 bilh\u00f5es <\/p>\n<p> Pelo contrato, o estado deve pagar ao governo federal R$ 8 bilh\u00f5es, em valores corrigidos, em 2024 <\/p>\n<p> Segundo Castro, a lei que limitou a cobran\u00e7a de ICMS sobre combust\u00edveis frustrou receitas estaduais e &#x27;n\u00e3o h\u00e1 menor condi\u00e7\u00e3o&#x27; de honrar a d\u00edvida do pr\u00f3ximo ano <\/p>\n<p>         1 de 1&#013;O governador do Rio, Cl\u00e1udio Castro (PL) \u2014 Foto: Divulga\u00e7\u00e3o    <\/p>\n<p> O governador do Rio, Cl\u00e1udio Castro (PL) \u2014 Foto: Divulga\u00e7\u00e3o <\/p>\n<p> O governador do <a class href=\"https:\/\/g1.globo.com\/rj\/rio-de-janeiro\/cidade\/rio-de-janeiro\/\">Rio de Janeiro<\/a>, Cl\u00e1udio Castro (<a class href=\"https:\/\/g1.globo.com\/politica\/partido\/pl\/\">PL<\/a>), afirmou nesta ter\u00e7a-feira (3) que pediu ao ministro da Fazenda, <a class href=\"https:\/\/g1.globo.com\/politica\/politico\/fernando-haddad\/\">Fernando Haddad<\/a>, a renegocia\u00e7\u00e3o do acordo firmado pelo estado, dentro do regime de recupera\u00e7\u00e3o fiscal, para n\u00e3o ter de pagar R$ 8 bilh\u00f5es ao governo federal em 2024. <\/p>\n<p> Castro viajou para Bras\u00edlia, onde se reuniu nesta ter\u00e7a com Haddad na sede do <a class href=\"https:\/\/g1.globo.com\/tudo-sobre\/ministerio-da-fazenda\/\">Minist\u00e9rio da Fazenda<\/a>. <\/p>\n<p> O regime de recupera\u00e7\u00e3o fiscal, cujas bases foram refeitas em 2022, <a class href=\"https:\/\/g1.globo.com\/rj\/rio-de-janeiro\/noticia\/2022\/07\/01\/regime-de-recuperacao-fiscal-do-rj-entenda-o-que-e.ghtml\">permite ao estado flexibilizar o pagamento de uma d\u00edvida bilion\u00e1ria com a Uni\u00e3o. <\/a>O contrato assinado prev\u00ea que as parcelas aumentem at\u00e9 o t\u00e9rmino do acordo, em 2031. <strong>Ao todo, o Rio de Janeiro devia \u00e0 Uni\u00e3o, em 2022, R$ 148,1 bilh\u00f5es. <\/strong> <\/p>\n<p>A condi\u00e7\u00e3o de pagamento dos estados foi alterada por uma situa\u00e7\u00e3o fora do nosso controle, que foi uma lei federal aprovada e n\u00e3o h\u00e1 a menor condi\u00e7\u00e3o de a gente pagar os valores corrigidos para o ano que vem&quot;, declarou Castro referindo-se \u00e0 lei <a class href=\"https:\/\/g1.globo.com\/politica\/post\/2022\/06\/23\/bolsonaro-sanciona-com-vetos-projeto-que-limita-icms-sobre-combustiveis.ghtml\">que limitou a cobran\u00e7a do ICMS estadual sobre combust\u00edveis<\/a>. <\/p>\n<p> Segundo Castro, os R$ 3 bilh\u00f5es previstos para serem pagos neste ano ser\u00e3o honrados. Mas, para o governador, \u00e9 \u201cinvi\u00e1vel\u201d, na base atual, subir para os cerca de R$ 8 bilh\u00f5es previstos no regime de recupera\u00e7\u00e3o fiscal, em pagamentos \u00e0 Uni\u00e3o, no pr\u00f3ximo ano. <\/p>\n<p> &quot;Entendo as dificuldades que o ministro [Haddad] tamb\u00e9m est\u00e1 tendo, mas o que vai acontecer, ano que vem, se a gente n\u00e3o avan\u00e7ar nisso, \u00e9 quebradeira de novo dos estados que j\u00e1 est\u00e3o em situa\u00e7\u00e3o dif\u00edcil&quot;, declarou. <\/p>\n<p> Sem a renegocia\u00e7\u00e3o, acrescentou Castro, poder\u00e1 haver &quot;fome no estado, atraso de sal\u00e1rio&quot;. &quot;E isso \u00e9 a algo que a gente n\u00e3o pode deixar de acontecer de forma nenhuma nesses quatro estados [que aderiram, junto com o Rio de Janeiro, ao regime de recupera\u00e7\u00e3o fiscal]&quot;, acrescentou. <\/p>\n<p> Ele afirmou que o ministro da Fazenda demonstrou estar &quot;muito sens\u00edvel&quot; ao problema do Rio de Janeiro, e avaliou que a conversa foi &quot;positiva&quot;. <\/p>\n<p> Castro espera novas rodadas de negocia\u00e7\u00e3o para que haja um rearranjo ainda neste ano, de modo que o estado possa planejar os pagamentos para 2024. <\/p>\n<p> Em mar\u00e7o, o governador do Rio j\u00e1 havia viajado a Bras\u00edlia para pedir a revis\u00e3o do regime de recupera\u00e7\u00e3o fiscal do estado (relembre no v\u00eddeo abaixo). <\/p>\n<p>                   <img loading=\"lazy\" decoding=\"async\" class=\"aligncenter size-full wp-image-53747\" src=\"https:\/\/blog.corretoraideal.com.br\/wp-content\/uploads\/2023\/10\/claudio-castro-vai-a-brasilia-pedir-revisao-de-regime-de-recuperacao-fiscal.jpeg\" alt=\"Cl\u00e1udio Castro vai \u00e0 Bras\u00edlia pedir revis\u00e3o de Regime de Recupera\u00e7\u00e3o Fiscal\" width=\"800\" height=\"400\" \/>      <\/p>\n<p> Cl\u00e1udio Castro vai \u00e0 Bras\u00edlia pedir revis\u00e3o de Regime de Recupera\u00e7\u00e3o Fiscal <\/p>\n<p><h2>Negocia\u00e7\u00f5es<\/h2>\n<\/p>\n<p> A <strong>GloboNews <\/strong>apurou que, durante a reuni\u00e3o, o governador se comprometeu com Fernando Haddad a buscar apoio a bancada do Rio \u00e0 Medida Provis\u00f3ria 1185, <a class href=\"https:\/\/g1.globo.com\/google\/amp\/economia\/noticia\/2023\/09\/01\/medida-provisoria-fixa-regras-para-que-empresas-usem-a-partir-de-2024-beneficio-fiscal-validado-pelo-stj.ghtml\">que regulamenta a isen\u00e7\u00e3o tribut\u00e1ria para cr\u00e9ditos fiscais.<\/a> <\/p>\n<p> De acordo com o secret\u00e1rio da <a class href=\"https:\/\/g1.globo.com\/tudo-sobre\/receita-federal\/\">Receita Federal<\/a>, Robinson Barreirinhas, a MP parte do entendimento do <a class href=\"https:\/\/g1.globo.com\/tudo-sobre\/superior-tribunal-de-justica\/\">Superior Tribunal de Justi\u00e7a<\/a> de que benef\u00edcios ligados a custeio n\u00e3o s\u00e3o mais permitidos. <\/p>\n<p> A partir da medida provis\u00f3ria, as empresas dever\u00e3o se habilitar na Receita para registrar os investimentos feitos com base nos incentivos fiscais \u2013 e, com isso, conseguir o abatimento na tributa\u00e7\u00e3o. A MP est\u00e1 em an\u00e1lise no <a class href=\"https:\/\/g1.globo.com\/tudo-sobre\/congresso-nacional\/\">Congresso Nacional<\/a>. <\/p>\n<ul>\n<li> <a href=\"https:\/\/g1.globo.com\/tudo-sobre\/congresso-nacional\/\" class=\"entities__list-itemLink\" data-track-click=\"Congresso Nacional\"> Congresso Nacional <\/a> <\/li>\n<li> <a href=\"https:\/\/g1.globo.com\/politica\/politico\/fernando-haddad\/\" class=\"entities__list-itemLink\" data-track-click=\"Fernando Haddad\"> Fernando Haddad <\/a> <\/li>\n<li> <a href=\"https:\/\/g1.globo.com\/tudo-sobre\/ministerio-da-fazenda\/\" class=\"entities__list-itemLink\" data-track-click=\"Minist\u00e9rio da Fazenda\"> Minist\u00e9rio da Fazenda <\/a> <\/li>\n<li> <a href=\"https:\/\/g1.globo.com\/politica\/partido\/pl\/\" class=\"entities__list-itemLink\" data-track-click=\"PL\"> PL <\/a> <\/li>\n<li> <a href=\"https:\/\/g1.globo.com\/tudo-sobre\/receita-federal\/\" class=\"entities__list-itemLink\" data-track-click=\"Receita Federal\"> Receita Federal <\/a> <\/li>\n<li> <a href=\"https:\/\/g1.globo.com\/rj\/rio-de-janeiro\/cidade\/rio-de-janeiro\/\" class=\"entities__list-itemLink\" data-track-click=\"Rio de Janeiro\"> Rio de Janeiro <\/a> <\/li>\n<li> <a href=\"https:\/\/g1.globo.com\/tudo-sobre\/superior-tribunal-de-justica\/\" class=\"entities__list-itemLink\" data-track-click=\"Superior Tribunal de Justi\u00e7a\"> Superior Tribunal de Justi\u00e7a <\/a> <\/li>\n<\/ul>\n","protected":false},"excerpt":{"rendered":"<p>Governador do Rio voltou a visitar Bras\u00edlia nesta ter\u00e7a para pedir a revis\u00e3o do regime de recupera\u00e7\u00e3o fiscal do estado Ao todo, o Rio de Janeiro devia \u00e0 Uni\u00e3o, em 2022, R$ 148,1 bilh\u00f5es Pelo contrato, o estado deve pagar ao governo federal R$ 8 bilh\u00f5es, em valores corrigidos, em 2024 Segundo Castro, a lei [&hellip;]<\/p>\n","protected":false},"author":1,"featured_media":0,"comment_status":"closed","ping_status":"closed","sticky":false,"template":"","format":"standard","meta":{"footnotes":""},"categories":[],"tags":[],"class_list":["post-53745","post","type-post","status-publish","format-standard","hentry"],"_links":{"self":[{"href":"https:\/\/blog.corretoraideal.com.br\/index.php\/wp-json\/wp\/v2\/posts\/53745","targetHints":{"allow":["GET"]}}],"collection":[{"href":"https:\/\/blog.corretoraideal.com.br\/index.php\/wp-json\/wp\/v2\/posts"}],"about":[{"href":"https:\/\/blog.corretoraideal.com.br\/index.php\/wp-json\/wp\/v2\/types\/post"}],"author":[{"embeddable":true,"href":"https:\/\/blog.corretoraideal.com.br\/index.php\/wp-json\/wp\/v2\/users\/1"}],"replies":[{"embeddable":true,"href":"https:\/\/blog.corretoraideal.com.br\/index.php\/wp-json\/wp\/v2\/comments?post=53745"}],"version-history":[{"count":1,"href":"https:\/\/blog.corretoraideal.com.br\/index.php\/wp-json\/wp\/v2\/posts\/53745\/revisions"}],"predecessor-version":[{"id":53748,"href":"https:\/\/blog.corretoraideal.com.br\/index.php\/wp-json\/wp\/v2\/posts\/53745\/revisions\/53748"}],"wp:attachment":[{"href":"https:\/\/blog.corretoraideal.com.br\/index.php\/wp-json\/wp\/v2\/media?parent=53745"}],"wp:term":[{"taxonomy":"category","embeddable":true,"href":"https:\/\/blog.corretoraideal.com.br\/index.php\/wp-json\/wp\/v2\/categories?post=53745"},{"taxonomy":"post_tag","embeddable":true,"href":"https:\/\/blog.corretoraideal.com.br\/index.php\/wp-json\/wp\/v2\/tags?post=53745"}],"curies":[{"name":"wp","href":"https:\/\/api.w.org\/{rel}","templated":true}]}}