{"id":53749,"date":"2023-10-03T15:40:21","date_gmt":"2023-10-03T15:40:21","guid":{"rendered":"https:\/\/blog.corretoraideal.com.br\/?p=53749"},"modified":"2023-10-03T15:40:21","modified_gmt":"2023-10-03T15:40:21","slug":"entenda-riscos-para-a-sua-internet-caso-fortaleza-crie-usina-perto-de-cabos-submarinos-tecnologia-g1","status":"publish","type":"post","link":"https:\/\/blog.corretoraideal.com.br\/index.php\/2023\/10\/03\/entenda-riscos-para-a-sua-internet-caso-fortaleza-crie-usina-perto-de-cabos-submarinos-tecnologia-g1\/","title":{"rendered":"Entenda riscos para a sua internet caso Fortaleza crie usina perto de cabos submarinos | Tecnologia | G1"},"content":{"rendered":"\n<ul>\n<li>\n<p> O Governo do Cear\u00e1 quer construir uma usina para transformar \u00e1gua do mar em pot\u00e1vel. <\/p>\n<\/li>\n<li>\n<p> O projeto prev\u00ea constru\u00e7\u00e3o na Praia do Futuro, ponto onde passam 17 cabos submarinos de internet, segundo a Anatel. <\/p>\n<\/li>\n<li>\n<p> A proximidade com os cabos fez a Anatel, as operadoras e especialistas apontarem preocupa\u00e7\u00f5es com o projeto. <\/p>\n<\/li>\n<li>\n<p> A Companhia de \u00c1gua e Esgoto do Cear\u00e1 diz que projeto teve modifica\u00e7\u00f5es e, agora, n\u00e3o apresenta nenhum perigo. <\/p>\n<\/li>\n<\/ul>\n<p> O Governo do Cear\u00e1 quer construir uma usina para transformar \u00e1gua do mar em pot\u00e1vel. <\/p>\n<p> O projeto prev\u00ea constru\u00e7\u00e3o na Praia do Futuro, ponto onde passam 17 cabos submarinos de internet, segundo a Anatel. <\/p>\n<p> A proximidade com os cabos fez a Anatel, as operadoras e especialistas apontarem preocupa\u00e7\u00f5es com o projeto. <\/p>\n<p> A Companhia de \u00c1gua e Esgoto do Cear\u00e1 diz que projeto teve modifica\u00e7\u00f5es e, agora, n\u00e3o apresenta nenhum perigo. <\/p>\n<p>                   <img loading=\"lazy\" decoding=\"async\" class=\"aligncenter size-full wp-image-53751\" src=\"https:\/\/blog.corretoraideal.com.br\/wp-content\/uploads\/2023\/10\/projeto-de-usina-em-praia-de-fortaleza-pode-derrubar-internet-no-brasil.jpeg\" alt=\"Projeto de usina em praia de Fortaleza pode derrubar internet no Brasil\" width=\"800\" height=\"400\" \/>      <\/p>\n<p> Projeto de usina em praia de Fortaleza pode derrubar internet no Brasil <\/p>\n<p> A constru\u00e7\u00e3o de uma usina em Fortaleza pr\u00f3xima a cabos submarinos de internet pode prejudicar a conex\u00e3o no Brasil. Especialistas ouvidos pelo <a class href=\"https:\/\/g1.globo.com\/\">g1<\/a> apontam que pode haver imprevistos durante as obras e mudan\u00e7as no relevo oce\u00e2nico que afetariam o funcionamento da rede. <\/p>\n<p> O governo do Cear\u00e1 anunciou o <a class href=\"https:\/\/g1.globo.com\/ce\/ceara\/noticia\/2023\/09\/29\/projeto-de-usina-em-praia-de-fortaleza-pode-derrubar-internet-no-brasil-e-trava-embate-com-operadoras.ghtml\">projeto da usina para transformar a \u00e1gua do mar em \u00e1gua pot\u00e1vel<\/a> e afirma que ele aumentar\u00e1 em 12% a oferta de \u00e1gua na regi\u00e3o metropolitana Fortaleza. <\/p>\n<p> Mas a Ag\u00eancia Nacional de Telecomunica\u00e7\u00f5es (<a class href=\"https:\/\/g1.globo.com\/tudo-sobre\/anatel\/\">Anatel<\/a>) e as operadoras de internet questionam esse plano, que tem como sede a Praia do Futuro. No local, passam 17 cabos submarinos de 8 empresas, de acordo com a ag\u00eancia. <\/p>\n<p> A constru\u00e7\u00e3o deixar\u00e1 muito pr\u00f3ximas duas estruturas importantes \u2013 a de telecomunica\u00e7\u00f5es e a de dessaliniza\u00e7\u00e3o da \u00e1gua. Por isso, entidades interessadas t\u00eam se manifestado sobre a proposta: <\/p>\n<ul>\n<li>A <strong>Anatel <\/strong>afirmou ao <strong>g1<\/strong> que informou sua oposi\u00e7\u00e3o \u00e0 obra em setembro de 2022, mas que foi notificada sobre a altera\u00e7\u00e3o no projeto em agosto de 2023; agora, a ag\u00eancia analisa os ajustes apresentados para verificar se o conv\u00edvio entre os dois projetos \u00e9 vi\u00e1vel; <\/li>\n<li>A <strong>Companhia de \u00c1gua e Esgoto do Cear\u00e1 (Cagece)<\/strong> confirma as modifica\u00e7\u00f5es no projeto, o que inclui a mudan\u00e7a do ponto de capta\u00e7\u00e3o da \u00e1gua para uma \u00e1rea a mais de 500 metros de onde passam os cabos; a empresa diz que a vers\u00e3o atual do plano &quot;n\u00e3o apresenta nenhum risco ao funcionamento dos cabos submarinos localizados na Praia do Futuro&quot;; <\/li>\n<li>A <strong>associa\u00e7\u00e3o de operadoras TelComp<\/strong>, que inclui empresas como a cearense Brisanet, afirmou ao <strong>g1<\/strong> que &quot;a discuss\u00e3o sobre a constru\u00e7\u00e3o da usina \u00e9 leg\u00edtima e a implementa\u00e7\u00e3o de tal pol\u00edtica p\u00fablica \u00e9 necess\u00e1ria&quot;, mas alegou que &quot;existem locais mais adequados e seguros para sua instala\u00e7\u00e3o&quot; e que a escolha pela constru\u00e7\u00e3o na Praia do Futuro \u00e9 &quot;infeliz, inoportuna e inapropriada&quot;; <\/li>\n<li>A <strong>Conexis<\/strong>, associa\u00e7\u00e3o onde est\u00e3o operadoras Claro, Vivo, Tim, Oi, Algar Telecom e Sercomtel, afirma que suas associadas &quot;manifestam preocupa\u00e7\u00e3o com os riscos apontados pela \u00e1rea t\u00e9cnica da Anatel.<\/li>\n<\/ul>\n<p>         1 de 2&#013;Cabo submarino EllaLink que chega a Portugal (foto) faz parada em Fortaleza \u2014 Foto: Divulga\u00e7\u00e3o\/EllaLink    <\/p>\n<p> Cabo submarino EllaLink que chega a Portugal (foto) faz parada em Fortaleza \u2014 Foto: Divulga\u00e7\u00e3o\/EllaLink <\/p>\n<p> &quot;Qualquer obra na regi\u00e3o sem uma boa comunica\u00e7\u00e3o entre empresas de telecomunica\u00e7\u00f5es e a usina pode levar ao rompimento de um cabo. Isso vai causar instabilidade no sistema&quot;, diz o professor de Engenharia da Computa\u00e7\u00e3o na Universidade Federal do Cear\u00e1 (UFC) Yuri Victor Lima de Melo. <\/p>\n<p> Uma usina de dessaliniza\u00e7\u00e3o causa movimenta\u00e7\u00f5es embaixo do mar em sua opera\u00e7\u00e3o. Esse processo tamb\u00e9m pode afetar o funcionamento dos cabos, explica o professor. <\/p>\n<p>&quot;A usina vai puxar \u00e1gua do assoalho oce\u00e2nico para tirar o sal. Essa suc\u00e7\u00e3o vai alterar o fundo do mar, mudando a topografia da regi\u00e3o. E, mudando a topografia, os cabos v\u00e3o se movimentar, o que tamb\u00e9m pode causar o rompimento de algum deles&quot;, afirma. <\/p>\n<p> Fortaleza \u00e9 um ponto de converg\u00eancia para pa\u00edses banhados pelo Oceano Atl\u00e2ntico quando o assunto \u00e9 a conex\u00e3o por cabos submarinos, explica o diretor de tecnologia da empresa de telecomunica\u00e7\u00f5es Sage Networks, Thiago Ayub. <\/p>\n<p> &quot;A constru\u00e7\u00e3o da usina n\u00e3o vai ser s\u00f3 um risco tempor\u00e1rio, vai ser um risco permanente. Tanto sua constru\u00e7\u00e3o como sua opera\u00e7\u00e3o podem fazer danos \u00e0 infraestrutura de cabos submarinos do lado dela&quot;, afirma Ayub. <\/p>\n<p>&quot;A consequ\u00eancia vai ser ou parada total para algumas empresas ou, para aquelas que n\u00e3o tiverem uma parada total, v\u00e3o ter a performance da internet severamente degradada. At\u00e9 outros pa\u00edses podem ser afetados por essa ruptura&quot;. <\/p>\n<p><h2>A import\u00e2ncia de Fortaleza para a internet brasileira <\/h2>\n<\/p>\n<p> A capital cearense se tornou chave para a conex\u00e3o de cabos submarinos de internet devido a sua proximidade relativa com a Europa, a \u00c1frica e o restante das Am\u00e9ricas. No Brasil, eles tamb\u00e9m se ligam a Salvador, ao Rio de Janeiro e a Santos. <\/p>\n<p> A cidade tamb\u00e9m ganhou espa\u00e7o pelas condi\u00e7\u00f5es de seu relevo oce\u00e2nico. <\/p>\n<p> &quot;No assoalho oce\u00e2nico, tem rochas, correntes submarinas, regi\u00f5es mais profundas e outras mais planas. O assoalho de Fortaleza \u00e9 favor\u00e1vel. De certa forma, est\u00e1 unindo o \u00fatil e o agrad\u00e1vel: boa localiza\u00e7\u00e3o e bom assoalho&quot;, afirma Melo, professor da UFC. <\/p>\n<p> Outro fator que contribui para a import\u00e2ncia de Fortaleza na \u00e1rea \u00e9 a presen\u00e7a de grandes empresas de telecomunica\u00e7\u00f5es. &quot;O mercado local de internet no Cear\u00e1 \u00e9 muito pujante. No top 10 de maiores provedores de internet do Brasil, tem empresas cearenses ao lado de multinacionais&quot;, diz Ayub. <\/p>\n<p>                   <img loading=\"lazy\" decoding=\"async\" class=\"aligncenter size-full wp-image-53752\" src=\"https:\/\/blog.corretoraideal.com.br\/wp-content\/uploads\/2023\/10\/usina-de-dessalinizacao-e-ameaca-a-internet-no-brasil-dizem-empresas-do-setor.jpeg\" alt=\"Usina de dessaliniza\u00e7\u00e3o \u00e9 amea\u00e7a \u00e0 internet no Brasil, dizem empresas do setor.\" width=\"800\" height=\"400\" \/>      <\/p>\n<p> Usina de dessaliniza\u00e7\u00e3o \u00e9 amea\u00e7a \u00e0 internet no Brasil, dizem empresas do setor. <\/p>\n<ul>\n<li> <a href=\"https:\/\/g1.globo.com\/tudo-sobre\/anatel\/\" class=\"entities__list-itemLink\" data-track-click=\"Anatel\"> Anatel <\/a> <\/li>\n<\/ul>\n","protected":false},"excerpt":{"rendered":"<p>O Governo do Cear\u00e1 quer construir uma usina para transformar \u00e1gua do mar em pot\u00e1vel. O projeto prev\u00ea constru\u00e7\u00e3o na Praia do Futuro, ponto onde passam 17 cabos submarinos de internet, segundo a Anatel. A proximidade com os cabos fez a Anatel, as operadoras e especialistas apontarem preocupa\u00e7\u00f5es com o projeto. A Companhia de \u00c1gua [&hellip;]<\/p>\n","protected":false},"author":1,"featured_media":0,"comment_status":"closed","ping_status":"closed","sticky":false,"template":"","format":"standard","meta":{"footnotes":""},"categories":[],"tags":[],"class_list":["post-53749","post","type-post","status-publish","format-standard","hentry"],"_links":{"self":[{"href":"https:\/\/blog.corretoraideal.com.br\/index.php\/wp-json\/wp\/v2\/posts\/53749","targetHints":{"allow":["GET"]}}],"collection":[{"href":"https:\/\/blog.corretoraideal.com.br\/index.php\/wp-json\/wp\/v2\/posts"}],"about":[{"href":"https:\/\/blog.corretoraideal.com.br\/index.php\/wp-json\/wp\/v2\/types\/post"}],"author":[{"embeddable":true,"href":"https:\/\/blog.corretoraideal.com.br\/index.php\/wp-json\/wp\/v2\/users\/1"}],"replies":[{"embeddable":true,"href":"https:\/\/blog.corretoraideal.com.br\/index.php\/wp-json\/wp\/v2\/comments?post=53749"}],"version-history":[{"count":1,"href":"https:\/\/blog.corretoraideal.com.br\/index.php\/wp-json\/wp\/v2\/posts\/53749\/revisions"}],"predecessor-version":[{"id":53753,"href":"https:\/\/blog.corretoraideal.com.br\/index.php\/wp-json\/wp\/v2\/posts\/53749\/revisions\/53753"}],"wp:attachment":[{"href":"https:\/\/blog.corretoraideal.com.br\/index.php\/wp-json\/wp\/v2\/media?parent=53749"}],"wp:term":[{"taxonomy":"category","embeddable":true,"href":"https:\/\/blog.corretoraideal.com.br\/index.php\/wp-json\/wp\/v2\/categories?post=53749"},{"taxonomy":"post_tag","embeddable":true,"href":"https:\/\/blog.corretoraideal.com.br\/index.php\/wp-json\/wp\/v2\/tags?post=53749"}],"curies":[{"name":"wp","href":"https:\/\/api.w.org\/{rel}","templated":true}]}}