{"id":53759,"date":"2023-10-03T20:33:46","date_gmt":"2023-10-03T20:33:46","guid":{"rendered":"https:\/\/blog.corretoraideal.com.br\/?p=53759"},"modified":"2023-10-03T20:33:46","modified_gmt":"2023-10-03T20:33:46","slug":"aplicativo-do-nubank-fica-fora-do-ar-e-clientes-reclamam-nas-redes-economia-g1","status":"publish","type":"post","link":"https:\/\/blog.corretoraideal.com.br\/index.php\/2023\/10\/03\/aplicativo-do-nubank-fica-fora-do-ar-e-clientes-reclamam-nas-redes-economia-g1\/","title":{"rendered":"Aplicativo do Nubank fica fora do ar e clientes reclamam nas redes | Economia | G1"},"content":{"rendered":"<p>      1 de 1&#013;Logotipo do Nubank na Bolsa de Nova York \u2014 Foto: Divulga\u00e7\u00e3o    <\/p>\n<p> Logotipo do Nubank na Bolsa de Nova York \u2014 Foto: Divulga\u00e7\u00e3o <\/p>\n<p> O aplicativo do Nubank est\u00e1 fora de ar para grande parte dos correntistas na tarde desta ter\u00e7a-feira (3), gerando uma s\u00e9rie de reclama\u00e7\u00f5es de clientes do banco nas redes sociais. <\/p>\n<p> Segundo o site DownDetector, que registra reclama\u00e7\u00f5es de usu\u00e1rios sobre sites e aplicativos, as queixas tiveram in\u00edcio por volta das 14h e mais de 2 mil notifica\u00e7\u00f5es j\u00e1 haviam sido feitas at\u00e9 \u00e0s 14h29. <\/p>\n<p> O principal problema apontado pelos clientes do banco est\u00e1 no acesso ao aplicativo, que estava fora do ar para v\u00e1rios correntistas. <\/p>\n<p> Procurado pelo <a class href=\"http:\/\/www.g1.com.br\" target=\"_blank\" rel=\"noopener noreferrer\"><strong>g1<\/strong><\/a>, o Nubank afirmou, por volta das 15h50, que &quot;boa parte da instabilidade foi resolvida&quot; e que o &quot;acesso ao aplicativo est\u00e1 aos poucos voltando \u00e0 normalidade para todos os clientes.&quot; <\/p>\n<ul> <\/ul>\n","protected":false},"excerpt":{"rendered":"<p>1 de 1&#013;Logotipo do Nubank na Bolsa de Nova York \u2014 Foto: Divulga\u00e7\u00e3o Logotipo do Nubank na Bolsa de Nova York \u2014 Foto: Divulga\u00e7\u00e3o O aplicativo do Nubank est\u00e1 fora de ar para grande parte dos correntistas na tarde desta ter\u00e7a-feira (3), gerando uma s\u00e9rie de reclama\u00e7\u00f5es de clientes do banco nas redes sociais. Segundo [&hellip;]<\/p>\n","protected":false},"author":1,"featured_media":0,"comment_status":"closed","ping_status":"closed","sticky":false,"template":"","format":"standard","meta":{"footnotes":""},"categories":[],"tags":[],"class_list":["post-53759","post","type-post","status-publish","format-standard","hentry"],"_links":{"self":[{"href":"https:\/\/blog.corretoraideal.com.br\/index.php\/wp-json\/wp\/v2\/posts\/53759","targetHints":{"allow":["GET"]}}],"collection":[{"href":"https:\/\/blog.corretoraideal.com.br\/index.php\/wp-json\/wp\/v2\/posts"}],"about":[{"href":"https:\/\/blog.corretoraideal.com.br\/index.php\/wp-json\/wp\/v2\/types\/post"}],"author":[{"embeddable":true,"href":"https:\/\/blog.corretoraideal.com.br\/index.php\/wp-json\/wp\/v2\/users\/1"}],"replies":[{"embeddable":true,"href":"https:\/\/blog.corretoraideal.com.br\/index.php\/wp-json\/wp\/v2\/comments?post=53759"}],"version-history":[{"count":1,"href":"https:\/\/blog.corretoraideal.com.br\/index.php\/wp-json\/wp\/v2\/posts\/53759\/revisions"}],"predecessor-version":[{"id":53761,"href":"https:\/\/blog.corretoraideal.com.br\/index.php\/wp-json\/wp\/v2\/posts\/53759\/revisions\/53761"}],"wp:attachment":[{"href":"https:\/\/blog.corretoraideal.com.br\/index.php\/wp-json\/wp\/v2\/media?parent=53759"}],"wp:term":[{"taxonomy":"category","embeddable":true,"href":"https:\/\/blog.corretoraideal.com.br\/index.php\/wp-json\/wp\/v2\/categories?post=53759"},{"taxonomy":"post_tag","embeddable":true,"href":"https:\/\/blog.corretoraideal.com.br\/index.php\/wp-json\/wp\/v2\/tags?post=53759"}],"curies":[{"name":"wp","href":"https:\/\/api.w.org\/{rel}","templated":true}]}}