{"id":53762,"date":"2023-10-03T22:37:30","date_gmt":"2023-10-03T22:37:30","guid":{"rendered":"https:\/\/blog.corretoraideal.com.br\/?p=53762"},"modified":"2023-10-03T22:37:30","modified_gmt":"2023-10-03T22:37:30","slug":"eleicao-do-conselho-tutelar-confira-o-resultado-da-votacao-em-cidades-do-norte-e-noroeste-do-rio-norte-fluminense-g1","status":"publish","type":"post","link":"https:\/\/blog.corretoraideal.com.br\/index.php\/2023\/10\/03\/eleicao-do-conselho-tutelar-confira-o-resultado-da-votacao-em-cidades-do-norte-e-noroeste-do-rio-norte-fluminense-g1\/","title":{"rendered":"Elei\u00e7\u00e3o do Conselho Tutelar: Confira o resultado da vota\u00e7\u00e3o em cidades do Norte e Noroeste do Rio | Norte Fluminense | G1"},"content":{"rendered":"\n<p> A elei\u00e7\u00e3o para conselheiros tutelares foi realizada em todo o Brasil no domingo (1\u00ba). O <strong>g1 <\/strong>preparou uma reportagem com o resultado da vota\u00e7\u00e3o em cidades da Regi\u00e3o dos Lagos <strong>(veja abaixo)<\/strong>. <\/p>\n<p> O Conselho Tutelar trata-se de um \u00f3rg\u00e3o permanente e aut\u00f4nomo, que \u00e9 respons\u00e1vel pelo cumprimento dos direitos da crian\u00e7a e do adolescente, atendendo as atribui\u00e7\u00f5es previstas, principalmente, no Estatuto da Crian\u00e7a e do Adolescente (ECA). <\/p>\n<p> Os candidatos eleitos v\u00e3o atuar no Conselho Tutelar dos munic\u00edpios no quadri\u00eanio entre 2024 e 2028. <\/p>\n<p> <strong>Confira o resultado da vota\u00e7\u00e3o abaixo:<\/strong> <\/p>\n<p><h2><a class href=\"https:\/\/g1.globo.com\/rj\/norte-fluminense\/cidade\/campos-dos-goytacazes\/\"><strong>Campos dos Goytacazes<\/strong><\/a><strong> <\/strong><\/h2>\n<\/p>\n<p> Em Campos dos Goytacazes, foram apurados 17.694 votos, elegendo 25 conselheiros tutelares e seus respectivos suplentes. <\/p>\n<p> <strong>Conselho Tutelar 1<\/strong> <\/p>\n<ul>\n<li>Polliana Soares Martins Da Silva (844 Votos)<\/li>\n<li>Gustavo Paes Menezes (624 Votos)<\/li>\n<li>Tatiana Abreu Gon\u00e7alves (584 Votos)<\/li>\n<li>Fabiana Rocha Sobrinho De Souza (535 Votos)<\/li>\n<li>Dianini Moura Ribeiro De Freitas (529 votos)<\/li>\n<\/ul>\n<p> <strong>Conselho Tutelar 2<\/strong> <\/p>\n<ul>\n<li>Marcia Pessanha Dos Santos Silva (905 votos)<\/li>\n<li>Aline Da Rocha Dias (631 votos)<\/li>\n<li>Mirian Batista Cardoso Faria (555 votos)<\/li>\n<li>Monique Da Silva Siqueira (506 votos)<\/li>\n<li>Ramires Menezes Batista (447 votos)<\/li>\n<\/ul>\n<p> <strong>Conselho Tutelar 3<\/strong> <\/p>\n<ul>\n<li>Geovana Oliveira Almeida (386 votos)<\/li>\n<li>Bruna Gomes Zaccaro Da Cruz (366 votos)<\/li>\n<li>Ana Paula Queiroz Pessanha De Souza (262 votos)<\/li>\n<li>Ana Paula Guimar\u00e3es Tavares Menezes (183 votos)<\/li>\n<li>Juliana Almeida Paravidino (169 votos)<\/li>\n<\/ul>\n<p> <strong>Conselho Tutelar 4<\/strong> <\/p>\n<ul>\n<li>Jos\u00e9 Jorge Muniz Sampaio (423 votos)<\/li>\n<li>Daniele Da Silva Concei\u00e7\u00e3o Gomes (395 votos)<\/li>\n<li>Nathalya Correa Pereira Antunes (387 votos)<\/li>\n<li>Ellen Aparecida Rosa Marques Gaudard (308 votos)<\/li>\n<li>Fl\u00e1vio De Jesus Freire (235 votos)<\/li>\n<\/ul>\n<p> <strong>Conselho Tutelar 5<\/strong> <\/p>\n<ul>\n<li>Manuelli Batista Ramos (919 votos)<\/li>\n<li>Renata Freitas Machado Manh\u00e3es (682 votos)<\/li>\n<li>Renata Da Concei\u00e7\u00e3o (616 votos)<\/li>\n<li>Andreza Regina Do Nascimento Santos Pessanha (505 votos)<\/li>\n<li>Amanda Magalh\u00e3es Pessanha De Araujo (500 votos)<\/li>\n<\/ul>\n<p><h2><a class href=\"https:\/\/g1.globo.com\/rj\/norte-fluminense\/cidade\/itaperuna\/\">Itaperuna<\/a> <\/h2>\n<\/p>\n<p> Em Itaperuna, no Noroeste Fluminense, foram apurados 6.631 votos e os cinco candidatos mais votados foram: <\/p>\n<ul>\n<li> Edimara Lanes Dias (642 votos)<\/li>\n<li> Claudia Pinheiro Sampaio (581 votos)<\/li>\n<li> Cristiano Vicente de Freitas (432 votos)<\/li>\n<li> \u00c9rica Maria Beiral (392 votos)<\/li>\n<li> Ana Beatriz de Abreu (359 votos)<\/li>\n<\/ul>\n<p><h2><a class href=\"https:\/\/g1.globo.com\/rj\/regiao-dos-lagos\/cidade\/macae\/\">Maca\u00e9<\/a><\/h2>\n<\/p>\n<p> Em Maca\u00e9, foram apurados 10.361 votos, elegendo 15 conselheiros tutelares. Os mais votados por Conselho foram: <\/p>\n<p> <strong>Conselho Tutelar 1<\/strong> <\/p>\n<ul>\n<li>Vinicius Gomes Abacaxi (864 votos)<\/li>\n<li>Maria Rocha (720 votos)<\/li>\n<li>Daniela Soares (658 votos)<\/li>\n<li>Aline Nascimento (603 votos)<\/li>\n<li>C\u00edntia Rasma (353 votos)<\/li>\n<\/ul>\n<p> <strong>Conselho Tutelar 2<\/strong> <\/p>\n<ul>\n<li> Leticia Souza (762 votos)<\/li>\n<li> U\u00e9liton Oz\u00f3rio (714 votos)<\/li>\n<li> Amanda Pereira (527 votos)<\/li>\n<li> Sandra de Nazar\u00e9 (480 votos)<\/li>\n<li> Beatriz Dias (448 votos)<\/li>\n<\/ul>\n<p> <strong>Conselho Tutelar 3<\/strong> <\/p>\n<ul>\n<li>Andreia Virg\u00ednia Calil (187 votos)<\/li>\n<li>Vanderleia Faturini (169 votos)<\/li>\n<li>Elaine Alves (140 votos)<\/li>\n<li>Tia Isa (140 votos)<\/li>\n<li>V\u00e2nia S\u00e1 (125 votos)<\/li>\n<\/ul>\n<p> <strong>Fun\u00e7\u00f5es de um conselheiro tutelar<\/strong> <\/p>\n<p> De acordo com o Estatuto da Crian\u00e7a e do Adolescente, s\u00e3o atribui\u00e7\u00f5es do Conselho Tutelar atender crian\u00e7as e adolescentes com direitos violados ou amea\u00e7ados. Al\u00e9m disso, o conselheiro \u00e9 respons\u00e1vel por promover o encaminhamento de situa\u00e7\u00f5es aos pais ou respons\u00e1veis, mediante termo de responsabilidade. <\/p>\n<p> O ECA tamb\u00e9m garante que esses profissionais deem orienta\u00e7\u00e3o, apoio e acompanhamento tempor\u00e1rios. Tamb\u00e9m atuam para garantir matr\u00edcula e frequ\u00eancia obrigat\u00f3rias em estabelecimento de ensino, se necess\u00e1rio; e ainda inclus\u00e3o em servi\u00e7os e programas oficiais ou comunit\u00e1rios de prote\u00e7\u00e3o, apoio e promo\u00e7\u00e3o da fam\u00edlia, da crian\u00e7a e do adolescente. <\/p>\n<p> Outras fun\u00e7\u00f5es incluem o pedido de tratamento m\u00e9dico, psicol\u00f3gico ou psiqui\u00e1trico, em regime hospitalar ou ambulatorial e a inclus\u00e3o em programa oficial ou comunit\u00e1rio de aux\u00edlio, orienta\u00e7\u00e3o e tratamento a alco\u00f3latras e toxic\u00f4manos, dentre outras compet\u00eancias. <\/p>\n<ul>\n<li> <a href=\"https:\/\/g1.globo.com\/rj\/norte-fluminense\/cidade\/campos-dos-goytacazes\/\" class=\"entities__list-itemLink\" data-track-click=\"Campos dos Goytacazes\"> Campos dos Goytacazes <\/a> <\/li>\n<li> <a href=\"https:\/\/g1.globo.com\/rj\/norte-fluminense\/cidade\/itaperuna\/\" class=\"entities__list-itemLink\" data-track-click=\"Itaperuna\"> Itaperuna <\/a> <\/li>\n<li> <a href=\"https:\/\/g1.globo.com\/rj\/regiao-dos-lagos\/cidade\/macae\/\" class=\"entities__list-itemLink\" data-track-click=\"Maca\u00e9\"> Maca\u00e9 <\/a> <\/li>\n<\/ul>\n","protected":false},"excerpt":{"rendered":"<p>A elei\u00e7\u00e3o para conselheiros tutelares foi realizada em todo o Brasil no domingo (1\u00ba). O g1 preparou uma reportagem com o resultado da vota\u00e7\u00e3o em cidades da Regi\u00e3o dos Lagos (veja abaixo). O Conselho Tutelar trata-se de um \u00f3rg\u00e3o permanente e aut\u00f4nomo, que \u00e9 respons\u00e1vel pelo cumprimento dos direitos da crian\u00e7a e do adolescente, atendendo [&hellip;]<\/p>\n","protected":false},"author":1,"featured_media":0,"comment_status":"closed","ping_status":"closed","sticky":false,"template":"","format":"standard","meta":{"footnotes":""},"categories":[],"tags":[],"class_list":["post-53762","post","type-post","status-publish","format-standard","hentry"],"_links":{"self":[{"href":"https:\/\/blog.corretoraideal.com.br\/index.php\/wp-json\/wp\/v2\/posts\/53762","targetHints":{"allow":["GET"]}}],"collection":[{"href":"https:\/\/blog.corretoraideal.com.br\/index.php\/wp-json\/wp\/v2\/posts"}],"about":[{"href":"https:\/\/blog.corretoraideal.com.br\/index.php\/wp-json\/wp\/v2\/types\/post"}],"author":[{"embeddable":true,"href":"https:\/\/blog.corretoraideal.com.br\/index.php\/wp-json\/wp\/v2\/users\/1"}],"replies":[{"embeddable":true,"href":"https:\/\/blog.corretoraideal.com.br\/index.php\/wp-json\/wp\/v2\/comments?post=53762"}],"version-history":[{"count":1,"href":"https:\/\/blog.corretoraideal.com.br\/index.php\/wp-json\/wp\/v2\/posts\/53762\/revisions"}],"predecessor-version":[{"id":53764,"href":"https:\/\/blog.corretoraideal.com.br\/index.php\/wp-json\/wp\/v2\/posts\/53762\/revisions\/53764"}],"wp:attachment":[{"href":"https:\/\/blog.corretoraideal.com.br\/index.php\/wp-json\/wp\/v2\/media?parent=53762"}],"wp:term":[{"taxonomy":"category","embeddable":true,"href":"https:\/\/blog.corretoraideal.com.br\/index.php\/wp-json\/wp\/v2\/categories?post=53762"},{"taxonomy":"post_tag","embeddable":true,"href":"https:\/\/blog.corretoraideal.com.br\/index.php\/wp-json\/wp\/v2\/tags?post=53762"}],"curies":[{"name":"wp","href":"https:\/\/api.w.org\/{rel}","templated":true}]}}