{"id":53765,"date":"2023-10-03T23:33:16","date_gmt":"2023-10-03T23:33:16","guid":{"rendered":"https:\/\/blog.corretoraideal.com.br\/?p=53765"},"modified":"2023-10-03T23:33:16","modified_gmt":"2023-10-03T23:33:16","slug":"por-que-um-inseto-atormenta-paris-a-menos-de-um-ano-das-olimpiadas-turismo-e-viagem-g1","status":"publish","type":"post","link":"https:\/\/blog.corretoraideal.com.br\/index.php\/2023\/10\/03\/por-que-um-inseto-atormenta-paris-a-menos-de-um-ano-das-olimpiadas-turismo-e-viagem-g1\/","title":{"rendered":"Por que um inseto atormenta Paris a menos de um ano das Olimp\u00edadas | Turismo e Viagem | G1"},"content":{"rendered":"<p>                <img loading=\"lazy\" decoding=\"async\" class=\"aligncenter size-full wp-image-53767\" src=\"https:\/\/blog.corretoraideal.com.br\/wp-content\/uploads\/2023\/10\/o-inseto-que-atormenta-paris-faltando-menos-de-1-ano-para-as-olimpiadas.jpeg\" alt=\"O inseto que atormenta Paris faltando menos de 1 ano para as Olimp\u00edadas\" width=\"800\" height=\"400\" \/>      <\/p>\n<p> O inseto que atormenta Paris faltando menos de 1 ano para as Olimp\u00edadas <\/p>\n<p> Hot\u00e9is, trens e at\u00e9 cinemas&#8230; As redes sociais est\u00e3o repletas de relatos de uma <strong>infesta\u00e7\u00e3o de percevejos em <\/strong><a class href=\"http:\/\/g1.globo.com\/mundo\/franca\/cidade\/paris.html\">Paris<\/a> , que deixou autoridades em uma saia justa a menos de um ano para os Jogos Ol\u00edmpicos na capital francesa. <\/p>\n<p> As postagens d\u00e3o conta de que o aparecimento dos insetos se intensificou nas \u00faltimas semanas e chegou a outras cidades do pa\u00eds. <\/p>\n<p> Passageiros de trem e do metr\u00f4 de Paris compartilharam v\u00eddeos. Uma pessoa postou que houve p\u00e2nico quando as pessoas perceberam que havia percevejos no vag\u00e3o e que n\u00e3o poderiam descer at\u00e9 a pr\u00f3xima esta\u00e7\u00e3o. Outros relatos citaram ainda a presen\u00e7a dos bichos em cinemas. <\/p>\n<p> Depois que as postagens viralizaram, autoridades passaram a pedir medidas em n\u00edvel nacional. O <strong>ministro dos Transportes disse que discutir\u00e1 o assunto com operadoras na semana que vem<\/strong>. <\/p>\n<p>&quot;Ningu\u00e9m est\u00e1 imune. Perante uma infesta\u00e7\u00e3o de percevejos, s\u00e3o necess\u00e1rias medidas coordenadas, que re\u00fanam as autoridades de Sa\u00fade, as comunidades e todas as partes interessadas relevantes, para prevenir o risco e agir de forma eficaz&quot;, disse o vice-prefeito de Paris, Emmanuel Gr\u00e9goire.<\/p>\n<p> Segundo a ag\u00eancia de not\u00edcias Reuters, Gr\u00e9goire pediu \u00e0 primeira-ministra \u00c9lisabeth Borne que tome medidas para implementar um plano de a\u00e7\u00e3o. Mas ele alertou contra a &quot;histeria&quot;, acrescentando que &quot;n\u00e3o h\u00e1 amea\u00e7a aos Jogos Ol\u00edmpicos&quot;. <\/p>\n<p> ? <strong>O que s\u00e3o percevejos? <\/strong>De acordo com o Centro de Controle e Preven\u00e7\u00e3o de Doen\u00e7as da Fran\u00e7a, s\u00e3o insetos parasitas que vivem longe da luz e se alimentam do sangue de humanos e animais \u2013 normalmente, enquanto as v\u00edtimas dormem. <\/p>\n<p> <strong>?\ufe0f Onde eles se escondem?<\/strong> Hot\u00e9is s\u00e3o um prato cheio para os percevejos: eles podem se esconder nas fendas de bagagens e das roupas, nas costuras de colch\u00f5es, entre outros lugares m\u00ednimos. A (falta de) higiene do local n\u00e3o \u00e9 um fator determinante para a infesta\u00e7\u00e3o. <\/p>\n<p> <strong>? Eles transmitem doen\u00e7as?<\/strong> Segundo o Centro de Doen\u00e7as Transmiss\u00edveis (CDC), <strong>os percevejos n\u00e3o espalham doen\u00e7as<\/strong>, mas podem causar coceira e perda de sono. Em certos casos, a coceira \u00e9 excessiva. <\/p>\n<p> <strong>? Por que aumentaram as infesta\u00e7\u00f5es?<\/strong> O aumento de registros est\u00e1 ligado ao fim do ver\u00e3o no hemisf\u00e9rio norte, pois muitas pessoas retornam de viagem e trouxeram os insetos em suas bagagens. Al\u00e9m disso, a esp\u00e9cie est\u00e1 mais resistente a inseticidas. <\/p>\n<p> \u2705<a class href=\"https:\/\/www.whatsapp.com\/channel\/0029Va2ll12AInPbyd8p933r\" target=\"_blank\" rel=\"noopener noreferrer\">Clique aqui para seguir o novo canal do g1 no WhatsApp<\/a>. <\/p>\n<p> <strong>LEIA TAMB\u00c9M:<\/strong> <\/p>\n<ul>\n<li><a class href=\"https:\/\/g1.globo.com\/turismo-e-viagem\/noticia\/2023\/09\/20\/os-10-melhores-hoteis-do-mundo-segundo-premiacao.ghtml\">Conhe\u00e7a os 10 melhores hot\u00e9is do mundo<\/a><\/li>\n<li><a class href=\"https:\/\/g1.globo.com\/turismo-e-viagem\/video\/conheca-o-maior-navio-de-cruzeiro-do-mundo-que-pesa-5-vezes-mais-que-o-titanic-11941830.ghtml\">O navio cinco vezes mais pesado que o Titanic<\/a><\/li>\n<\/ul>\n<p><h2>Fotos de percevejos<\/h2>\n<\/p>\n<p> <strong>Veja, abaixo, imagens do inseto:<\/strong> <\/p>\n<p>         1 de 2&#013;Percevejos s\u00e3o vistos em um sof\u00e1-cama, em L&#039;Hay-les-Roses, perto de Paris, Fran\u00e7a, 29 de setembro de 2023 \u2014 Foto: Stephanie Lecocq\/Reuters    <\/p>\n<p> Percevejos s\u00e3o vistos em um sof\u00e1-cama, em L&#039;Hay-les-Roses, perto de Paris, Fran\u00e7a, 29 de setembro de 2023 \u2014 Foto: Stephanie Lecocq\/Reuters <\/p>\n<p>         2 de 2&#013;Um percevejo \u00e9 visto nas costuras de um sof\u00e1-cama, em L&#039;Hay-les-Roses, perto de Paris, Fran\u00e7a, em 29 de setembro de 2023. \u2014 Foto: Stephanie Lecocq\/Reuters    <\/p>\n<p> Um percevejo \u00e9 visto nas costuras de um sof\u00e1-cama, em L&#039;Hay-les-Roses, perto de Paris, Fran\u00e7a, em 29 de setembro de 2023. \u2014 Foto: Stephanie Lecocq\/Reuters <\/p>\n<p><h2>Pulga, percevejo ou \u00e1caro?<\/h2>\n<\/p>\n<p> <strong>Veja, no v\u00eddeo abaixo, como diferenciar os tr\u00eas:<\/strong> <\/p>\n<p>                   <img loading=\"lazy\" decoding=\"async\" class=\"aligncenter size-full wp-image-53768\" src=\"https:\/\/blog.corretoraideal.com.br\/wp-content\/uploads\/2023\/10\/percevejos-pulgas-e-acaros-saica-como-identificar-e-combater-infestacoes-nos-colchoes.jpeg\" alt=\"Percevejos, pulgas e \u00e1caros: saica como identificar e combater infesta\u00e7\u00f5es nos colch\u00f5es\" width=\"800\" height=\"400\" \/>      <\/p>\n<p> Percevejos, pulgas e \u00e1caros: saica como identificar e combater infesta\u00e7\u00f5es nos colch\u00f5es <\/p>\n<p><h2>Veja v\u00eddeos sobre turismo<\/h2>\n<\/p>\n<p>                   <img loading=\"lazy\" decoding=\"async\" class=\"aligncenter size-full wp-image-53769\" src=\"https:\/\/blog.corretoraideal.com.br\/wp-content\/uploads\/2023\/10\/conheca-o-maior-navio-de-cruzeiro-do-mundo-que-pesa-5-vezes-mais-que-o-titanic-1.jpeg\" alt=\"Conhe\u00e7a o maior navio de cruzeiro do mundo, que pesa 5 vezes mais que o Titanic\" width=\"800\" height=\"400\" \/>      <\/p>\n<p> Conhe\u00e7a o maior navio de cruzeiro do mundo, que pesa 5 vezes mais que o Titanic <\/p>\n<p><h2>Saiba como tirar visto para os Estados Unidos<\/h2>\n<\/p>\n<p>                   <img loading=\"lazy\" decoding=\"async\" class=\"aligncenter size-full wp-image-53770\" src=\"https:\/\/blog.corretoraideal.com.br\/wp-content\/uploads\/2023\/10\/como-tirar-o-visto-de-turismo-para-os-eua-1.jpeg\" alt=\"Como tirar o visto de turismo para os EUA\" width=\"800\" height=\"400\" \/>      <\/p>\n<p> Como tirar o visto de turismo para os EUA <\/p>\n<ul>\n<li> <a href=\"https:\/\/g1.globo.com\/mundo\/franca\/cidade\/paris.html\" class=\"entities__list-itemLink\" data-track-click=\"Paris\"> Paris <\/a> <\/li>\n<\/ul>\n","protected":false},"excerpt":{"rendered":"<p>O inseto que atormenta Paris faltando menos de 1 ano para as Olimp\u00edadas Hot\u00e9is, trens e at\u00e9 cinemas&#8230; As redes sociais est\u00e3o repletas de relatos de uma infesta\u00e7\u00e3o de percevejos em Paris , que deixou autoridades em uma saia justa a menos de um ano para os Jogos Ol\u00edmpicos na capital francesa. As postagens d\u00e3o [&hellip;]<\/p>\n","protected":false},"author":1,"featured_media":0,"comment_status":"closed","ping_status":"closed","sticky":false,"template":"","format":"standard","meta":{"footnotes":""},"categories":[],"tags":[],"class_list":["post-53765","post","type-post","status-publish","format-standard","hentry"],"_links":{"self":[{"href":"https:\/\/blog.corretoraideal.com.br\/index.php\/wp-json\/wp\/v2\/posts\/53765","targetHints":{"allow":["GET"]}}],"collection":[{"href":"https:\/\/blog.corretoraideal.com.br\/index.php\/wp-json\/wp\/v2\/posts"}],"about":[{"href":"https:\/\/blog.corretoraideal.com.br\/index.php\/wp-json\/wp\/v2\/types\/post"}],"author":[{"embeddable":true,"href":"https:\/\/blog.corretoraideal.com.br\/index.php\/wp-json\/wp\/v2\/users\/1"}],"replies":[{"embeddable":true,"href":"https:\/\/blog.corretoraideal.com.br\/index.php\/wp-json\/wp\/v2\/comments?post=53765"}],"version-history":[{"count":1,"href":"https:\/\/blog.corretoraideal.com.br\/index.php\/wp-json\/wp\/v2\/posts\/53765\/revisions"}],"predecessor-version":[{"id":53771,"href":"https:\/\/blog.corretoraideal.com.br\/index.php\/wp-json\/wp\/v2\/posts\/53765\/revisions\/53771"}],"wp:attachment":[{"href":"https:\/\/blog.corretoraideal.com.br\/index.php\/wp-json\/wp\/v2\/media?parent=53765"}],"wp:term":[{"taxonomy":"category","embeddable":true,"href":"https:\/\/blog.corretoraideal.com.br\/index.php\/wp-json\/wp\/v2\/categories?post=53765"},{"taxonomy":"post_tag","embeddable":true,"href":"https:\/\/blog.corretoraideal.com.br\/index.php\/wp-json\/wp\/v2\/tags?post=53765"}],"curies":[{"name":"wp","href":"https:\/\/api.w.org\/{rel}","templated":true}]}}