{"id":53776,"date":"2023-10-04T03:33:48","date_gmt":"2023-10-04T03:33:48","guid":{"rendered":"https:\/\/blog.corretoraideal.com.br\/?p=53776"},"modified":"2023-10-04T03:33:48","modified_gmt":"2023-10-04T03:33:48","slug":"menino-de-11-anos-que-morreu-atropelado-por-onibus-e-enterrado-em-campos-norte-fluminense-g1","status":"publish","type":"post","link":"https:\/\/blog.corretoraideal.com.br\/index.php\/2023\/10\/04\/menino-de-11-anos-que-morreu-atropelado-por-onibus-e-enterrado-em-campos-norte-fluminense-g1\/","title":{"rendered":"Menino de 11 anos que morreu atropelado por \u00f4nibus \u00e9 enterrado em Campos | Norte Fluminense | G1"},"content":{"rendered":"<p>      1 de 2&#013;Alunos da Escola Estadual Dom Otaviano de Albuquerque foram ao enterro do amigo, Yorran do Nascimento Boa Morte, em Campos \u2014 Foto: Rhyann Souza\/g1    <\/p>\n<p> Alunos da Escola Estadual Dom Otaviano de Albuquerque foram ao enterro do amigo, Yorran do Nascimento Boa Morte, em Campos \u2014 Foto: Rhyann Souza\/g1 <\/p>\n<p> Foi enterrado nesta ter\u00e7a-feira (3), no Cemit\u00e9rio do Caju, em <a class href=\"https:\/\/g1.globo.com\/rj\/norte-fluminense\/cidade\/campos-dos-goytacazes\/\">Campos dos Goytacazes<\/a>, no Norte Fluminense, o corpo de Yorran Nascimento Boa Morte, de 11 anos, <a class href=\"https:\/\/g1.globo.com\/rj\/norte-fluminense\/noticia\/2023\/10\/02\/menino-de-11-anos-morre-atropelado-por-onibus-quando-ia-para-a-escola-em-campos-no-rj.ghtml\">que morreu ap\u00f3s ter sido atropelado por um \u00f4nibus quando ia para a escola na manh\u00e3 desta segunda-feira (2)<\/a>. <\/p>\n<p> Yorran foi atingido pelo \u00f4nibus que faz a linha municipal Centro x Urura\u00ed. O atropelamento ocorreu na altura do Km 73, pr\u00f3ximo ao bairro da Tapera, na BR-101. <\/p>\n<p>         2 de 2&#013;O corpo de Yorran Nascimento Boa Morte, de 11 anos, foi enterrado no Cemit\u00e9rio do Caju, em Campos, na manh\u00e3 desta ter\u00e7a (3) \u2014 Foto: Rhyann Souza\/g1    <\/p>\n<p> O corpo de Yorran Nascimento Boa Morte, de 11 anos, foi enterrado no Cemit\u00e9rio do Caju, em Campos, na manh\u00e3 desta ter\u00e7a (3) \u2014 Foto: Rhyann Souza\/g1 <\/p>\n<p> A Secretaria de Estado de Educa\u00e7\u00e3o, em nota, lamentou profundamente o ocorrido. Disse que Yorran era aluno do 6\u00ba ano do Ensino Fundamental e que foi decretado luto na escola. <\/p>\n<p> &quot;O aluno utilizava o transporte escolar, por\u00e9m, nesta segunda-feira (02\/10), ele se atrasou e perdeu o hor\u00e1rio do \u00f4nibus. A fatalidade aconteceu na estrada, quando o jovem esperava um \u00f4nibus comum para este deslocamento&quot;, explicou a Secretaria de Estado de Educa\u00e7\u00e3o. <\/p>\n<p> A Pol\u00edcia Rodovi\u00e1ria Federal informou que o laudo pericial do acidente demora cinco dias para ficar pronto. <\/p>\n<p> Gilson Menezes, representante da Rogil, empresa de \u00f4nibus envolvida no acidente, disse que o motorista foi afastado por estar abalado psicologicamente. O \u00f4nibus passou por per\u00edcia e est\u00e1 com a documenta\u00e7\u00e3o regularizada e j\u00e1 est\u00e1 no p\u00e1tio da empresa. <\/p>\n<p><h2>Manifesta\u00e7\u00e3o<\/h2>\n<\/p>\n<p> Ap\u00f3s o acidente, moradores fizeram manifesta\u00e7\u00e3o cobrando seguran\u00e7a na rodovia. <\/p>\n<p> A Arteris Fluminense, concession\u00e1ria que administra a BR 101, informou ao <strong>g1<\/strong> que para come\u00e7ar a fazer obras de melhorias \u00e9 preciso que o conjunto habitacional que tem pr\u00f3ximo ao local do acidente regularize a quest\u00e3o do acesso e ponto de \u00f4nibus junto \u00e0 Ag\u00eancia Nacional de Transportes Terrestres (ANTT). <\/p>\n<p> Quando essa quest\u00e3o da regulariza\u00e7\u00e3o dos acessos ao conjunto habitacional estiver resolvida, a Arteris poder\u00e1 come\u00e7ar com as interven\u00e7\u00f5es no local. <\/p>\n<p> Ainda segundo a concession\u00e1ria, enquanto a regulariza\u00e7\u00e3o n\u00e3o ocorre, a sinaliza\u00e7\u00e3o vertical ser\u00e1 refor\u00e7ada no trecho. <\/p>\n<ul>\n<li> <a href=\"https:\/\/g1.globo.com\/rj\/norte-fluminense\/cidade\/campos-dos-goytacazes\/\" class=\"entities__list-itemLink\" data-track-click=\"Campos dos Goytacazes\"> Campos dos Goytacazes <\/a> <\/li>\n<\/ul>\n","protected":false},"excerpt":{"rendered":"<p>1 de 2&#013;Alunos da Escola Estadual Dom Otaviano de Albuquerque foram ao enterro do amigo, Yorran do Nascimento Boa Morte, em Campos \u2014 Foto: Rhyann Souza\/g1 Alunos da Escola Estadual Dom Otaviano de Albuquerque foram ao enterro do amigo, Yorran do Nascimento Boa Morte, em Campos \u2014 Foto: Rhyann Souza\/g1 Foi enterrado nesta ter\u00e7a-feira (3), [&hellip;]<\/p>\n","protected":false},"author":1,"featured_media":0,"comment_status":"closed","ping_status":"closed","sticky":false,"template":"","format":"standard","meta":{"footnotes":""},"categories":[],"tags":[],"class_list":["post-53776","post","type-post","status-publish","format-standard","hentry"],"_links":{"self":[{"href":"https:\/\/blog.corretoraideal.com.br\/index.php\/wp-json\/wp\/v2\/posts\/53776","targetHints":{"allow":["GET"]}}],"collection":[{"href":"https:\/\/blog.corretoraideal.com.br\/index.php\/wp-json\/wp\/v2\/posts"}],"about":[{"href":"https:\/\/blog.corretoraideal.com.br\/index.php\/wp-json\/wp\/v2\/types\/post"}],"author":[{"embeddable":true,"href":"https:\/\/blog.corretoraideal.com.br\/index.php\/wp-json\/wp\/v2\/users\/1"}],"replies":[{"embeddable":true,"href":"https:\/\/blog.corretoraideal.com.br\/index.php\/wp-json\/wp\/v2\/comments?post=53776"}],"version-history":[{"count":1,"href":"https:\/\/blog.corretoraideal.com.br\/index.php\/wp-json\/wp\/v2\/posts\/53776\/revisions"}],"predecessor-version":[{"id":53778,"href":"https:\/\/blog.corretoraideal.com.br\/index.php\/wp-json\/wp\/v2\/posts\/53776\/revisions\/53778"}],"wp:attachment":[{"href":"https:\/\/blog.corretoraideal.com.br\/index.php\/wp-json\/wp\/v2\/media?parent=53776"}],"wp:term":[{"taxonomy":"category","embeddable":true,"href":"https:\/\/blog.corretoraideal.com.br\/index.php\/wp-json\/wp\/v2\/categories?post=53776"},{"taxonomy":"post_tag","embeddable":true,"href":"https:\/\/blog.corretoraideal.com.br\/index.php\/wp-json\/wp\/v2\/tags?post=53776"}],"curies":[{"name":"wp","href":"https:\/\/api.w.org\/{rel}","templated":true}]}}