{"id":53779,"date":"2023-10-04T05:34:14","date_gmt":"2023-10-04T05:34:14","guid":{"rendered":"https:\/\/blog.corretoraideal.com.br\/?p=53779"},"modified":"2023-10-04T05:34:14","modified_gmt":"2023-10-04T05:34:14","slug":"campos-neto-diz-se-arrepender-de-usar-camisa-da-selecao-para-votar-nas-eleicoes-de-2022-economia-g1","status":"publish","type":"post","link":"https:\/\/blog.corretoraideal.com.br\/index.php\/2023\/10\/04\/campos-neto-diz-se-arrepender-de-usar-camisa-da-selecao-para-votar-nas-eleicoes-de-2022-economia-g1\/","title":{"rendered":"Campos Neto diz se arrepender de usar camisa da sele\u00e7\u00e3o para votar nas elei\u00e7\u00f5es de 2022 | Economia | G1"},"content":{"rendered":"\n<ul>\n<li>\n<p> Presidente do Banco Central, Roberto Campos Neto, expressou arrependimento por usar uma camisa da sele\u00e7\u00e3o brasileira para votar nas elei\u00e7\u00f5es de 2022. <\/p>\n<\/li>\n<li>\n<p> Ele considerou o voto como algo muito privado e afirmou que, &#x27;pensando agora, n\u00e3o teria feito isso&#x27;, pois n\u00e3o desejou vincular sua escolha a uma cor usada por apoiadores do ex-presidente Bolsonaro. <\/p>\n<\/li>\n<li>\n<p> Campos Neto comparou sua conversa com Lula e as reuni\u00f5es com o ex-presidente Bolsonaro. <\/p>\n<\/li>\n<li>\n<p> Ele destacou que Lula se mostrou mais paciente e dedicado durante a conversa, enquanto Bolsonaro era mais r\u00e1pido e disperso. <\/p>\n<\/li>\n<li>\n<p> Campos Neto teve sua primeira reuni\u00e3o com o presidente Lula desde que este assumiu o cargo. A conversa durou cerca de 1h30 e, segundo o governo, serviu para construir uma rela\u00e7\u00e3o entre eles. <\/p>\n<\/li>\n<\/ul>\n<p> Presidente do Banco Central, Roberto Campos Neto, expressou arrependimento por usar uma camisa da sele\u00e7\u00e3o brasileira para votar nas elei\u00e7\u00f5es de 2022. <\/p>\n<p> Ele considerou o voto como algo muito privado e afirmou que, &#x27;pensando agora, n\u00e3o teria feito isso&#x27;, pois n\u00e3o desejou vincular sua escolha a uma cor usada por apoiadores do ex-presidente Bolsonaro. <\/p>\n<p> Campos Neto comparou sua conversa com Lula e as reuni\u00f5es com o ex-presidente Bolsonaro. <\/p>\n<p> Ele destacou que Lula se mostrou mais paciente e dedicado durante a conversa, enquanto Bolsonaro era mais r\u00e1pido e disperso. <\/p>\n<p> Campos Neto teve sua primeira reuni\u00e3o com o presidente Lula desde que este assumiu o cargo. A conversa durou cerca de 1h30 e, segundo o governo, serviu para construir uma rela\u00e7\u00e3o entre eles. <\/p>\n<p>                   <img loading=\"lazy\" decoding=\"async\" class=\"aligncenter size-full wp-image-53781\" src=\"https:\/\/blog.corretoraideal.com.br\/wp-content\/uploads\/2023\/10\/imagem04-10-2023-05-10-13.jpeg\" alt=\"imagem04-10-2023-05-10-13\" width=\"800\" height=\"400\" \/>      <\/p>\n<p> &#8216;Hoje eu n\u00e3o teria feito isso&#8217;, diz presidente do BC sobre ter ido votar com a camisa da Sele\u00e7\u00e3o <\/p>\n<p> O presidente do Banco Central, Roberto Campos Neto, convidado do programa &quot;Conversa com Bial&quot;, exibido na madrugada desta ter\u00e7a-feira (3), disse se arrepender de ter usado uma camisa da sele\u00e7\u00e3o ao ir votar nas elei\u00e7\u00f5es de 2022. <\/p>\n<ul>\n<li><a class href=\"https:\/\/www.whatsapp.com\/channel\/0029Va2ll12AInPbyd8p933r\" target=\"_blank\" rel=\"noopener noreferrer\"><strong>\u2705 Clique aqui<\/strong><\/a> para seguir o novo canal do <a class href=\"https:\/\/g1.globo.com\/\"><strong>g1<\/strong><\/a> no WhatsApp<\/li>\n<\/ul>\n<p> Ele foi questionado pelo apresentador sobre o epis\u00f3dio e afirmou: &quot;O voto \u00e9 uma coisa muito privada. Era uma escola na frente da minha casa, que eu fui s\u00f3 com meu filho. Era uma coisa mais do mundo privado do que do mundo p\u00fablico. Obviamente, hoje, pensando, eu n\u00e3o teria feito isso, n\u00e9? Pensando em hoje&quot;, justificou. <\/p>\n<p> O apresentador <a class href=\"https:\/\/g1.globo.com\/tudo-sobre\/pedro-bial\/\">Pedro Bial<\/a> refor\u00e7ou a pergunta, e Campos Neto disse que n\u00e3o parou para pensar no fato de ter ido com uma camisa amarela para a zona eleitoral. A cor era usada pelos apoiadores do ent\u00e3o presidente Jair Bolsonaro. <\/p>\n<p>                   <img loading=\"lazy\" decoding=\"async\" class=\"aligncenter size-full wp-image-53782\" src=\"https:\/\/blog.corretoraideal.com.br\/wp-content\/uploads\/2023\/10\/campos-neto-lula-tem-mais-paciencia-para-conversa-bolsonaro-era-mais-disperso.jpeg\" alt=\"Campos Neto: Lula tem mais paci\u00eancia para conversa; Bolsonaro era mais disperso\" width=\"800\" height=\"400\" \/>      <\/p>\n<p> Campos Neto: Lula tem mais paci\u00eancia para conversa; Bolsonaro era mais disperso <\/p>\n<p> Durante a entrevista, o presidente do BC ainda falou sobre reuni\u00e3o com o presidente <a class href=\"https:\/\/g1.globo.com\/tudo-sobre\/luiz-inacio-lula-da-silva\/\">Luiz In\u00e1cio Lula da Silva<\/a> (PT) e fez compara\u00e7\u00f5es com conversas que teve com o ex-presidente Jair Bolsonaro (PL). <\/p>\n<p> &quot;O Lula, ele gasta mais tempo prestando aten\u00e7\u00e3o no que voc\u00ea fala e ele dedica mais tempo, ele tem mais paci\u00eancia para as conversas. O Bolsonaro era mais r\u00e1pido. Eu sempre sabia que quando tinha uma conversa com Bolsonaro, eu tinha tr\u00eas minutos para falar alguma coisa. Depois dos tr\u00eas minutos, j\u00e1 ia ser mais dif\u00edcil, porque ele ficava mais disperso&quot;, explicou. <\/p>\n<p> Na ocasi\u00e3o, Campos Neto ainda defendeu o ritmo de queda da Selic &#8212; a taxa b\u00e1sica de juros da economia &#8212; que caiu meio ponto percentual nas \u00faltimas duas reuni\u00f5es. Em setembro, o Comit\u00ea de Pol\u00edtica Monet\u00e1ria (<a class href=\"https:\/\/g1.globo.com\/tudo-sobre\/copom\/\">Copom<\/a>) do Banco Centra reduziu a Selic de 13,25% ao ano para 12,75% ao ano. A pr\u00f3xima reuni\u00e3o do Copom est\u00e1 prevista para 31 de outubro. <\/p>\n<p><h2>Reuni\u00e3o com Lula<\/h2>\n<\/p>\n<p> Na semana passada, Campos Neto se reuniu pela primeira vez com o presidente, desde que Lula tomou posse. <a class href=\"https:\/\/g1.globo.com\/politica\/noticia\/2023\/09\/27\/apos-uma-serie-de-criticas-lula-se-reune-com-campos-neto-pela-1a-vez-desde-que-assumiu-o-governo.ghtml\">Eles tiveram uma conversa a portas fechadas de mais ou menos 1h30 de dura\u00e7\u00e3o. O ministro da Fazenda, Fernando Haddad, que tamb\u00e9m participou do encontro, disse que a conversa serviu para os dois &quot;constru\u00edrem a rela\u00e7\u00e3o&quot;.<\/a> <\/p>\n<p> Antes de Lula tomar posse, Campos Neto se encontrou com o petista durante a transi\u00e7\u00e3o de governo, em 30 de dezembro de 2022. <\/p>\n<p> Lula \u00e9 o primeiro presidente que n\u00e3o p\u00f4de realizar mudan\u00e7as na diretoria do BC, incluindo a presid\u00eancia, em raz\u00e3o da autonomia do BC aprovada pelo Congresso durante a gest\u00e3o do ex-presidente Jair Bolsonaro. Campos Neto, por exemplo, tem mandato at\u00e9 2024. <\/p>\n<p> Desde o come\u00e7o de seu mandato, Lula tem feito duras cr\u00edticas a Campos Neto e \u00e0 condu\u00e7\u00e3o pelo BC da pol\u00edtica monet\u00e1ria e da taxa b\u00e1sica de juros, a Selic. <\/p>\n<ul>\n<li> <a href=\"https:\/\/g1.globo.com\/tudo-sobre\/banco-central-do-brasil\/\" class=\"entities__list-itemLink\" data-track-click=\"Banco Central do Brasil\"> Banco Central do Brasil <\/a> <\/li>\n<li> <a href=\"https:\/\/g1.globo.com\/tudo-sobre\/copom\/\" class=\"entities__list-itemLink\" data-track-click=\"Copom\"> Copom <\/a> <\/li>\n<li> <a href=\"https:\/\/g1.globo.com\/tudo-sobre\/luiz-inacio-lula-da-silva\/\" class=\"entities__list-itemLink\" data-track-click=\"Luiz In\u00e1cio Lula da Silva\"> Luiz In\u00e1cio Lula da Silva <\/a> <\/li>\n<li> <a href=\"https:\/\/g1.globo.com\/tudo-sobre\/pedro-bial\/\" class=\"entities__list-itemLink\" data-track-click=\"Pedro Bial\"> Pedro Bial <\/a> <\/li>\n<\/ul>\n","protected":false},"excerpt":{"rendered":"<p>Presidente do Banco Central, Roberto Campos Neto, expressou arrependimento por usar uma camisa da sele\u00e7\u00e3o brasileira para votar nas elei\u00e7\u00f5es de 2022. Ele considerou o voto como algo muito privado e afirmou que, &#x27;pensando agora, n\u00e3o teria feito isso&#x27;, pois n\u00e3o desejou vincular sua escolha a uma cor usada por apoiadores do ex-presidente Bolsonaro. Campos [&hellip;]<\/p>\n","protected":false},"author":1,"featured_media":0,"comment_status":"closed","ping_status":"closed","sticky":false,"template":"","format":"standard","meta":{"footnotes":""},"categories":[],"tags":[],"class_list":["post-53779","post","type-post","status-publish","format-standard","hentry"],"_links":{"self":[{"href":"https:\/\/blog.corretoraideal.com.br\/index.php\/wp-json\/wp\/v2\/posts\/53779","targetHints":{"allow":["GET"]}}],"collection":[{"href":"https:\/\/blog.corretoraideal.com.br\/index.php\/wp-json\/wp\/v2\/posts"}],"about":[{"href":"https:\/\/blog.corretoraideal.com.br\/index.php\/wp-json\/wp\/v2\/types\/post"}],"author":[{"embeddable":true,"href":"https:\/\/blog.corretoraideal.com.br\/index.php\/wp-json\/wp\/v2\/users\/1"}],"replies":[{"embeddable":true,"href":"https:\/\/blog.corretoraideal.com.br\/index.php\/wp-json\/wp\/v2\/comments?post=53779"}],"version-history":[{"count":1,"href":"https:\/\/blog.corretoraideal.com.br\/index.php\/wp-json\/wp\/v2\/posts\/53779\/revisions"}],"predecessor-version":[{"id":53783,"href":"https:\/\/blog.corretoraideal.com.br\/index.php\/wp-json\/wp\/v2\/posts\/53779\/revisions\/53783"}],"wp:attachment":[{"href":"https:\/\/blog.corretoraideal.com.br\/index.php\/wp-json\/wp\/v2\/media?parent=53779"}],"wp:term":[{"taxonomy":"category","embeddable":true,"href":"https:\/\/blog.corretoraideal.com.br\/index.php\/wp-json\/wp\/v2\/categories?post=53779"},{"taxonomy":"post_tag","embeddable":true,"href":"https:\/\/blog.corretoraideal.com.br\/index.php\/wp-json\/wp\/v2\/tags?post=53779"}],"curies":[{"name":"wp","href":"https:\/\/api.w.org\/{rel}","templated":true}]}}