{"id":53784,"date":"2023-10-04T08:44:23","date_gmt":"2023-10-04T08:44:23","guid":{"rendered":"https:\/\/blog.corretoraideal.com.br\/?p=53784"},"modified":"2023-10-04T08:44:23","modified_gmt":"2023-10-04T08:44:23","slug":"homem-tenta-beijar-reporter-ao-vivo-em-telejornal-da-inter-tv-rj-policia-localiza-agressor-regiao-dos-lagos-g1","status":"publish","type":"post","link":"https:\/\/blog.corretoraideal.com.br\/index.php\/2023\/10\/04\/homem-tenta-beijar-reporter-ao-vivo-em-telejornal-da-inter-tv-rj-policia-localiza-agressor-regiao-dos-lagos-g1\/","title":{"rendered":"Homem tenta beijar rep\u00f3rter ao vivo em telejornal da Inter TV RJ; pol\u00edcia localiza agressor | Regi\u00e3o dos Lagos | G1"},"content":{"rendered":"<p>                <img loading=\"lazy\" decoding=\"async\" class=\"aligncenter size-full wp-image-53786\" src=\"https:\/\/blog.corretoraideal.com.br\/wp-content\/uploads\/2023\/10\/reporter-bianca-chaboudet-e-assediada-ao-vivo.jpeg\" alt=\"Rep\u00f3rter Bianca Chaboudet \u00e9 assediada ao vivo\" width=\"800\" height=\"400\" \/>      <\/p>\n<p> Rep\u00f3rter Bianca Chaboudet \u00e9 assediada ao vivo <\/p>\n<p> A rep\u00f3rter Bianca Chaboudet foi assediada por homem que tentou beij\u00e1-la enquanto fazia uma participa\u00e7\u00e3o, ao vivo, na edi\u00e7\u00e3o desta segunda-feira (2) do RJ2 da Inter TV, afiliada da Globo. O caso, que est\u00e1 sendo investigado pela Pol\u00edcia Civil, vem gerando grande repercuss\u00e3o. <\/p>\n<p> O homem foi identificado, localizado e levado, por volta das 16h desta ter\u00e7a-feira (3) para prestar depoimento na 82\u00aa Delegacia de Pol\u00edcia. <\/p>\n<p> A jornalista estava na Pra\u00e7a Conselheiro Macedo Soares, no Centro de Maric\u00e1, na Regi\u00e3o Metropolitana do Rio de Janeiro, quando foi surpreendida pelo agressor, que chegou pelas costas dela e tentou beij\u00e1-la a for\u00e7a. <\/p>\n<p> Bianca Chaboudet informava sobre a opera\u00e7\u00e3o Primavera Laranja, lan\u00e7ada pela Defesa Civil para reduzir os \u00edndices de afogamento, quando a viol\u00eancia ocorreu. <\/p>\n<p>         1 de 1&#013;A rep\u00f3rter Bianca Chaboudet foi assediada ao vivo durante o RJ2 da Inter TV \u2014 Foto: Reprodu\u00e7\u00e3o    <\/p>\n<p> A rep\u00f3rter Bianca Chaboudet foi assediada ao vivo durante o RJ2 da Inter TV \u2014 Foto: Reprodu\u00e7\u00e3o <\/p>\n<p> A rep\u00f3rter se esquivou, afastando o homem com um dos bra\u00e7os. Mesmo nervosa, ela prosseguiu at\u00e9 terminar de passar as informa\u00e7\u00f5es. O registro de ocorr\u00eancia na delegacia foi realizado na manh\u00e3 desta ter\u00e7a-feira (3). <\/p>\n<p>&quot;Me senti vulner\u00e1vel, muito sozinha ali. Naquele momento eu n\u00e3o sabia o que podia acontecer, se ele poderia voltar e tentar fazer mais alguma coisa. Fiquei bastante nervosa, bastante tr\u00eamula. Terminei de passar a informa\u00e7\u00e3o, tremendo bastante&quot;, conta Bianca Chaboudet.<\/p>\n<p> Logo, a rep\u00f3rter come\u00e7ou a receber mensagens de apoio. <\/p>\n<p>&quot;Assim que eu sa\u00ed da entrada ao vivo, os amigos come\u00e7aram a me mandar mensagem pra saber se estava tudo bem. Um amigo veio ao meu encontro e me trouxe at\u00e9 em casa. A gente precisa registrar esses casos para que os homens n\u00e3o achem que isso seja normal&quot;, alerta.<\/p>\n<p><h2>Repercuss\u00e3o<\/h2>\n<\/p>\n<p> O caso gerou revolta e repercuss\u00e3o na internet e demais m\u00eddias. O assunto foi um dos destaques do programa Encontro, com a participa\u00e7\u00e3o da rep\u00f3rter, na manh\u00e3 desta ter\u00e7a. <\/p>\n<p> A Federa\u00e7\u00e3o Nacional dos Jornalistas (Fenaj) e a Comiss\u00e3o Nacional de Mulheres Jornalistas, vinculada \u00e0 Fenaj, se manifestaram repudiando a viol\u00eancia sofrida pela profissional. <\/p>\n<p>&quot;O ato inaceit\u00e1vel de importuna\u00e7\u00e3o sexual \u00e0 rep\u00f3rter da Inter TV deve ser apurado. Ao passo em que solicitamos que o respons\u00e1vel seja identificado e punido, nos solidarizamos com Bianca Chaboudet&quot;, diz trecho da nota divulgada pelo \u00f3rg\u00e3o.<\/p>\n<p> A Fenaj ainda divulgou dados alarmantes sobre a viol\u00eancia contra jornalistas. <\/p>\n<p> &quot;De acordo com as estat\u00edsticas da Federa\u00e7\u00e3o Internacional dos Jornalistas (FIJ), quase 65% das mulheres que trabalham na m\u00eddia foram intimidadas, amea\u00e7adas ou abusadas no exerc\u00edcio do seu trabalho. Esta realidade \u00e9 uma amea\u00e7a \u00e0s liberdades de express\u00e3o e de imprensa&quot;. <\/p>\n<p> &quot;Infelizmente, a viol\u00eancia de g\u00eanero e o ass\u00e9dio contra as mulheres jornalistas ocorrem em diversos espa\u00e7os: nas reda\u00e7\u00f5es, nas pautas, em rela\u00e7\u00e3o \u00e0s fontes de informa\u00e7\u00e3o, em casa, a caminho de casa ou na Internet&quot;, lamentou a Federa\u00e7\u00e3o. <\/p>\n<p> O diretor de jornalismo da Inter TV RJ, Rolf Danziger, emitiu nota oficial de rep\u00fadio, que foi publicada <a class href=\"https:\/\/www.instagram.com\/p\/Cx6pTAIMfLr\/?utm_source=ig_web_copy_link&amp;igshid=MzRlODBiNWFlZA==\" target=\"_blank\" rel=\"noopener noreferrer\">nas redes sociais da emissora<\/a> e lida durante o RJ1 desta ter\u00e7a-feira (3). <\/p>\n<p><h2><strong>Veja nota na \u00edntegra:<\/strong><\/h2>\n<\/p>\n<p> &quot;Na noite de hoje, enquanto fazia uma entrada ao vivo de Maric\u00e1 para o nosso RJ2, transmitido para 46 dos 50 munic\u00edpios que fazem parte de nossa \u00e1rea de cobertura, nossa rep\u00f3rter Bianca Chaboudet foi v\u00edtima de uma agress\u00e3o. Um homem tentou beij\u00e1-la \u00e0 for\u00e7a enquanto ela passava informa\u00e7\u00f5es aos nossos telespectadores. Foi um ato inaceit\u00e1vel de viol\u00eancia e desrespeito. Nossa prioridade imediata \u00e9 o bem-estar e a seguran\u00e7a de Bianca, e o jornalismo da Inter TV est\u00e1 prestando todo o apoio necess\u00e1rio \u00e0 nossa colega nesse momento delicado. <\/p>\n<p> Repudiamos veementemente esse ataque. Este ato covarde n\u00e3o \u00e9 apenas um ultraje contra Bianca, mas uma afronta a todas as mulheres e todos os jornalistas que est\u00e3o na linha de frente da not\u00edcia, buscando trazer informa\u00e7\u00f5es importantes \u00e0 nossa sociedade. Nenhum profissional merece ser v\u00edtima de agress\u00e3o enquanto desempenha seu trabalho com dedica\u00e7\u00e3o e comprometimento. <\/p>\n<p> A Inter TV tomar\u00e1 todas as medidas cab\u00edveis para garantir que o agressor responda por seu crime perante a lei. Vamos fornecer todas as informa\u00e7\u00f5es e imagens necess\u00e1rias para que as devidas provid\u00eancias legais sejam tomadas. <\/p>\n<p> Reafirmamos nosso compromisso com a seguran\u00e7a e a dignidade de nossos profissionais. N\u00e3o toleraremos qualquer forma de viol\u00eancia, ass\u00e9dio ou desrespeito. A liberdade de imprensa \u00e9 um pilar fundamental da democracia, e continuaremos a exerc\u00ea-la com coragem e determina\u00e7\u00e3o. <\/p>\n<p> Nossa solidariedade est\u00e1 com Bianca Chaboudet e com todos os jornalistas que enfrentam desafios di\u00e1rios em nome da informa\u00e7\u00e3o. Juntos, exigimos seguran\u00e7a e respeito para todos, independentemente do g\u00eanero.&quot; <\/p>\n<ul> <\/ul>\n","protected":false},"excerpt":{"rendered":"<p>Rep\u00f3rter Bianca Chaboudet \u00e9 assediada ao vivo A rep\u00f3rter Bianca Chaboudet foi assediada por homem que tentou beij\u00e1-la enquanto fazia uma participa\u00e7\u00e3o, ao vivo, na edi\u00e7\u00e3o desta segunda-feira (2) do RJ2 da Inter TV, afiliada da Globo. O caso, que est\u00e1 sendo investigado pela Pol\u00edcia Civil, vem gerando grande repercuss\u00e3o. O homem foi identificado, localizado [&hellip;]<\/p>\n","protected":false},"author":1,"featured_media":0,"comment_status":"closed","ping_status":"closed","sticky":false,"template":"","format":"standard","meta":{"footnotes":""},"categories":[],"tags":[],"class_list":["post-53784","post","type-post","status-publish","format-standard","hentry"],"_links":{"self":[{"href":"https:\/\/blog.corretoraideal.com.br\/index.php\/wp-json\/wp\/v2\/posts\/53784","targetHints":{"allow":["GET"]}}],"collection":[{"href":"https:\/\/blog.corretoraideal.com.br\/index.php\/wp-json\/wp\/v2\/posts"}],"about":[{"href":"https:\/\/blog.corretoraideal.com.br\/index.php\/wp-json\/wp\/v2\/types\/post"}],"author":[{"embeddable":true,"href":"https:\/\/blog.corretoraideal.com.br\/index.php\/wp-json\/wp\/v2\/users\/1"}],"replies":[{"embeddable":true,"href":"https:\/\/blog.corretoraideal.com.br\/index.php\/wp-json\/wp\/v2\/comments?post=53784"}],"version-history":[{"count":1,"href":"https:\/\/blog.corretoraideal.com.br\/index.php\/wp-json\/wp\/v2\/posts\/53784\/revisions"}],"predecessor-version":[{"id":53787,"href":"https:\/\/blog.corretoraideal.com.br\/index.php\/wp-json\/wp\/v2\/posts\/53784\/revisions\/53787"}],"wp:attachment":[{"href":"https:\/\/blog.corretoraideal.com.br\/index.php\/wp-json\/wp\/v2\/media?parent=53784"}],"wp:term":[{"taxonomy":"category","embeddable":true,"href":"https:\/\/blog.corretoraideal.com.br\/index.php\/wp-json\/wp\/v2\/categories?post=53784"},{"taxonomy":"post_tag","embeddable":true,"href":"https:\/\/blog.corretoraideal.com.br\/index.php\/wp-json\/wp\/v2\/tags?post=53784"}],"curies":[{"name":"wp","href":"https:\/\/api.w.org\/{rel}","templated":true}]}}