{"id":53796,"date":"2023-10-04T11:32:10","date_gmt":"2023-10-04T11:32:10","guid":{"rendered":"https:\/\/blog.corretoraideal.com.br\/?p=53796"},"modified":"2023-10-04T11:32:10","modified_gmt":"2023-10-04T11:32:10","slug":"cabos-de-internet-no-mar-entenda-como-a-internet-chega-ate-voce-e-se-ha-risco-de-uma-acao-derrubar-a-conexao-no-brasil-tecnologia-g1","status":"publish","type":"post","link":"https:\/\/blog.corretoraideal.com.br\/index.php\/2023\/10\/04\/cabos-de-internet-no-mar-entenda-como-a-internet-chega-ate-voce-e-se-ha-risco-de-uma-acao-derrubar-a-conexao-no-brasil-tecnologia-g1\/","title":{"rendered":"Cabos de internet no mar? Entenda como a internet chega at\u00e9 voc\u00ea e se h\u00e1 risco de uma a\u00e7\u00e3o &#039;derrubar&#039; a conex\u00e3o no Brasil | Tecnologia | G1"},"content":{"rendered":"<p>      1 de 1&#013;Cabos submarinos de internet que passam por Fortaleza \u2014 Foto: Reprodu\u00e7\u00e3o\/Submarine Cable Map    <\/p>\n<p> Cabos submarinos de internet que passam por Fortaleza \u2014 Foto: Reprodu\u00e7\u00e3o\/Submarine Cable Map <\/p>\n<p> Voc\u00ea sabia que a internet do mundo todo \u00e9 conectada por cabos f\u00edsicos? N\u00e3o s\u00e3o sat\u00e9lites e nem uma nuvem, mas cabos de fibra \u00f3ptica que processam as informa\u00e7\u00f5es na velocidade da luz. O funcionamento da internet voltou a ser debatido por conta da constru\u00e7\u00e3o de uma usina em Fortaleza que teoricamente pode prejudicar a conex\u00e3o no Brasil. <\/p>\n<p> ? Na pr\u00e1tica, essas conex\u00f5es levam e trazem informa\u00e7\u00f5es virtuais em quest\u00e3o de segundos, n\u00e3o importa a dist\u00e2ncia.\ufe0f <\/p>\n<p> \u26d3\ufe0f S\u00e3o esses cabos de fibra \u00f3ptica que ligam os continentes entre si com conex\u00f5es subterr\u00e2neas ou submar\u00edtimas. E este fato, de que os cabos da internet do mundo todo est\u00e3o no fundo do oceano, gerou uma como\u00e7\u00e3o nas redes sociais esta semana. <\/p>\n<p> <strong>?\ufe0f <\/strong>Tudo come\u00e7ou com a not\u00edcia de que a constru\u00e7\u00e3o de uma usina em Fortaleza pr\u00f3xima a cabos submarinos de internet pode prejudicar a conex\u00e3o no Brasil. Especialistas ouvidos pelo <strong>g1<\/strong> apontam que pode haver imprevistos durante as obras e mudan\u00e7as no relevo oce\u00e2nico que afetariam o funcionamento da rede (<a class href=\"https:\/\/g1.globo.com\/tecnologia\/noticia\/2023\/10\/03\/entenda-riscos-para-a-sua-internet-caso-fortaleza-crie-usina-perto-de-cabos-submarinos.ghtml\"><strong>leia mais aqui<\/strong><\/a>). <\/p>\n<ul>\n<li><strong>Entenda:<\/strong> <a class href=\"https:\/\/g1.globo.com\/tecnologia\/noticia\/2023\/10\/03\/entenda-riscos-para-a-sua-internet-caso-fortaleza-crie-usina-perto-de-cabos-submarinos.ghtml\">os riscos para a sua internet caso Fortaleza crie usina perto de cabos submarinos<\/a><\/li>\n<li><strong>Wi-fi lento e que trava? <\/strong><a class href=\"https:\/\/g1.globo.com\/guia\/guia-de-compras\/tecnologia\/wi-fi-lento-e-que-trava-saiba-como-resolver-e-espalhar-a-conexao-por-toda-a-casa.ghtml#G1-TECNOLOGIA-FEED-user,editorial,48fc385b-aa43-4157-82e2-dd8a4e3f3cc7\">Saiba como resolver e espalhar a conex\u00e3o por toda a casa<\/a><\/li>\n<\/ul>\n<p> ? <a class href=\"https:\/\/g1.globo.com\/ce\/ceara\/noticia\/2023\/10\/03\/entenda-por-que-usina-de-fortaleza-sera-construida-perto-de-cabos-submarinos-que-garantem-internet-no-brasil.ghtml\">A capital cearense \u00e9 um local estrat\u00e9gico para as operadoras de internet<\/a>. De acordo com a Ag\u00eancia Nacional de Telecomunica\u00e7\u00f5es (Anatel), na Praia do Futuro, onde seriam feitas as obras, passam 17 cabos submarinos de 8 empresas. Isto quer dizer que l\u00e1 existe um hub, um ponto de conex\u00e3o de cabos submarinos que ligam o pa\u00eds a outras regi\u00f5es do planeta, como \u00c1frica, Europa e Am\u00e9rica do Norte e Central. <\/p>\n<p> ? Segundo o Minist\u00e9rio das Comunica\u00e7\u00f5es, 90% do tr\u00e1fego de internet do Brasil passam pelo local. <\/p>\n<p> ? No v\u00eddeo abaixo, a rep\u00f3rter Carol Prado explica o funcionamento da internet no mundo e como s\u00e3o armazenadas todas as informa\u00e7\u00f5es virtuais. Assista: <\/p>\n<p>                   <img loading=\"lazy\" decoding=\"async\" class=\"aligncenter size-full wp-image-53798\" src=\"https:\/\/blog.corretoraideal.com.br\/wp-content\/uploads\/2023\/10\/g1-explica-como-funciona-a-internet.jpeg\" alt=\"g1 Explica: como funciona a internet\" width=\"800\" height=\"400\" \/>      <\/p>\n<p> g1 Explica: como funciona a internet <\/p>\n<p><h2>H\u00e1 riscos para a internet no Brasil?<\/h2>\n<\/p>\n<p> Especialistas ouvidos pelo g1 <a class href=\"https:\/\/g1.globo.com\/tecnologia\/noticia\/2023\/10\/03\/entenda-riscos-para-a-sua-internet-caso-fortaleza-crie-usina-perto-de-cabos-submarinos.ghtml\">apontam que pode haver imprevistos durante as obras<\/a> e mudan\u00e7as no relevo oce\u00e2nico que afetariam o funcionamento da rede. <\/p>\n<p> O governo do Cear\u00e1 anunciou o projeto da usina para transformar a \u00e1gua do mar em \u00e1gua pot\u00e1vel e afirma que ele aumentar\u00e1 em 12% a oferta de \u00e1gua na regi\u00e3o metropolitana Fortaleza. Mas a Ag\u00eancia Nacional de Telecomunica\u00e7\u00f5es (Anatel) e as operadoras de internet questionam esse plano, que tem como sede a Praia do Futuro. No local, passam 17 cabos submarinos de 8 empresas, de acordo com a ag\u00eancia. <\/p>\n<p> A constru\u00e7\u00e3o deixar\u00e1 muito pr\u00f3ximas duas estruturas importantes \u2013 a de telecomunica\u00e7\u00f5es e a de dessaliniza\u00e7\u00e3o da \u00e1gua. Por isso, entidades interessadas t\u00eam se manifestado sobre a proposta: <\/p>\n<ul>\n<li>A Anatel afirmou ao g1 que informou sua oposi\u00e7\u00e3o \u00e0 obra em setembro de 2022, mas que foi notificada sobre a altera\u00e7\u00e3o no projeto em agosto de 2023; agora, a ag\u00eancia analisa os ajustes apresentados para verificar se o conv\u00edvio entre os dois projetos \u00e9 vi\u00e1vel;<\/li>\n<li>A Companhia de \u00c1gua e Esgoto do Cear\u00e1 (Cagece) confirma as modifica\u00e7\u00f5es no projeto, o que inclui a mudan\u00e7a do ponto de capta\u00e7\u00e3o da \u00e1gua para uma \u00e1rea a mais de 500 metros de onde passam os cabos; a empresa diz que a vers\u00e3o atual do plano &quot;n\u00e3o apresenta nenhum risco ao funcionamento dos cabos submarinos localizados na Praia do Futuro&quot;;<\/li>\n<li>A associa\u00e7\u00e3o de operadoras TelComp, que inclui empresas como a cearense Brisanet, afirmou ao g1 que &quot;a discuss\u00e3o sobre a constru\u00e7\u00e3o da usina \u00e9 leg\u00edtima e a implementa\u00e7\u00e3o de tal pol\u00edtica p\u00fablica \u00e9 necess\u00e1ria&quot;, mas alegou que &quot;existem locais mais adequados e seguros para sua instala\u00e7\u00e3o&quot; e que a escolha pela constru\u00e7\u00e3o na Praia do Futuro \u00e9 &quot;infeliz, inoportuna e inapropriada&quot;;<\/li>\n<li>A Conexis, associa\u00e7\u00e3o onde est\u00e3o operadoras Claro, Vivo, Tim, Oi, Algar Telecom e Sercomtel, afirma que suas associadas &quot;manifestam preocupa\u00e7\u00e3o com os riscos apontados pela \u00e1rea t\u00e9cnica da Anatel.<\/li>\n<\/ul>\n<ul> <\/ul>\n","protected":false},"excerpt":{"rendered":"<p>1 de 1&#013;Cabos submarinos de internet que passam por Fortaleza \u2014 Foto: Reprodu\u00e7\u00e3o\/Submarine Cable Map Cabos submarinos de internet que passam por Fortaleza \u2014 Foto: Reprodu\u00e7\u00e3o\/Submarine Cable Map Voc\u00ea sabia que a internet do mundo todo \u00e9 conectada por cabos f\u00edsicos? N\u00e3o s\u00e3o sat\u00e9lites e nem uma nuvem, mas cabos de fibra \u00f3ptica que processam [&hellip;]<\/p>\n","protected":false},"author":1,"featured_media":0,"comment_status":"closed","ping_status":"closed","sticky":false,"template":"","format":"standard","meta":{"footnotes":""},"categories":[],"tags":[],"class_list":["post-53796","post","type-post","status-publish","format-standard","hentry"],"_links":{"self":[{"href":"https:\/\/blog.corretoraideal.com.br\/index.php\/wp-json\/wp\/v2\/posts\/53796","targetHints":{"allow":["GET"]}}],"collection":[{"href":"https:\/\/blog.corretoraideal.com.br\/index.php\/wp-json\/wp\/v2\/posts"}],"about":[{"href":"https:\/\/blog.corretoraideal.com.br\/index.php\/wp-json\/wp\/v2\/types\/post"}],"author":[{"embeddable":true,"href":"https:\/\/blog.corretoraideal.com.br\/index.php\/wp-json\/wp\/v2\/users\/1"}],"replies":[{"embeddable":true,"href":"https:\/\/blog.corretoraideal.com.br\/index.php\/wp-json\/wp\/v2\/comments?post=53796"}],"version-history":[{"count":1,"href":"https:\/\/blog.corretoraideal.com.br\/index.php\/wp-json\/wp\/v2\/posts\/53796\/revisions"}],"predecessor-version":[{"id":53799,"href":"https:\/\/blog.corretoraideal.com.br\/index.php\/wp-json\/wp\/v2\/posts\/53796\/revisions\/53799"}],"wp:attachment":[{"href":"https:\/\/blog.corretoraideal.com.br\/index.php\/wp-json\/wp\/v2\/media?parent=53796"}],"wp:term":[{"taxonomy":"category","embeddable":true,"href":"https:\/\/blog.corretoraideal.com.br\/index.php\/wp-json\/wp\/v2\/categories?post=53796"},{"taxonomy":"post_tag","embeddable":true,"href":"https:\/\/blog.corretoraideal.com.br\/index.php\/wp-json\/wp\/v2\/tags?post=53796"}],"curies":[{"name":"wp","href":"https:\/\/api.w.org\/{rel}","templated":true}]}}