{"id":53800,"date":"2023-10-04T13:33:25","date_gmt":"2023-10-04T13:33:25","guid":{"rendered":"https:\/\/blog.corretoraideal.com.br\/?p=53800"},"modified":"2023-10-04T13:33:25","modified_gmt":"2023-10-04T13:33:25","slug":"quissama-divulga-calendario-de-vacinacao-antirrabica-na-area-rural-neste-mes-de-outubro-norte-fluminense-g1","status":"publish","type":"post","link":"https:\/\/blog.corretoraideal.com.br\/index.php\/2023\/10\/04\/quissama-divulga-calendario-de-vacinacao-antirrabica-na-area-rural-neste-mes-de-outubro-norte-fluminense-g1\/","title":{"rendered":"Quissam\u00e3 divulga calend\u00e1rio de vacina\u00e7\u00e3o antirr\u00e1bica na \u00e1rea rural neste m\u00eas de outubro | Norte Fluminense | G1"},"content":{"rendered":"<p>      1 de 1&#013;Quissam\u00e3 ter\u00e1 vacina\u00e7\u00e3o antirr\u00e1bica na \u00e1rea rural ao longo do m\u00eas e dia D na pra\u00e7a de Santa Catarina neste s\u00e1bado (7) \u2014 Foto: Divulga\u00e7\u00e3o\/Prefeitura de Quissam\u00e3    <\/p>\n<p> Quissam\u00e3 ter\u00e1 vacina\u00e7\u00e3o antirr\u00e1bica na \u00e1rea rural ao longo do m\u00eas e dia D na pra\u00e7a de Santa Catarina neste s\u00e1bado (7) \u2014 Foto: Divulga\u00e7\u00e3o\/Prefeitura de Quissam\u00e3 <\/p>\n<p> O servi\u00e7o de vacina\u00e7\u00e3o antirr\u00e1bica da Vigil\u00e2ncia em Sa\u00fade est\u00e1 sendo levado a localidades rurais de <a class href=\"https:\/\/g1.globo.com\/rj\/norte-fluminense\/cidade\/quissama\/\">Quissam\u00e3<\/a>, no Norte Fluminense, ao longo deste m\u00eas de outubro. <\/p>\n<p> O calend\u00e1rio j\u00e1 foi divulgado pela Prefeitura. Al\u00e9m do servi\u00e7o itinerante ao longo do m\u00eas, no s\u00e1bado (7) vai ter o dia D, com campanha de vacina\u00e7\u00e3o na pra\u00e7a de Santa Catarina, de 9h \u00e0s 15h. <\/p>\n<p> A localidade de Imbu\u00ed foi atendida nesta segunda-feira (2). O servi\u00e7o chega \u00e0 Penha nesta ter\u00e7a-feira (3) e segue at\u00e9 quinta-feira (5). Outras localidades que ser\u00e3o atendidas s\u00e3o Praia do Visgueiro, Praia de Jo\u00e3o Francisco, Conjunto Habitacional Luiz Gonzaga Lemos, Machado, Pitanga, Capivari, Flexeiras e S\u00e3o Miguel do Furado <strong>(veja datas mais abaixo)<\/strong>. <\/p>\n<p> O Coordenador da Vigil\u00e2ncia em Sa\u00fade, Leonardo Barcelos Chagas, explica que \u00e9 recomendado que os filhotes tomem a primeira dose da vacina antirr\u00e1bica a partir dos tr\u00eas meses de vida, com refor\u00e7o feito anualmente. Ele lembra ainda que, para vacinar, \u00e9 preciso que os animais estejam sadios e tenha um respons\u00e1vel adulto na resid\u00eancia, entre outros cuidados. <\/p>\n<p> \u201cImportante destacar que na resid\u00eancia tenha pelo menos uma pessoa com idade e porte adequados para o manejo do animal. Para o Dia D, a condu\u00e7\u00e3o deve ser feita da mesma forma, por um adulto, e caso sejam c\u00e3es mais bravios, com uso de focinheira apropriada, e o caso dos gatos, devem ser transportados em caixas apropriadas e em seguran\u00e7a. As f\u00eameas prenhas n\u00e3o podem ser vacinadas\u201d, disse. <\/p>\n<p> A prote\u00e7\u00e3o pela vacina\u00e7\u00e3o \u00e9 fundamental para a sa\u00fade dos pets e tutores e deve ser renovada anualmente. Na \u00e1rea urbana, o Dia D de Vacina\u00e7\u00e3o Antirr\u00e1bica imunizou 2.687 mil c\u00e3es e gatos, sendo considerado o melhor resultado dos \u00faltimos anos pela Prefeitura. <\/p>\n<p><h2>Cronograma de vacina\u00e7\u00e3o da \u00e1rea rural:<\/h2>\n<\/p>\n<ul>\n<li>Imbi\u00fa \u2013 2 de outubro<\/li>\n<li>Penha \u2013 3 a 5 de outubro<\/li>\n<li>Praia do Visgueiro \u2013 11 e 16 de outubro<\/li>\n<li>Praia de Jo\u00e3o Francisco \u2013 6, 9 e 10 de outubro<\/li>\n<li>Conjunto Habitacional Luiz Gonzaga Lemos \u2013 17 de outubro<\/li>\n<li>Machado \u2013 18 e 19 de outubro<\/li>\n<li>Pitanga \u2013 20 de outubro<\/li>\n<li>Capivari \u2013 23 de outubro<\/li>\n<li>Flexeiras \u2013 24 a 26 de outubro<\/li>\n<li>S\u00e3o Miguel do Furado \u2013 27 e 30 de outubro<\/li>\n<\/ul>\n<ul>\n<li> <a href=\"https:\/\/g1.globo.com\/rj\/norte-fluminense\/cidade\/quissama\/\" class=\"entities__list-itemLink\" data-track-click=\"Quissam\u00e3\"> Quissam\u00e3 <\/a> <\/li>\n<\/ul>\n","protected":false},"excerpt":{"rendered":"<p>1 de 1&#013;Quissam\u00e3 ter\u00e1 vacina\u00e7\u00e3o antirr\u00e1bica na \u00e1rea rural ao longo do m\u00eas e dia D na pra\u00e7a de Santa Catarina neste s\u00e1bado (7) \u2014 Foto: Divulga\u00e7\u00e3o\/Prefeitura de Quissam\u00e3 Quissam\u00e3 ter\u00e1 vacina\u00e7\u00e3o antirr\u00e1bica na \u00e1rea rural ao longo do m\u00eas e dia D na pra\u00e7a de Santa Catarina neste s\u00e1bado (7) \u2014 Foto: Divulga\u00e7\u00e3o\/Prefeitura de [&hellip;]<\/p>\n","protected":false},"author":1,"featured_media":0,"comment_status":"closed","ping_status":"closed","sticky":false,"template":"","format":"standard","meta":{"footnotes":""},"categories":[],"tags":[],"class_list":["post-53800","post","type-post","status-publish","format-standard","hentry"],"_links":{"self":[{"href":"https:\/\/blog.corretoraideal.com.br\/index.php\/wp-json\/wp\/v2\/posts\/53800","targetHints":{"allow":["GET"]}}],"collection":[{"href":"https:\/\/blog.corretoraideal.com.br\/index.php\/wp-json\/wp\/v2\/posts"}],"about":[{"href":"https:\/\/blog.corretoraideal.com.br\/index.php\/wp-json\/wp\/v2\/types\/post"}],"author":[{"embeddable":true,"href":"https:\/\/blog.corretoraideal.com.br\/index.php\/wp-json\/wp\/v2\/users\/1"}],"replies":[{"embeddable":true,"href":"https:\/\/blog.corretoraideal.com.br\/index.php\/wp-json\/wp\/v2\/comments?post=53800"}],"version-history":[{"count":1,"href":"https:\/\/blog.corretoraideal.com.br\/index.php\/wp-json\/wp\/v2\/posts\/53800\/revisions"}],"predecessor-version":[{"id":53802,"href":"https:\/\/blog.corretoraideal.com.br\/index.php\/wp-json\/wp\/v2\/posts\/53800\/revisions\/53802"}],"wp:attachment":[{"href":"https:\/\/blog.corretoraideal.com.br\/index.php\/wp-json\/wp\/v2\/media?parent=53800"}],"wp:term":[{"taxonomy":"category","embeddable":true,"href":"https:\/\/blog.corretoraideal.com.br\/index.php\/wp-json\/wp\/v2\/categories?post=53800"},{"taxonomy":"post_tag","embeddable":true,"href":"https:\/\/blog.corretoraideal.com.br\/index.php\/wp-json\/wp\/v2\/tags?post=53800"}],"curies":[{"name":"wp","href":"https:\/\/api.w.org\/{rel}","templated":true}]}}