{"id":53803,"date":"2023-10-04T14:30:18","date_gmt":"2023-10-04T14:30:18","guid":{"rendered":"https:\/\/blog.corretoraideal.com.br\/?p=53803"},"modified":"2023-10-04T14:30:18","modified_gmt":"2023-10-04T14:30:18","slug":"paris-invadida-por-percevejos-o-que-esta-por-tras-de-panico-que-tomou-cidade-sede-da-olimpiada-turismo-e-viagem-g1","status":"publish","type":"post","link":"https:\/\/blog.corretoraideal.com.br\/index.php\/2023\/10\/04\/paris-invadida-por-percevejos-o-que-esta-por-tras-de-panico-que-tomou-cidade-sede-da-olimpiada-turismo-e-viagem-g1\/","title":{"rendered":"Paris invadida por percevejos? O que est\u00e1 por tr\u00e1s de p\u00e2nico que tomou cidade-sede da Olimp\u00edada | Turismo e Viagem | G1"},"content":{"rendered":"<p>      1 de 2&#013;Parisienses est\u00e3o em p\u00e2nico com uma &#039;invas\u00e3o&#039; de percevejos \u2014 Foto: Getty Images via BBC    <\/p>\n<p> Parisienses est\u00e3o em p\u00e2nico com uma &#039;invas\u00e3o&#039; de percevejos \u2014 Foto: Getty Images via BBC <\/p>\n<p> <a class href=\"https:\/\/g1.globo.com\/turismo-e-viagem\/noticia\/2023\/10\/03\/o-inseto-que-atormenta-paris-faltando-menos-de-1-ano-para-as-olimpiadas.ghtml\">Percevejos &quot;invadiram&quot; Paris e outras cidades francesas<\/a>, provocando uma onda de p\u00e2nico e levantando quest\u00f5es sobre sa\u00fade e seguran\u00e7a durante os Jogos Ol\u00edmpicos do pr\u00f3ximo ano. <\/p>\n<p> \u00c9 assim que o fen\u00f4meno tem sido amplamente descrito nos meios de comunica\u00e7\u00e3o franceses \u2013 e agora, nos internacionais. <\/p>\n<p> Em parte, a hist\u00f3ria \u00e9 verdadeira. Mas em outra, n\u00e3o. <\/p>\n<p> O que acontece \u00e9 que o n\u00famero de avistamentos de percevejos aumentou nas \u00faltimas semanas &#8211; e essa tend\u00eancia crescente remonta a v\u00e1rios anos. <\/p>\n<p>&quot;Todo final de ver\u00e3o vemos um grande aumento de percevejos&quot;, diz Jean-Michel Berenger, entomologista do principal hospital de Marselha e um dos maiores especialistas franceses em insetos.<\/p>\n<p> &quot;Isso porque as pessoas se movimentaram durante julho e agosto e trazem os insetos de volta na bagagem. E a cada ano, o aumento sazonal ap\u00f3s as f\u00e9rias \u00e9 maior que o anterior&quot;, explica. <\/p>\n<ul>\n<li><a class href=\"https:\/\/g1.globo.com\/turismo-e-viagem\/noticia\/2023\/10\/03\/novo-passaporte-comeca-a-ser-emitido-nesta-terca-veja-o-que-muda.ghtml\">Novo passaporte brasileiro j\u00e1 est\u00e1 sendo emitido; veja o que mudou<\/a><\/li>\n<\/ul>\n<p>                   <img loading=\"lazy\" decoding=\"async\" class=\"aligncenter size-full wp-image-53805\" src=\"https:\/\/blog.corretoraideal.com.br\/wp-content\/uploads\/2023\/10\/o-inseto-que-atormenta-paris-faltando-menos-de-1-ano-para-as-olimpiadas-1.jpeg\" alt=\"O inseto que atormenta Paris faltando menos de 1 ano para as Olimp\u00edadas\" width=\"800\" height=\"400\" \/>      <\/p>\n<p> O inseto que atormenta Paris faltando menos de 1 ano para as Olimp\u00edadas <\/p>\n<p> Em Paris, um em cada 10 moradores de apartamentos teve problemas com percevejos nos \u00faltimos cinco anos, segundo dados oficiais. <\/p>\n<p> Agora, o tradicional medo de infesta\u00e7\u00e3o se soma a novas ang\u00fastias. <\/p>\n<p> H\u00e1 in\u00fameros relatos de que percevejos foram vistos recentemente em salas de cinema, e de pessoas que dizem terem sido mordidas em trens. Essas informa\u00e7\u00f5es muitas vezes s\u00e3o levadas extremamente a s\u00e9rio pelos parisienses. <\/p>\n<p> Tanto a C\u00e2mara Municipal de Paris como o governo do presidente Emmanuel Macron se mostraram preocupados com o problema. <\/p>\n<p> A a\u00e7\u00e3o visa mostrar a seriedade com que o governo encara a quest\u00e3o para proteger a imagem de Paris antes dos Jogos Ol\u00edmpicos de 2024 \u2013 e n\u00e3o como um pequeno problema amplificado rapidamente pelas redes sociais. <\/p>\n<p> Propriet\u00e1rios de cinemas, preocupados com o decl\u00ednio do p\u00fablico, ficaram assustados com v\u00eddeos mostrando \u00e1caros em assentos. <\/p>\n<p> Passageiros do metr\u00f4 parisiense come\u00e7aram a verificar os estofados dos bancos \u2013 alguns preferem ficar de p\u00e9. <\/p>\n<ul>\n<li><a class href=\"https:\/\/g1.globo.com\/turismo-e-viagem\/noticia\/2023\/10\/01\/esfera-las-vegas-maior-painel-de-led-do-mundo-e-robos-humanoides-shows-fotos.ghtml\">V\u00cdDEO: Esfera em Las Vegas tem o maior painel de LED do mundo<\/a><\/li>\n<\/ul>\n<p>         2 de 2&#013;Residentes de Paris est\u00e3o convocando exterminadores para resolver o problema \u2014 Foto: Getty Images via BBC    <\/p>\n<p> Residentes de Paris est\u00e3o convocando exterminadores para resolver o problema \u2014 Foto: Getty Images via BBC <\/p>\n<p> &quot;H\u00e1 um elemento novo neste ano: a psicose geral que se instalou&quot;, diz Berenger. <\/p>\n<p> &quot;De certa forma, \u00e9 bom porque serve para conscientizar as pessoas sobre o problema, e quanto mais cedo voc\u00ea agir contra os percevejos, melhor. Mas grande parte do problema est\u00e1 sendo exagerado.&quot; <\/p>\n<p>O fato \u00e9 que os percevejos est\u00e3o retornando, mas essa n\u00e3o \u00e9 uma not\u00edcia recente. Acontece h\u00e1 20 ou 30 anos. E n\u00e3o apenas na <a class href=\"https:\/\/g1.globo.com\/tudo-sobre\/franca\/\">Fran\u00e7a<\/a>, mas sim em v\u00e1rios lugares.<\/p>\n<p> Existem v\u00e1rios fatores que podem explicar o fen\u00f4meno, como a globaliza\u00e7\u00e3o, o com\u00e9rcio feito por containers, turismo de massa e imigra\u00e7\u00e3o. <\/p>\n<p> O percevejo \u2013 cimex lectularius, em latim \u2013 \u00e9 uma criatura &quot;domesticada&quot;: vai aonde os humanos est\u00e3o. <\/p>\n<p> Ap\u00f3s a Segunda Guerra Mundial, os percevejos \u2013 como muitos outros animais \u2013 foram dizimados pelo uso generalizado do inseticida DDT. Mas, ao longo dos anos, o DDT e muitos outros produtos qu\u00edmicos foram proibidos devido aos seus efeitos colaterais nos seres humanos. <\/p>\n<p> Por outro lado, a popula\u00e7\u00e3o de percevejos foi &quot;modificada\u201d pela elimina\u00e7\u00e3o daquelas criaturas que eram geneticamente suscet\u00edveis \u00e0 erradica\u00e7\u00e3o qu\u00edmica em primeiro lugar. Aqueles que sobreviveram \u00e0 uso do DDT s\u00e3o os ancestrais da ra\u00e7a atual, que s\u00e3o, como resultado, muito mais resistentes. <\/p>\n<p> Um terceiro fator pode ser o decl\u00ednio das baratas, em grande parte gra\u00e7as a uma maior preocupa\u00e7\u00e3o com elas e resid\u00eancias de maneira geral mais limpas. As baratas s\u00e3o predadoras de percevejos. <\/p>\n<p> A verdade \u00e9 que os percevejos s\u00e3o de fato uma amea\u00e7a, mas o perigo \u00e9 mais psicol\u00f3gico do que f\u00edsico. Pelo que se sabe, ele n\u00e3o pode transmitir doen\u00e7as. Suas mordidas s\u00e3o dolorosas, mas a dor passa r\u00e1pido. <\/p>\n<p> Ele troca seus exoesqueletos em intervalos regulares; deixa fezes em forma de pontos pretos; ele se mexe de alegria ao sentir o cheiro de um humano; e pode viver um ano sem comida. <\/p>\n<p> Mas o verdadeiro dano do percevejo \u00e9 para a sa\u00fade mental. <\/p>\n<p> H\u00e1 um ano, meu filho de 29 anos encontrou percevejos em seu apartamento no 20\u00ba andar. Ele jogou fora a cama; lavou todas as suas roupas; esfregou a casa toda. Mas ainda assim ele n\u00e3o conseguia dormir. Ent\u00e3o come\u00e7ou a imaginar o animal rastejando sobre sua pele. Tornou-se uma obsess\u00e3o. <\/p>\n<p> S\u00f3 depois de uma limpeza com vapor em seu apartamento, realizado por uma empresa antipragas, ele conseguiu respirar novamente. Alguns controladores de pragas usam c\u00e3es farejadores para localizar os insetos. <\/p>\n<p>&quot;Percevejos n\u00e3o s\u00e3o motivo de riso&quot;, diz Berenger. &quot;Mas h\u00e1 muitas hist\u00f3rias absurdas por a\u00ed sobre a facilidade com que eles podem se espalhar. Na minha opini\u00e3o, a maneira de combater os percevejos \u00e9 apostar em pol\u00edticas p\u00fablicas para grandes espalhadores dos insetos.&quot;<\/p>\n<p> Estas s\u00e3o as pessoas, explica ele, que, embora em n\u00famero reduzido, causam a maior parte dos danos. S\u00e3o frequentemente pessoas marginalizadas: popula\u00e7\u00e3o em situa\u00e7\u00e3o de rua ou muito pobres, doentes mentais e com pouco acesso a servi\u00e7os sociais. <\/p>\n<p> Ele e sua equipe j\u00e1 encontraram em apartamentos centenas de percevejos rastejando uns sobre os outros, nas roupas, nas t\u00e1buas do ch\u00e3o, atr\u00e1s de quadros. <\/p>\n<p> &quot;Cada vez que uma dessas pessoas sai de casa, elas est\u00e3o espalhando percevejos. S\u00e3o elas que precisam de ajuda&quot;. <\/p>\n<p>                   <img loading=\"lazy\" decoding=\"async\" class=\"aligncenter size-full wp-image-53806\" src=\"https:\/\/blog.corretoraideal.com.br\/wp-content\/uploads\/2023\/10\/veja-como-tirar-o-passaporte-2.jpeg\" alt=\"Veja como tirar o passaporte\" width=\"800\" height=\"400\" \/>      <\/p>\n<p> Veja como tirar o passaporte <\/p>\n<ul>\n<li> <a href=\"https:\/\/g1.globo.com\/tudo-sobre\/franca\/\" class=\"entities__list-itemLink\" data-track-click=\"Fran\u00e7a\"> Fran\u00e7a <\/a> <\/li>\n<\/ul>\n","protected":false},"excerpt":{"rendered":"<p>1 de 2&#013;Parisienses est\u00e3o em p\u00e2nico com uma &#039;invas\u00e3o&#039; de percevejos \u2014 Foto: Getty Images via BBC Parisienses est\u00e3o em p\u00e2nico com uma &#039;invas\u00e3o&#039; de percevejos \u2014 Foto: Getty Images via BBC Percevejos &quot;invadiram&quot; Paris e outras cidades francesas, provocando uma onda de p\u00e2nico e levantando quest\u00f5es sobre sa\u00fade e seguran\u00e7a durante os Jogos Ol\u00edmpicos [&hellip;]<\/p>\n","protected":false},"author":1,"featured_media":0,"comment_status":"closed","ping_status":"closed","sticky":false,"template":"","format":"standard","meta":{"footnotes":""},"categories":[],"tags":[],"class_list":["post-53803","post","type-post","status-publish","format-standard","hentry"],"_links":{"self":[{"href":"https:\/\/blog.corretoraideal.com.br\/index.php\/wp-json\/wp\/v2\/posts\/53803","targetHints":{"allow":["GET"]}}],"collection":[{"href":"https:\/\/blog.corretoraideal.com.br\/index.php\/wp-json\/wp\/v2\/posts"}],"about":[{"href":"https:\/\/blog.corretoraideal.com.br\/index.php\/wp-json\/wp\/v2\/types\/post"}],"author":[{"embeddable":true,"href":"https:\/\/blog.corretoraideal.com.br\/index.php\/wp-json\/wp\/v2\/users\/1"}],"replies":[{"embeddable":true,"href":"https:\/\/blog.corretoraideal.com.br\/index.php\/wp-json\/wp\/v2\/comments?post=53803"}],"version-history":[{"count":1,"href":"https:\/\/blog.corretoraideal.com.br\/index.php\/wp-json\/wp\/v2\/posts\/53803\/revisions"}],"predecessor-version":[{"id":53807,"href":"https:\/\/blog.corretoraideal.com.br\/index.php\/wp-json\/wp\/v2\/posts\/53803\/revisions\/53807"}],"wp:attachment":[{"href":"https:\/\/blog.corretoraideal.com.br\/index.php\/wp-json\/wp\/v2\/media?parent=53803"}],"wp:term":[{"taxonomy":"category","embeddable":true,"href":"https:\/\/blog.corretoraideal.com.br\/index.php\/wp-json\/wp\/v2\/categories?post=53803"},{"taxonomy":"post_tag","embeddable":true,"href":"https:\/\/blog.corretoraideal.com.br\/index.php\/wp-json\/wp\/v2\/tags?post=53803"}],"curies":[{"name":"wp","href":"https:\/\/api.w.org\/{rel}","templated":true}]}}