{"id":53828,"date":"2023-10-04T21:31:32","date_gmt":"2023-10-04T21:31:32","guid":{"rendered":"https:\/\/blog.corretoraideal.com.br\/?p=53828"},"modified":"2023-10-04T21:31:32","modified_gmt":"2023-10-04T21:31:32","slug":"presidente-da-apple-faz-a-maior-venda-de-acoes-em-2-anos-tecnologia-g1","status":"publish","type":"post","link":"https:\/\/blog.corretoraideal.com.br\/index.php\/2023\/10\/04\/presidente-da-apple-faz-a-maior-venda-de-acoes-em-2-anos-tecnologia-g1\/","title":{"rendered":"Presidente da Apple faz a maior venda de a\u00e7\u00f5es em 2 anos | Tecnologia | G1"},"content":{"rendered":"<p>      1 de 1&#013;Tim Cook, presidente-executivo da Apple, durante lan\u00e7amento do iPhone 15 \u2014 Foto: Reuters\/Loren Elliott    <\/p>\n<p> Tim Cook, presidente-executivo da Apple, durante lan\u00e7amento do iPhone 15 \u2014 Foto: Reuters\/Loren Elliott <\/p>\n<p> O presidente-executivo da <a class href=\"https:\/\/g1.globo.com\/tudo-sobre\/apple\/\">Apple<\/a>, <a class href=\"https:\/\/g1.globo.com\/tudo-sobre\/tim-cook\/\">Tim Cook<\/a>, ganhou US$ 41,5 milh\u00f5es (cerca de R$ 210 milh\u00f5es) com a venda de parte de suas a\u00e7\u00f5es da empresa. Foi a maior negocia\u00e7\u00e3o feita por ele com pap\u00e9is da empresa em dois anos, segundo a Comiss\u00e3o de Valores Mobili\u00e1rios dos Estados Unidos. <\/p>\n<p> O executivo vendeu 511 mil a\u00e7\u00f5es por US$ 87,8 milh\u00f5es (R$ 450 milh\u00f5es), valor que depois recebeu descontos por conta de impostos. <\/p>\n<p> Cook conta agora com 3,3 milh\u00f5es de a\u00e7\u00f5es da Apple, avaliadas em US$ 565 milh\u00f5es (R$ 2,9 bilh\u00f5es). <\/p>\n<p> Em 2021, <a class href=\"https:\/\/g1.globo.com\/economia\/tecnologia\/noticia\/2021\/08\/27\/tim-cook-presidente-executivo-da-apple-recebe-bolada-de-quase-r-4-bilhoes-em-acoes.ghtml\">o presidente da Apple recebeu US$ 355 milh\u00f5es<\/a> (R$ 1,8 bilh\u00e3o) com a venda de a\u00e7\u00f5es da empresa. <\/p>\n<p>A fortuna de Tim Cook \u00e9 avaliada em US$ 1,9 bilh\u00e3o (R$ 9,8 bilh\u00f5es), segundo a Forbes.<\/p>\n<p> Apesar de chefiar a Apple h\u00e1 12 anos, o executivo tem patrim\u00f4nio bem inferior ao de executivos como Elon Musk, Jeff Bezos e Mark Zuckerberg, acima dos US$ 100 bilh\u00f5es (R$ 515 bilh\u00f5es) cada um. <\/p>\n<p> As a\u00e7\u00f5es da Apple t\u00eam queda de 13% desde julho, quando alcan\u00e7aram o valor recorde. De acordo com a ag\u00eancia Reuters, a queda \u00e9 explicada pela preocupa\u00e7\u00e3o de investidores com uma retomada lenta na demanda por novos celulares. <\/p>\n<p> A Apple lan\u00e7ou em setembro o iPhone 15, que, nos Estados Unidos, passou a ter pre\u00e7os de entrada mais altos em rela\u00e7\u00e3o \u00e0 gera\u00e7\u00e3o anterior. No Brasil, o novo celular pode custar at\u00e9 R$ 13.999 na vers\u00e3o mais potente. <\/p>\n<p> <strong>LEIA TAMB\u00c9M:<\/strong> <\/p>\n<ul>\n<li><a class href=\"https:\/\/g1.globo.com\/tecnologia\/noticia\/2023\/09\/13\/iphone-14-tem-ate-r-2800-de-desconto-veja-quanto-sai-cada-versao.ghtml\">iPhone 14 tem at\u00e9 R$ 2.800 de desconto; veja quanto sai cada vers\u00e3o<\/a><\/li>\n<li><a class href=\"https:\/\/g1.globo.com\/tecnologia\/noticia\/2023\/09\/28\/quem-sao-e-que-tipo-de-conteudo-fazem-os-maiores-influenciadores-do-mundo-em-2023.ghtml\">Desafios, reacts e dancinhas: como os maiores influenciadores ficaram famosos<\/a><\/li>\n<li><a class href=\"https:\/\/g1.globo.com\/tecnologia\/noticia\/2023\/10\/03\/entenda-riscos-para-a-sua-internet-caso-fortaleza-crie-usina-perto-de-cabos-submarinos.ghtml\">Entenda riscos para a internet se Fortaleza criar usina perto de cabos submarinos<\/a><\/li>\n<\/ul>\n<p>                   <img loading=\"lazy\" decoding=\"async\" class=\"aligncenter size-full wp-image-53830\" src=\"https:\/\/blog.corretoraideal.com.br\/wp-content\/uploads\/2023\/10\/apple-anuncia-o-lancamento-do-iphone-15-e-outras-novidades-1.jpeg\" alt=\"Apple anuncia o lan\u00e7amento do iPhone 15 e outras novidades\" width=\"800\" height=\"400\" \/>      <\/p>\n<p> Apple anuncia o lan\u00e7amento do iPhone 15 e outras novidades <\/p>\n<ul>\n<li> <a href=\"https:\/\/g1.globo.com\/tudo-sobre\/apple\/\" class=\"entities__list-itemLink\" data-track-click=\"Apple\"> Apple <\/a> <\/li>\n<li> <a href=\"https:\/\/g1.globo.com\/tudo-sobre\/tim-cook\/\" class=\"entities__list-itemLink\" data-track-click=\"Tim Cook\"> Tim Cook <\/a> <\/li>\n<\/ul>\n","protected":false},"excerpt":{"rendered":"<p>1 de 1&#013;Tim Cook, presidente-executivo da Apple, durante lan\u00e7amento do iPhone 15 \u2014 Foto: Reuters\/Loren Elliott Tim Cook, presidente-executivo da Apple, durante lan\u00e7amento do iPhone 15 \u2014 Foto: Reuters\/Loren Elliott O presidente-executivo da Apple, Tim Cook, ganhou US$ 41,5 milh\u00f5es (cerca de R$ 210 milh\u00f5es) com a venda de parte de suas a\u00e7\u00f5es da empresa. [&hellip;]<\/p>\n","protected":false},"author":1,"featured_media":0,"comment_status":"closed","ping_status":"closed","sticky":false,"template":"","format":"standard","meta":{"footnotes":""},"categories":[],"tags":[],"class_list":["post-53828","post","type-post","status-publish","format-standard","hentry"],"_links":{"self":[{"href":"https:\/\/blog.corretoraideal.com.br\/index.php\/wp-json\/wp\/v2\/posts\/53828","targetHints":{"allow":["GET"]}}],"collection":[{"href":"https:\/\/blog.corretoraideal.com.br\/index.php\/wp-json\/wp\/v2\/posts"}],"about":[{"href":"https:\/\/blog.corretoraideal.com.br\/index.php\/wp-json\/wp\/v2\/types\/post"}],"author":[{"embeddable":true,"href":"https:\/\/blog.corretoraideal.com.br\/index.php\/wp-json\/wp\/v2\/users\/1"}],"replies":[{"embeddable":true,"href":"https:\/\/blog.corretoraideal.com.br\/index.php\/wp-json\/wp\/v2\/comments?post=53828"}],"version-history":[{"count":1,"href":"https:\/\/blog.corretoraideal.com.br\/index.php\/wp-json\/wp\/v2\/posts\/53828\/revisions"}],"predecessor-version":[{"id":53831,"href":"https:\/\/blog.corretoraideal.com.br\/index.php\/wp-json\/wp\/v2\/posts\/53828\/revisions\/53831"}],"wp:attachment":[{"href":"https:\/\/blog.corretoraideal.com.br\/index.php\/wp-json\/wp\/v2\/media?parent=53828"}],"wp:term":[{"taxonomy":"category","embeddable":true,"href":"https:\/\/blog.corretoraideal.com.br\/index.php\/wp-json\/wp\/v2\/categories?post=53828"},{"taxonomy":"post_tag","embeddable":true,"href":"https:\/\/blog.corretoraideal.com.br\/index.php\/wp-json\/wp\/v2\/tags?post=53828"}],"curies":[{"name":"wp","href":"https:\/\/api.w.org\/{rel}","templated":true}]}}