{"id":53901,"date":"2023-10-06T16:37:12","date_gmt":"2023-10-06T16:37:12","guid":{"rendered":"https:\/\/blog.corretoraideal.com.br\/?p=53901"},"modified":"2023-10-06T16:37:12","modified_gmt":"2023-10-06T16:37:12","slug":"policia-avanca-em-investigacao-do-atropelamento-que-matou-crianca-de-11-anos-na-br-101-em-campos-norte-fluminense-g1","status":"publish","type":"post","link":"https:\/\/blog.corretoraideal.com.br\/index.php\/2023\/10\/06\/policia-avanca-em-investigacao-do-atropelamento-que-matou-crianca-de-11-anos-na-br-101-em-campos-norte-fluminense-g1\/","title":{"rendered":"Pol\u00edcia avan\u00e7a em investiga\u00e7\u00e3o do atropelamento que matou crian\u00e7a de 11 anos na BR-101, em Campos | Norte Fluminense | G1"},"content":{"rendered":"<p>      1 de 2&#013;Alunos da Escola Estadual Dom Otaviano de Albuquerque acompanharam o enterro do amigo, Yorran do Nascimento Boa Morte, em Campos \u2014 Foto: Rhyann Souza\/g1    <\/p>\n<p> Alunos da Escola Estadual Dom Otaviano de Albuquerque acompanharam o enterro do amigo, Yorran do Nascimento Boa Morte, em Campos \u2014 Foto: Rhyann Souza\/g1 <\/p>\n<p> De acordo com a Delegada Nat\u00e1lia Patr\u00e3o, titular da 134\u00aa Delegacia de Pol\u00edcia, as investiga\u00e7\u00f5es do atropelamento que matou Yorran Nascimento Boa Morte, de 11 anos, est\u00e3o avan\u00e7adas. <a class href=\"https:\/\/g1.globo.com\/rj\/norte-fluminense\/noticia\/2023\/10\/03\/menino-de-11-anos-que-morreu-atropelado-por-onibus-e-enterrado-em-campos.ghtml\">O caso ocorreu quando o menino ia para a escola na manh\u00e3 desta segunda-feira (2)<\/a>. <\/p>\n<p> Yorran foi atingido pelo \u00f4nibus que faz a linha municipal Centro x Urura\u00ed. Ele foi atropelado na altura do Km 73, pr\u00f3ximo ao bairro da Tapera, na BR-101. <\/p>\n<p><h2>Din\u00e2mica do acidente<\/h2>\n<\/p>\n<p>         2 de 2&#013;Menino de 11 anos foi atropelado por um \u00f4nibus na altura do bairro Tapera, na BR-101, em Campos \u2014 Foto: Phelipe Carlos\/g1    <\/p>\n<p> Menino de 11 anos foi atropelado por um \u00f4nibus na altura do bairro Tapera, na BR-101, em Campos \u2014 Foto: Phelipe Carlos\/g1 <\/p>\n<p> A delegada informou que dois \u00f4nibus fazendo a mesma linha estavam passando pelo local, um parado no acostamento pegando passageiros e outro se aproximando, mas, segundo a delegada, o que estava em movimento n\u00e3o parou, pois j\u00e1 havia um \u00f4nibus atendendo a popula\u00e7\u00e3o. <\/p>\n<p> As investiga\u00e7\u00f5es apontaram que esse pode ter sido o momento em que a crian\u00e7a atravessou a rodovia e acabou sendo tingida pelo \u00f4nibus em movimento. <\/p>\n<p> A pol\u00edcia j\u00e1 ouviu testemunhas, no entanto, segue investigando o caso na delegacia do Centro de Campos. <\/p>\n<ul>\n<li> <a href=\"https:\/\/g1.globo.com\/rj\/norte-fluminense\/cidade\/campos-dos-goytacazes\/\" class=\"entities__list-itemLink\" data-track-click=\"Campos dos Goytacazes\"> Campos dos Goytacazes <\/a> <\/li>\n<\/ul>\n","protected":false},"excerpt":{"rendered":"<p>1 de 2&#013;Alunos da Escola Estadual Dom Otaviano de Albuquerque acompanharam o enterro do amigo, Yorran do Nascimento Boa Morte, em Campos \u2014 Foto: Rhyann Souza\/g1 Alunos da Escola Estadual Dom Otaviano de Albuquerque acompanharam o enterro do amigo, Yorran do Nascimento Boa Morte, em Campos \u2014 Foto: Rhyann Souza\/g1 De acordo com a Delegada [&hellip;]<\/p>\n","protected":false},"author":1,"featured_media":0,"comment_status":"closed","ping_status":"closed","sticky":false,"template":"","format":"standard","meta":{"footnotes":""},"categories":[],"tags":[],"class_list":["post-53901","post","type-post","status-publish","format-standard","hentry"],"_links":{"self":[{"href":"https:\/\/blog.corretoraideal.com.br\/index.php\/wp-json\/wp\/v2\/posts\/53901","targetHints":{"allow":["GET"]}}],"collection":[{"href":"https:\/\/blog.corretoraideal.com.br\/index.php\/wp-json\/wp\/v2\/posts"}],"about":[{"href":"https:\/\/blog.corretoraideal.com.br\/index.php\/wp-json\/wp\/v2\/types\/post"}],"author":[{"embeddable":true,"href":"https:\/\/blog.corretoraideal.com.br\/index.php\/wp-json\/wp\/v2\/users\/1"}],"replies":[{"embeddable":true,"href":"https:\/\/blog.corretoraideal.com.br\/index.php\/wp-json\/wp\/v2\/comments?post=53901"}],"version-history":[{"count":1,"href":"https:\/\/blog.corretoraideal.com.br\/index.php\/wp-json\/wp\/v2\/posts\/53901\/revisions"}],"predecessor-version":[{"id":53903,"href":"https:\/\/blog.corretoraideal.com.br\/index.php\/wp-json\/wp\/v2\/posts\/53901\/revisions\/53903"}],"wp:attachment":[{"href":"https:\/\/blog.corretoraideal.com.br\/index.php\/wp-json\/wp\/v2\/media?parent=53901"}],"wp:term":[{"taxonomy":"category","embeddable":true,"href":"https:\/\/blog.corretoraideal.com.br\/index.php\/wp-json\/wp\/v2\/categories?post=53901"},{"taxonomy":"post_tag","embeddable":true,"href":"https:\/\/blog.corretoraideal.com.br\/index.php\/wp-json\/wp\/v2\/tags?post=53901"}],"curies":[{"name":"wp","href":"https:\/\/api.w.org\/{rel}","templated":true}]}}