{"id":53914,"date":"2023-10-07T20:14:16","date_gmt":"2023-10-07T20:14:16","guid":{"rendered":"https:\/\/blog.corretoraideal.com.br\/?p=53914"},"modified":"2023-10-07T20:14:16","modified_gmt":"2023-10-07T20:14:16","slug":"mais-quatro-pessoas-sao-presas-na-operacao-assepsia-vi-no-noroeste-do-rio-norte-fluminense-g1","status":"publish","type":"post","link":"https:\/\/blog.corretoraideal.com.br\/index.php\/2023\/10\/07\/mais-quatro-pessoas-sao-presas-na-operacao-assepsia-vi-no-noroeste-do-rio-norte-fluminense-g1\/","title":{"rendered":"Mais quatro pessoas s\u00e3o presas na Opera\u00e7\u00e3o Assepsia VI no Noroeste do Rio | Norte Fluminense | G1"},"content":{"rendered":"\n<p> Mais quatro suspeitos de tr\u00e1fico de drogas e associa\u00e7\u00e3o foram presos nesta semana durante a Opera\u00e7\u00e3o Assepsia VI, no Noroeste do Rio. Tr\u00eas mandados de pris\u00e3o tempor\u00e1ria foram cumpridos na quinta-feira (5). A outra pris\u00e3o ocorreu no domingo (2). <\/p>\n<p> A a\u00e7\u00e3o \u00e9 realizada pelo Minist\u00e9rio P\u00fablico do Estado do Rio de Janeiro, por meio do Grupo de Atua\u00e7\u00e3o Especializada no Combate ao Crime Organizado (Gaeco) em conjunto a Coordenadoria de Seguran\u00e7a e Intelig\u00eancia (CSI-MPRJ). <\/p>\n<p> Policiais civis da 135\u00aa DP de Itaocara coordenados pelo delegado titular Dr. Mario C\u00e9sar Monnerat Vianna foram informados que dois procurados da Opera\u00e7\u00e3o estavam retornando de Rio das Ostras, na Regi\u00e3o dos Lagos do Rio, para Itaocara, e um cerco foi montado na rodovia. <\/p>\n<p> Segundo a Pol\u00edcia, a dupla surpreendida estava em um carro e essa foi em mais uma a\u00e7\u00e3o das pol\u00edcias Civil e Militar. Eles n\u00e3o ofereceram resist\u00eancia. <\/p>\n<p> Ainda na quinta-feira (5), os policiais civis disseram que foram informados que um dos procurados estava perto do hospital municipal de Itaocara. Ele foi preso e tamb\u00e9m n\u00e3o ofereceu resist\u00eancia, segundo a Pol\u00edcia. <\/p>\n<p><h2>Pris\u00e3o no in\u00edcio da semana <\/h2>\n<\/p>\n<p> No domingo (2), policiais do 36\u00ba BPM (P\u00e1dua), durante abordagem a um homem de 28 anos, apreenderam uma pequena quantidade de droga, um celular e R$ 20. Em consulta ao sistema nacional de busca de mandados, foi constado que o rapaz era procurado pela opera\u00e7\u00e3o Assepsia VI. <\/p>\n<p> Os quatro suspeitos foram levados para o pres\u00eddio em Campos dos Goytacazes, no Norte Fluminense, para passarem por audi\u00eancia de cust\u00f3dia, que \u00e9 o momento em que o juiz verifica a legalidade da pris\u00e3o. Eles ficar\u00e3o \u00e0 disposi\u00e7\u00e3o da Justi\u00e7a em unidades prisionais. <\/p>\n<p><h2>Opera\u00e7\u00e3o Assepsia VI<\/h2>\n<\/p>\n<p> A Opera\u00e7\u00e3o Assepsia VI conta com o apoio da Pol\u00edcia Civil, por meio da 135\u00aa Delegacia de Pol\u00edcia de Itaocara e outras unidades, al\u00e9m dos 36\u00ba BPM (Santo Ant\u00f4nio de P\u00e1dua) e 11\u00ba BPM (Nova Friburgo), e ainda, com o Batalh\u00e3o de A\u00e7\u00e3o com C\u00e3es (BAC). <\/p>\n<p> Den\u00fancias an\u00f4nimas sobre crimes ou localiza\u00e7\u00e3o de procurados pela Pol\u00edcia em Itaocara podem ser passadas ao WhatsApp da 135\u00aa DP de Itaocara pelo (21) 98322-0633. O anonimato \u00e9 garantido. <\/p>\n<p> J\u00e1 s\u00e3o 28 presos na a\u00e7\u00e3o. A Inter TV fez contato com o advogado de 14 presos e n\u00e3o conseguiu falar com as outras defesas t\u00e9cnicas. Em nota, Dr. Michel Machado informou que: <\/p>\n<p> &quot;Vale lembrar que todas as pris\u00f5es decretadas s\u00e3o tempor\u00e1rias, portanto tem um prazo de 30 dias e podem ser renovadas caso haja necessidade de se postergar as investiga\u00e7\u00f5es&quot;. <\/p>\n<p> O advogado acrescentou que &quot;Ainda esta semana o magistrado da Comarca de Itaocara, expediu alvar\u00e1 de soltura para uma investigada que j\u00e1 se encontra em pris\u00e3o domiciliar por estar gr\u00e1vida. A investigada foi presa com 9 meses de gesta\u00e7\u00e3o e vai aguardar o desfecho do processo em casa. O ju\u00edzo ainda esta analisando os pedidos de pris\u00e3o domiciliar das defesas das mulheres com filhos menores de 12 anos&quot;. <\/p>\n<p> Ainda segundo Dr. Michel Machado, o MP, nesta semana, requereu a revoga\u00e7\u00e3o da pris\u00e3o tempor\u00e1ria de um dos suspeitos &quot;reconhecendo n\u00e3o ser ele um sujeito identificado nas intercepta\u00e7\u00f5es. O suspeito tamb\u00e9m teve seu alvar\u00e1 de soltura expedido pelo juiz do caso, Dr. Rodrigo Rocha de Jesus&quot;. <\/p>\n<p> Em nota, o advogado disse tamb\u00e9m que &quot;N\u00e3o h\u00e1 elementos para manuten\u00e7\u00e3o da segrega\u00e7\u00e3o cautelar de grande parte dos envolvidos, principalmente as mulheres presas, s\u00e3o prim\u00e1rias e possuem endere\u00e7o certo, n\u00e3o tendo prova nos autos de que a liberdades destas ir\u00e1 atrapalhar a instru\u00e7\u00e3o criminal&quot;. <\/p>\n<p> O advogado ressaltou ainda que &quot;em meio a opera\u00e7\u00e3o que contou com centenas de agentes, mobilizando diversos promotores de justi\u00e7a, n\u00e3o houve grande apreens\u00e3o de drogas&quot;. <\/p>\n<p> \u201cSe durante as buscas n\u00e3o foi encontrado drogas ou material il\u00edcito nas resid\u00eancias, n\u00e3o h\u00e1 porque manter a pris\u00e3o destes investigados\u201d, ressaltou Michel, que disse que vai recorrer ao Tribunal caso as pris\u00f5es n\u00e3o sejam revogadas. <\/p>\n<ul> <\/ul>\n","protected":false},"excerpt":{"rendered":"<p>Mais quatro suspeitos de tr\u00e1fico de drogas e associa\u00e7\u00e3o foram presos nesta semana durante a Opera\u00e7\u00e3o Assepsia VI, no Noroeste do Rio. Tr\u00eas mandados de pris\u00e3o tempor\u00e1ria foram cumpridos na quinta-feira (5). A outra pris\u00e3o ocorreu no domingo (2). A a\u00e7\u00e3o \u00e9 realizada pelo Minist\u00e9rio P\u00fablico do Estado do Rio de Janeiro, por meio do [&hellip;]<\/p>\n","protected":false},"author":1,"featured_media":0,"comment_status":"closed","ping_status":"closed","sticky":false,"template":"","format":"standard","meta":{"footnotes":""},"categories":[],"tags":[],"class_list":["post-53914","post","type-post","status-publish","format-standard","hentry"],"_links":{"self":[{"href":"https:\/\/blog.corretoraideal.com.br\/index.php\/wp-json\/wp\/v2\/posts\/53914","targetHints":{"allow":["GET"]}}],"collection":[{"href":"https:\/\/blog.corretoraideal.com.br\/index.php\/wp-json\/wp\/v2\/posts"}],"about":[{"href":"https:\/\/blog.corretoraideal.com.br\/index.php\/wp-json\/wp\/v2\/types\/post"}],"author":[{"embeddable":true,"href":"https:\/\/blog.corretoraideal.com.br\/index.php\/wp-json\/wp\/v2\/users\/1"}],"replies":[{"embeddable":true,"href":"https:\/\/blog.corretoraideal.com.br\/index.php\/wp-json\/wp\/v2\/comments?post=53914"}],"version-history":[{"count":1,"href":"https:\/\/blog.corretoraideal.com.br\/index.php\/wp-json\/wp\/v2\/posts\/53914\/revisions"}],"predecessor-version":[{"id":53916,"href":"https:\/\/blog.corretoraideal.com.br\/index.php\/wp-json\/wp\/v2\/posts\/53914\/revisions\/53916"}],"wp:attachment":[{"href":"https:\/\/blog.corretoraideal.com.br\/index.php\/wp-json\/wp\/v2\/media?parent=53914"}],"wp:term":[{"taxonomy":"category","embeddable":true,"href":"https:\/\/blog.corretoraideal.com.br\/index.php\/wp-json\/wp\/v2\/categories?post=53914"},{"taxonomy":"post_tag","embeddable":true,"href":"https:\/\/blog.corretoraideal.com.br\/index.php\/wp-json\/wp\/v2\/tags?post=53914"}],"curies":[{"name":"wp","href":"https:\/\/api.w.org\/{rel}","templated":true}]}}