{"id":53932,"date":"2023-10-07T21:34:08","date_gmt":"2023-10-07T21:34:08","guid":{"rendered":"https:\/\/blog.corretoraideal.com.br\/?p=53932"},"modified":"2023-10-07T21:34:08","modified_gmt":"2023-10-07T21:34:08","slug":"brasil-registra-2-foco-de-gripe-aviaria-em-mamiferos-marinhos-agronegocios-g1","status":"publish","type":"post","link":"https:\/\/blog.corretoraideal.com.br\/index.php\/2023\/10\/07\/brasil-registra-2-foco-de-gripe-aviaria-em-mamiferos-marinhos-agronegocios-g1\/","title":{"rendered":"Brasil registra 2\u00b0 foco de gripe avi\u00e1ria em mam\u00edferos marinhos | Agroneg\u00f3cios | G1"},"content":{"rendered":"\n<p> O Brasil identificou o segundo foco de gripe avi\u00e1ria em mam\u00edferos marinhos. O caso foi registrado na praia do Hermenegildo, no munic\u00edpio de <a class href=\"https:\/\/g1.globo.com\/rs\/rio-grande-do-sul\/cidade\/santa-vitoria-do-palmar\/\">Santa Vit\u00f3ria do Palmar<\/a>, litoral sul ga\u00facho, e afetou as esp\u00e9cies le\u00e3o-marinho-da-patag\u00f4nia e lobo-marinho-sul-americano, segundo dados dispon\u00edveis neste s\u00e1bado (7) no sistema de informa\u00e7\u00f5es do <a class href=\"https:\/\/g1.globo.com\/tudo-sobre\/ministerio-da-agricultura\/\">Minist\u00e9rio da Agricultura<\/a> e Pecu\u00e1ria. <\/p>\n<ul>\n<li><strong>Gripe avi\u00e1ria:<\/strong> <a class href=\"https:\/\/g1.globo.com\/economia\/agronegocios\/noticia\/2023\/05\/30\/gripe-aviaria-como-humanos-pegam-quantas-pessoas-ja-foram-infectadas-tire-duvidas.ghtml\">Como humanos pegam? Tire d\u00favidas<\/a><\/li>\n<\/ul>\n<p> Segundo a Secretaria da Agricultura, Pecu\u00e1ria, Produ\u00e7\u00e3o Sustent\u00e1vel e Irriga\u00e7\u00e3o (Seapi) no <a class href=\"https:\/\/g1.globo.com\/rs\/rio-grande-do-sul\/cidade\/rio-grande\/\">Rio Grande<\/a> do Sul, o diagn\u00f3stico positivo nos animais foi recebido na noite de sexta-feira (6). <\/p>\n<p> A notifica\u00e7\u00e3o do aparecimento dos animais foi registrada na quarta-feira (4) e o atendimento foi feito pelos fiscais agropecu\u00e1rios, em parceria com os especialistas do Centro de Recupera\u00e7\u00e3o de Animais Marinhos (Cram) de Rio Grande. <\/p>\n<p> As amostras foram processadas pelo Laborat\u00f3rio Federal de Defesa Agropecu\u00e1ria em Campinas (LFDA-SP), refer\u00eancia na Am\u00e9rica do Sul para o diagn\u00f3stico do v\u00edrus, que confirmou tratar-se do H5N1, v\u00edrus da influenza avi\u00e1ria de alta patogenicidade j\u00e1 detectado em diversas esp\u00e9cies de aves silvestres no pa\u00eds. <\/p>\n<p> O primeiro registro da doen\u00e7a envolvendo mam\u00edferos marinhos no pa\u00eds tamb\u00e9m ocorreu na quarta. <a class href=\"https:\/\/g1.globo.com\/economia\/agronegocios\/noticia\/2023\/10\/04\/governo-confirma-caso-de-gripe-aviaria-em-leoes-marinhos-no-rs.ghtml\">O foco em le\u00e3o-marinho-do-sul <\/a>foi na praia do Cassino, em Rio Grande (RS). Casos em animais da esp\u00e9cie tamb\u00e9m j\u00e1 foram reportados no Peru, Chile, Argentina e Uruguai. <\/p>\n<p>         1 de 1&#013;Mapa confirma caso de influenza avi\u00e1ria em le\u00f5es-marinhos no RS \u2014 Foto: Divulga\u00e7\u00e3o &#8211; Minist\u00e9rio da Agricultura e Pecu\u00e1ria    <\/p>\n<p> Mapa confirma caso de influenza avi\u00e1ria em le\u00f5es-marinhos no RS \u2014 Foto: Divulga\u00e7\u00e3o &#8211; Minist\u00e9rio da Agricultura e Pecu\u00e1ria <\/p>\n<p> Essas notifica\u00e7\u00f5es n\u00e3o alteram a condi\u00e7\u00e3o sanit\u00e1ria do estado e do pa\u00eds de livre da gripe avi\u00e1ria perante a Organiza\u00e7\u00e3o Mundial de Sa\u00fade Animal (OMSA), por n\u00e3o haver registro da doen\u00e7a na produ\u00e7\u00e3o comercial. <\/p>\n<p> Apesar das infec\u00e7\u00f5es humanas com v\u00edrus da influenza avi\u00e1ria serem raras, o Minist\u00e9rio solicita \u00e0 popula\u00e7\u00e3o que evite se aproximar do local onde os focos foram registrados e que n\u00e3o toque em animais doentes ou mortos para prevenir o cont\u00e1gio e a dissemina\u00e7\u00e3o da doen\u00e7a. <\/p>\n<p><h2>Casos no Brasil<\/h2>\n<\/p>\n<p> At\u00e9 o momento, o<strong> Brasil totaliza 120 focos de gripe avi\u00e1ria<\/strong>, sendo apenas<strong> tr\u00eas em aves de subsist\u00eancia<\/strong>, ou seja, voltadas para alimenta\u00e7\u00e3o dom\u00e9stica. <\/p>\n<p> Por enquanto, o pa\u00eds <strong>n\u00e3o confirmou casos da doen\u00e7a em granjas voltadas para o com\u00e9rcio<\/strong> em larga escala. Por isso, o Governo afirma que <strong>n\u00e3o h\u00e1 risco para o consumo de carnes e ovos<\/strong>. Al\u00e9m disso, <strong>nunca houve transmiss\u00e3o para humanos no Brasil.<\/strong> <\/p>\n<p><h2>O que \u00e9 e onde surgiu a H5N1?<\/h2>\n<\/p>\n<p> O H5N1 \u00e9 um subtipo do v\u00edrus Influenza que atinge, predominantemente, as aves. <\/p>\n<p> Os v\u00edrus Influenza s\u00e3o divididos entre os de Baixa Patogenicidade (LPAI, leve) e os de<strong> Alta Patogenicidade (HPAI, grave).<\/strong> <\/p>\n<p>O H5N1 faz parte do segundo grupo: isso significa que ele \u00e9 disseminado rapidamente entre as aves e tem um alto \u00edndice de mortalidade entre os animais.<\/p>\n<p> A Influenza Avi\u00e1ria foi diagnosticada pela primeira vez em aves em 1878, na It\u00e1lia. Mas o H5N1 s\u00f3 foi isolado por cientistas mais de 100 anos depois, em 1996, em gansos na prov\u00edncia de Guangdong, no sul da China. <\/p>\n<p> No ano seguinte, ocorreu o primeiro registro da doen\u00e7a em humanos, em Hong Kong, segundo um documento da Empresa Brasileira de Pesquisa Agropecu\u00e1ria (Embrapa). <\/p>\n<p>                       <img loading=\"lazy\" decoding=\"async\" class=\"aligncenter size-full wp-image-53934\" src=\"https:\/\/blog.corretoraideal.com.br\/wp-content\/uploads\/2023\/10\/criadores-de-aves-redobram-os-cuidados-para-prevenir-gripe-aviaria.jpeg\" alt=\"Criadores de aves redobram os cuidados para prevenir gripe avi\u00e1ria\" width=\"800\" height=\"400\" \/>      <\/p>\n<p> Criadores de aves redobram os cuidados para prevenir gripe avi\u00e1ria <\/p>\n<ul>\n<li> <a href=\"https:\/\/g1.globo.com\/tudo-sobre\/ministerio-da-agricultura\/\" class=\"entities__list-itemLink\" data-track-click=\"Minist\u00e9rio da Agricultura\"> Minist\u00e9rio da Agricultura <\/a> <\/li>\n<li> <a href=\"https:\/\/g1.globo.com\/tudo-sobre\/organizacao-mundial-de-saude\/\" class=\"entities__list-itemLink\" data-track-click=\"Organiza\u00e7\u00e3o Mundial de Sa\u00fade (OMS)\"> Organiza\u00e7\u00e3o Mundial de Sa\u00fade (OMS) <\/a> <\/li>\n<li> <a href=\"https:\/\/g1.globo.com\/rs\/rio-grande-do-sul\/cidade\/rio-grande\/\" class=\"entities__list-itemLink\" data-track-click=\"Rio Grande\"> Rio Grande <\/a> <\/li>\n<li> <a href=\"https:\/\/g1.globo.com\/topico\/rio-grande-do-sul\" class=\"entities__list-itemLink\" data-track-click=\"Rio Grande do Sul\"> Rio Grande do Sul <\/a> <\/li>\n<li> <a href=\"https:\/\/g1.globo.com\/rs\/rio-grande-do-sul\/cidade\/santa-vitoria-do-palmar\/\" class=\"entities__list-itemLink\" data-track-click=\"Santa Vit\u00f3ria do Palmar\"> Santa Vit\u00f3ria do Palmar <\/a> <\/li>\n<\/ul>\n","protected":false},"excerpt":{"rendered":"<p>O Brasil identificou o segundo foco de gripe avi\u00e1ria em mam\u00edferos marinhos. O caso foi registrado na praia do Hermenegildo, no munic\u00edpio de Santa Vit\u00f3ria do Palmar, litoral sul ga\u00facho, e afetou as esp\u00e9cies le\u00e3o-marinho-da-patag\u00f4nia e lobo-marinho-sul-americano, segundo dados dispon\u00edveis neste s\u00e1bado (7) no sistema de informa\u00e7\u00f5es do Minist\u00e9rio da Agricultura e Pecu\u00e1ria. Gripe avi\u00e1ria: [&hellip;]<\/p>\n","protected":false},"author":1,"featured_media":0,"comment_status":"closed","ping_status":"closed","sticky":false,"template":"","format":"standard","meta":{"footnotes":""},"categories":[],"tags":[],"class_list":["post-53932","post","type-post","status-publish","format-standard","hentry"],"_links":{"self":[{"href":"https:\/\/blog.corretoraideal.com.br\/index.php\/wp-json\/wp\/v2\/posts\/53932","targetHints":{"allow":["GET"]}}],"collection":[{"href":"https:\/\/blog.corretoraideal.com.br\/index.php\/wp-json\/wp\/v2\/posts"}],"about":[{"href":"https:\/\/blog.corretoraideal.com.br\/index.php\/wp-json\/wp\/v2\/types\/post"}],"author":[{"embeddable":true,"href":"https:\/\/blog.corretoraideal.com.br\/index.php\/wp-json\/wp\/v2\/users\/1"}],"replies":[{"embeddable":true,"href":"https:\/\/blog.corretoraideal.com.br\/index.php\/wp-json\/wp\/v2\/comments?post=53932"}],"version-history":[{"count":1,"href":"https:\/\/blog.corretoraideal.com.br\/index.php\/wp-json\/wp\/v2\/posts\/53932\/revisions"}],"predecessor-version":[{"id":53935,"href":"https:\/\/blog.corretoraideal.com.br\/index.php\/wp-json\/wp\/v2\/posts\/53932\/revisions\/53935"}],"wp:attachment":[{"href":"https:\/\/blog.corretoraideal.com.br\/index.php\/wp-json\/wp\/v2\/media?parent=53932"}],"wp:term":[{"taxonomy":"category","embeddable":true,"href":"https:\/\/blog.corretoraideal.com.br\/index.php\/wp-json\/wp\/v2\/categories?post=53932"},{"taxonomy":"post_tag","embeddable":true,"href":"https:\/\/blog.corretoraideal.com.br\/index.php\/wp-json\/wp\/v2\/tags?post=53932"}],"curies":[{"name":"wp","href":"https:\/\/api.w.org\/{rel}","templated":true}]}}