{"id":53936,"date":"2023-10-07T22:31:09","date_gmt":"2023-10-07T22:31:09","guid":{"rendered":"https:\/\/blog.corretoraideal.com.br\/?p=53936"},"modified":"2023-10-07T22:31:09","modified_gmt":"2023-10-07T22:31:09","slug":"rodrigo-santoro-diz-ter-relacionamento-dificil-com-redes-sociais-e-cita-aliados-para-enfrentar-tecnologia-terapia-e-meditacao-rio-innovation-week-g1","status":"publish","type":"post","link":"https:\/\/blog.corretoraideal.com.br\/index.php\/2023\/10\/07\/rodrigo-santoro-diz-ter-relacionamento-dificil-com-redes-sociais-e-cita-aliados-para-enfrentar-tecnologia-terapia-e-meditacao-rio-innovation-week-g1\/","title":{"rendered":"Rodrigo Santoro diz ter relacionamento dif\u00edcil com redes sociais e cita aliados para enfrentar tecnologia: terapia e medita\u00e7\u00e3o | Rio Innovation Week | G1"},"content":{"rendered":"<p>      1 de 5&#013;Rodrigo Santoro na Rios Innovation Week \u2014 Foto: Alexandre Brum\/Divulga\u00e7\u00e3o    <\/p>\n<p> Rodrigo Santoro na Rios Innovation Week \u2014 Foto: Alexandre Brum\/Divulga\u00e7\u00e3o <\/p>\n<p> O ator <strong>Rodrigo Santoro <\/strong>afirmou nesta quinta-feira (5) que <strong>tem um relacionamento dif\u00edcil com as redes sociais<\/strong>. Ele participou de uma palestra na <a class href=\"https:\/\/g1.globo.com\/rj\/rio-de-janeiro\/rio-innovation-week\/noticia\/2023\/10\/01\/rio-innovation-week-comeca-nesta-terca-com-cerca-de-1500-palestrantes-veja-algumas-das-confirmacoes-mais-recentes.ghtml\">Rio Innovation Week<\/a>, confer\u00eancia sobre tecnologia e inova\u00e7\u00e3o na Zona Portu\u00e1ria do Rio, ao lado do apresentador do Flow Podcast,<strong> Igor 3K<\/strong>. <\/p>\n<p> \u201cCada vez mais aprendendo a lidar com a tecnologia. O Instagram \u00e9 um \u00f3timo exemplo. Quando surgiu, foi dif\u00edcil. Eu demorei bastante para participar. Quando eu vi que j\u00e1 era onipresente, eu falei que ia encontrar uma forma de me inserir na rede social. Sem me ferir e ter que fazer o que a rede est\u00e1 me pedindo (\u2026) Eu ainda estou engatinhando, faz algum tempo. Estou encontrando uma forma. \u00c0s vezes, at\u00e9 me divirto\u201d, contou ator, que n\u00e3o diz se importar com n\u00famero de likes e engajamento de suas publica\u00e7\u00f5es. <\/p>\n<p> Santoro falou ainda dos desafios de se viver em um mundo tecnol\u00f3gico e com fluxo de informa\u00e7\u00f5es intenso. Ele revelou que usa a terapia e a medita\u00e7\u00e3o para se \u201cdesconectar\u201d. <\/p>\n<p>\u201cA gente consegue atrav\u00e9s da medita\u00e7\u00e3o, da respira\u00e7\u00e3o e outras um milh\u00e3o de coisas parar. J\u00e1 tentou parar e fazer nada? \u00c9 dif\u00edcil demais. Nada \u00e9 nada. Nem pensar. Apenas sentir o peso do seu corpo. Vou ficar 10 segundos sem fazer nada\u201d, afirmou Rodrigo, <strong>interrompendo a palestra e encarando a plateia em sil\u00eancio por pouco mais de 10 segundos<\/strong>.<\/p>\n<p> <strong>LEIA TAMB\u00c9M: <\/strong> <\/p>\n<ul>\n<li><a class href=\"https:\/\/g1.globo.com\/rj\/rio-de-janeiro\/rio-innovation-week\/noticia\/2023\/10\/05\/huck-convida-ex-traficante-hoje-professor-para-subir-ao-palco-do-rio-innovation-week-me-amarro-nele.ghtml\">Huck convida ex-traficante, hoje professor, para subir ao palco do Rio Innovation Week: \u2018Me amarro nele\u2019<\/a><\/li>\n<\/ul>\n<p>         2 de 5&#013;Igor 3K e Rodrigo Santoro \u2014 Foto: Alexandre Brum\/Divulga\u00e7\u00e3o    <\/p>\n<p> Igor 3K e Rodrigo Santoro \u2014 Foto: Alexandre Brum\/Divulga\u00e7\u00e3o <\/p>\n<p> \u201cCom a correria, \u00e9 importante a gente se reorganizar para n\u00e3o rodar junto [com a rotina]. Se voc\u00ea n\u00e3o estiver no centro, voc\u00ea vai rodar junto. Se rodou junto, fica mais dif\u00edcil de enxergar claramente e tomar decis\u00f5es eficientes\u201d, disse ao retomar a palavra. <\/p>\n<p> Rodrigo Santoro chegou ao evento acompanhado de sua esposa, Mel Fronckowiak. Ele atendeu f\u00e3s no fim de sua participa\u00e7\u00e3o e deixou o audit\u00f3rio. <\/p>\n<p>         3 de 5&#013;Rodrigo Santoro e Igor 3K \u2014 Foto: Matheus Rodrigues\/g1    <\/p>\n<p> Rodrigo Santoro e Igor 3K \u2014 Foto: Matheus Rodrigues\/g1 <\/p>\n<p><h2>Globo discute o uso da IA Generativa <\/h2>\n<\/p>\n<p>         4 de 5&#013;Globo discute o uso da IA Generativa \u2014 Foto: Reprodu\u00e7\u00e3o    <\/p>\n<p> Globo discute o uso da IA Generativa \u2014 Foto: Reprodu\u00e7\u00e3o <\/p>\n<p> A Globo protagonizou nesta quinta o painel \u201c<strong>Rumo ao Futuro: Como a Globo Usa IA Generativa e outras Inova\u00e7\u00f5es para Transformar a Ind\u00fastria de M\u00eddia<\/strong>\u201d. <\/p>\n<p> Foram discutidos temas como a inova\u00e7\u00e3o em conte\u00fado, o uso de IA em produtos e servi\u00e7os e o futuro do consumo audiovisual. O debate trouxe ainda a perspectiva do impacto da tecnologia no conte\u00fado, na personaliza\u00e7\u00e3o de experi\u00eancias e na publicidade para TV. <\/p>\n<p> Estiveram no palco algumas das principais lideran\u00e7as da empresa na \u00e1rea de tecnologia e inova\u00e7\u00e3o e as apresentadoras Gabriela Prioli e Leilane Neubarth, que fizeram a media\u00e7\u00e3o da conversa. <\/p>\n<p> Com foco no uso da IA na produ\u00e7\u00e3o de conte\u00fado, Manoela Zozimo, coordenadora de Dramaturgia Globo, mostrou como a tecnologia pode ser aplicada para agilizar processos e auxiliar os times de desenvolvimento criativo. <\/p>\n<p> Foram apresentados diversos casos de uso da Intelig\u00eancia Artificial pela \u00e1rea de p\u00f3s-produ\u00e7\u00e3o da Globo, como coloriza\u00e7\u00e3o autom\u00e1tica, redimensionamento de v\u00eddeos em Full HD para 8K, tratamento de som, inser\u00e7\u00e3o de product placement, entre outras a\u00e7\u00f5es que j\u00e1 s\u00e3o feitas com base em IA. <\/p>\n<p> Um dos destaques demonstrados no painel foi o tratamento e recupera\u00e7\u00e3o de imagens antigas com uso de IA para a campanha da Copa de 2022, levando ao p\u00fablico a mem\u00f3ria de momentos hist\u00f3ricos da competi\u00e7\u00e3o com alta qualidade. <\/p>\n<p> \u201cA utiliza\u00e7\u00e3o de Intelig\u00eancia Artificial nos nossos conte\u00fados come\u00e7ou h\u00e1 tr\u00eas anos como uma experimenta\u00e7\u00e3o, mais voltada para a an\u00e1lise de novas ferramentas e um olhar para efici\u00eancia. Hoje, com o nosso conhecimento adquirido somado ao talento dos nossos profissionais, usar IA no nosso processo criativo \u00e9 a cereja do bolo\u201d, disse Manoela Zozimo. <\/p>\n<p> Outro assunto de destaque foi a utiliza\u00e7\u00e3o da tecnologia associada aos dados, o que permite n\u00e3o s\u00f3 aprofundar o conhecimento do consumidor, mas principalmente pensar em novas abordagens e formas de relacionamento, oferecendo ao usu\u00e1rio final e ao mercado publicit\u00e1rio novas oportunidades. <\/p>\n<p> \u201cTemos 80 milh\u00f5es de pessoas assistindo nossos conte\u00fados todos os dias, 100 mil conte\u00fados diariamente, isso gera cerca de 12 milh\u00f5es de eventos, que s\u00e3o transformados em dados, gerando mais de 2 petabytes armazenados nas nossas bases. Imagina processar esse volume de dados, construir a jornada completa do consumidor com todo esse conhecimento, e disponibilizar para todas as \u00e1reas da empresa para que elas possam tomar as decis\u00f5es de forma segura? Isso \u00e9 poss\u00edvel com a ajuda IA\u201d, explicou Andressa Maddalena, Head de Estrat\u00e9gia Corporativa, Estrat\u00e9gia e Governan\u00e7a de dados na Globo. <\/p>\n<p> Utilizada em todo o ecossistema Globo, passando pela TV aberta e canais pagos, Globoplay e por todo o portf\u00f3lio digital, incluindo <a class href=\"https:\/\/g1.globo.com\/\">g1<\/a>, ge e gshow, a IA tamb\u00e9m \u00e9 aplicada para ganhar escala, cruzar dados de consumo e contexto, otimizando inclusive processos internos. <\/p>\n<p> \u201cA IA nos ajuda a classificar cada conte\u00fado produzido, fazendo um detalhamento do que se trata cada not\u00edcia, v\u00eddeo e imagem. Quando um consumidor procura informa\u00e7\u00f5es sobre o esporte favorito dele, conseguimos deduzir o que ele gosta de consumir. Al\u00e9m disso, usamos a IA para resumir mat\u00e9rias e otimizar a entrega de chamadas nas homes dos nossos portais\u201d, exemplificou Andressa. <\/p>\n<p> Outro exemplo de oferta de IA para o mercado publicit\u00e1rio na Globo \u00e9 o ORA (Oportunidade Real de Agrupamento), um produto que utiliza recursos de reconhecimento de texto e imagem para mapear as oportunidades na TV aberta, nos 20 canais por assinatura e nas plataformas digitais propriet\u00e1rias da Globo. <\/p>\n<p> Com um alto poder de processamento de dados, o ORA analisa em minutos os conte\u00fados da Globo em conjunto com os filmes publicit\u00e1rios dos anunciantes, antecipando os principais temas que ser\u00e3o abordados nos programas de seus canais lineares e identificando oportunidades reais de contextualiza\u00e7\u00e3o para campanhas. <\/p>\n<p> Os rumos do mercado de m\u00eddia e o futuro da televis\u00e3o tamb\u00e9m estiveram em pauta, com a participa\u00e7\u00e3o de Ana Eliza, gerente s\u00eanior do Regulat\u00f3rio na \u00c1rea de Estrat\u00e9gia e Tecnologia da Globo, e Carolina Duca, Head do time de Telecom da Globo. Interligada com a evolu\u00e7\u00e3o do modelo de neg\u00f3cios e com as ofertas cada vez mais inovadoras para o mercado publicit\u00e1rio, a conversa teve como foco a TV 3.0 e sua rela\u00e7\u00e3o com Intelig\u00eancia Artificial e disponibilidade de dados. <\/p>\n<p> \u201cO que est\u00e1 sendo proposto na ind\u00fastria \u00e9 algo diferente, \u00e9 a evolu\u00e7\u00e3o na forma como as pessoas veem televis\u00e3o, como elas se relacionam com a TV e como podemos gerar novos neg\u00f3cios a partir disso\u201d, comentou Carolina. <\/p>\n<p> De acordo com Ana Eliza, a IA ter\u00e1 um papel fundamental neste processo de gera\u00e7\u00e3o de novos neg\u00f3cios, permitindo, por exemplo, que um usu\u00e1rio compre produtos direto da TV, \u00e0 medida que ser\u00e1 impactado por aquilo que \u00e9 de seu interesse. <\/p>\n<p> \u201cA TV 3.0 \u00e9 a nossa pr\u00f3xima fronteira para tornar todo o nosso ecossistema de m\u00eddia integrado e personalizado. A IA vai permitir que ela seja personalizada na escala de milh\u00f5es, mantendo a qualidade e a seguran\u00e7a que s\u00e3o o DNA da Globo\u201d, disse. <\/p>\n<p> Encerrando a apresenta\u00e7\u00e3o, Raymundo Barros, diretor de Tecnologia e Estrat\u00e9gia da Globo, falou sobre o papel da Intelig\u00eancia Artificial para o desenvolvimento do mercado de m\u00eddia. <\/p>\n<p> \u201cPara uma empresa de m\u00eddia como a Globo, IA \u00e9 o in\u00edcio de uma disrup\u00e7\u00e3o de nossa cadeia de valor que passa por ganhos na otimiza\u00e7\u00e3o nos processos, onde a tecnologia vem avan\u00e7ando com tamanha velocidade nos possibilitando tra\u00e7ar variadas rotas dentro de nossos produtos. A IA estar\u00e1 no nosso processo criativo, mas orquestrada, \u00e9 claro, pelas pessoas, nossos talentos, que se utilizar\u00e3o dela para apoiar todo o processo\u201d, destacou. <\/p>\n<p>         5 de 5&#013;Raymundo Barros, diretor de Tecnologia e Estrat\u00e9gia da Globo \u2014 Foto: Reprodu\u00e7\u00e3o    <\/p>\n<p> Raymundo Barros, diretor de Tecnologia e Estrat\u00e9gia da Globo \u2014 Foto: Reprodu\u00e7\u00e3o <\/p>\n<ul> <\/ul>\n","protected":false},"excerpt":{"rendered":"<p>1 de 5&#013;Rodrigo Santoro na Rios Innovation Week \u2014 Foto: Alexandre Brum\/Divulga\u00e7\u00e3o Rodrigo Santoro na Rios Innovation Week \u2014 Foto: Alexandre Brum\/Divulga\u00e7\u00e3o O ator Rodrigo Santoro afirmou nesta quinta-feira (5) que tem um relacionamento dif\u00edcil com as redes sociais. Ele participou de uma palestra na Rio Innovation Week, confer\u00eancia sobre tecnologia e inova\u00e7\u00e3o na Zona [&hellip;]<\/p>\n","protected":false},"author":1,"featured_media":0,"comment_status":"closed","ping_status":"closed","sticky":false,"template":"","format":"standard","meta":{"footnotes":""},"categories":[],"tags":[],"class_list":["post-53936","post","type-post","status-publish","format-standard","hentry"],"_links":{"self":[{"href":"https:\/\/blog.corretoraideal.com.br\/index.php\/wp-json\/wp\/v2\/posts\/53936","targetHints":{"allow":["GET"]}}],"collection":[{"href":"https:\/\/blog.corretoraideal.com.br\/index.php\/wp-json\/wp\/v2\/posts"}],"about":[{"href":"https:\/\/blog.corretoraideal.com.br\/index.php\/wp-json\/wp\/v2\/types\/post"}],"author":[{"embeddable":true,"href":"https:\/\/blog.corretoraideal.com.br\/index.php\/wp-json\/wp\/v2\/users\/1"}],"replies":[{"embeddable":true,"href":"https:\/\/blog.corretoraideal.com.br\/index.php\/wp-json\/wp\/v2\/comments?post=53936"}],"version-history":[{"count":1,"href":"https:\/\/blog.corretoraideal.com.br\/index.php\/wp-json\/wp\/v2\/posts\/53936\/revisions"}],"predecessor-version":[{"id":53938,"href":"https:\/\/blog.corretoraideal.com.br\/index.php\/wp-json\/wp\/v2\/posts\/53936\/revisions\/53938"}],"wp:attachment":[{"href":"https:\/\/blog.corretoraideal.com.br\/index.php\/wp-json\/wp\/v2\/media?parent=53936"}],"wp:term":[{"taxonomy":"category","embeddable":true,"href":"https:\/\/blog.corretoraideal.com.br\/index.php\/wp-json\/wp\/v2\/categories?post=53936"},{"taxonomy":"post_tag","embeddable":true,"href":"https:\/\/blog.corretoraideal.com.br\/index.php\/wp-json\/wp\/v2\/tags?post=53936"}],"curies":[{"name":"wp","href":"https:\/\/api.w.org\/{rel}","templated":true}]}}